{"id":18999,"date":"2012-12-29T19:40:02","date_gmt":"2012-12-29T18:40:02","guid":{"rendered":"https:\/\/www.freiburg-schwarzwald.de\/blog\/?p=18999"},"modified":"2012-12-29T19:40:02","modified_gmt":"2012-12-29T18:40:02","slug":"zaunammer-am-schonberg","status":"publish","type":"post","link":"https:\/\/www.freiburg-schwarzwald.de\/blog\/zaunammer-am-schonberg\/","title":{"rendered":"Zaunammer am Sch\u00f6nberg"},"content":{"rendered":"<p>Vor wenigen Tagen wurde am Sch\u00f6nberg eine neue <a title=\"Vogel\" href=\"https:\/\/www.freiburg-schwarzwald.de\/blog\/natur\/tiere\/vogel\/\">Vogelschutzhecke<\/a> samt Info-Tafel fertiggestellt. <a title=\"Engagement\" href=\"https:\/\/www.freiburg-schwarzwald.de\/blog\/engagement\/\">Initiator<\/a> des privat finanzierten Projekts ist der Lehrer Martin Finsterwalder aus dem Stadtteil Vauban, weitere Helfer und Sponsoren haben ihn unterst\u00fctzt. Die jungen Geh\u00f6lze sollen k\u00fcnftig V\u00f6geln Nahrung und Unterschlupf bieten \u2013 vor allem der gesch\u00fctzten Zaunammer. Aber auch andere Tiere wie Eidechsen und Insekten profitieren von der Hecke.<!--more--><\/p>\n<p>&#8222;Schon l\u00e4nger waren wir auf der Suche nach einem Garten f\u00fcr unsere Familie&#8220;, erkl\u00e4rt Martin Finsterwalder. 2011 war es dann soweit: Damals pachtete er ein 480 Quadratmeter gro\u00dfes Grundst\u00fcck, das hinter der Seniorenwohnanlage Augustinum am Buckweg liegt. Da die Parzelle an eine Hecke angrenzt, die 2008 von der Stadt als F\u00f6rderma\u00dfnahme f\u00fcr die Zaunammer angepflanzt wurde, entstand der Wunsch, diesem besonderen Vogel ebenfalls etwas Gutes zu tun: &#8222;Schlie\u00dflich haben wir ihm zu Verdanken, dass nicht der ganze Sch\u00f6nberg bebaut ist&#8220;, meint der Lehrer. So kam es zur Idee, die bereits vorhandene Schutzhecke um einen rund 40 Meter langen Geh\u00f6lzstreifen auf dem gepachteten Gartengrundst\u00fcck zu verl\u00e4ngern. Das Vorhaben fand auch die Zustimmung des Umweltschutzamtes: &#8222;Einheimische Str\u00e4ucher, die Beeren tragen, stellen f\u00fcr die Vogelwelt eine willkommene Nahrung dar&#8220;, erkl\u00e4rt Stadtsprecher Toni Klein. Verschiedene Details \u2013 etwa die Auswahl der Sorten \u2013 wurden vorab mit der Stadt abgestimmt. Durch die Hilfe mehrerer F\u00f6rderer aus dem Bekanntenkreis des Initiators konnte das Projekt in die Tat umgesetzt werden: Familie Finsterwalder steuerte 330 Euro bei, weitere Geld- und Sachmittel f\u00fcr das Pflanzenmaterial kamen von einer Baumschule aus Ettenheim und einer Schreinerei bei Karlsruhe. Die Planung der Anlage, das Pflanzen der Jungstr\u00e4ucher und die Gestaltung der Hinweistafel kosteten nichts: Die Landschaftsg\u00e4rtner Benjamin Daferner (Opfingen) und Christian J\u00f6rg (Rieselfeld) stellten ihre Arbeitszeit zur Verf\u00fcgung, ebenso ein befreundeter Grafiker und weitere Helfer.<br \/>\nDas Ergebnis kann sich sehen lassen: Eine gro\u00dfe Hecke, die aus rund 120 Einzelstr\u00e4uchern besteht und nun noch wachsen muss. Beim Aufstellen der dazugeh\u00f6rigen Schautafel am vergangenen Samstag lobte auch Udo Hegar vom Verein f\u00fcr den Erhalt der Sch\u00f6nbergwiesen und Naturschutzbund (Nabu) die nicht allt\u00e4gliche Ma\u00dfnahme: &#8222;Das ist schon eine tolle Sache&#8220;, betonte er. Mit Blick auf die seltene Zaunammer wurden au\u00dfer Schlehen, Vogelbeeren und anderen Sorten auch Eiben gepflanzt: Sie wachsen n\u00e4mlich sehr dicht und bieten dem Vogel daher gute Nistm\u00f6glichkeiten. \u00dcber die besondere Vogelart gibt\u2019s in Freiburg seit l\u00e4ngerem einen Streit: Zwar hat das Land Baden-W\u00fcrttemberg der Europ\u00e4ischen Union (EU) im Jahr 2008 ein 69 Hektar gro\u00dfes Vogelschutzgebiet am n\u00f6rdlichen Sch\u00f6nberg gemeldet. Allerdings waren zuvor zwei insgesamt 0,7 Hektar gro\u00dfe und als Wohnbaufl\u00e4chen vorgesehene Parzellen, die als m\u00f6gliche Lebensr\u00e4ume des Vogels galten, auf Bitten der Stadt Freiburg aus dem Erstentwurf genommen worden. Dagegen hat der Nabu bei der zust\u00e4ndigen Br\u00fcsseler EU-Beh\u00f6rde Beschwerde eingelegt. &#8222;Wie die Sache ausgeht, ist noch offen&#8220;, erl\u00e4utert Felix Bergmann vom Nabu-Bezirksverband S\u00fcdbaden auf BZ-Anfrage.<br \/>\n29.12.2012, Andreas Braun<\/p>\n<p><!-- RSPEAK_STOP -->\u00a0<a href=\"https:\/\/www.freiburg-schwarzwald.de\/blog\/zaunammer-am-schonberg\/zaunammer-schoenberg\/\" rel=\"attachment wp-att-19000\"><img loading=\"lazy\" decoding=\"async\" class=\"alignnone size-thumbnail wp-image-19000\" title=\"zaunammer-schoenberg\" src=\"https:\/\/www.freiburg-schwarzwald.de\/blog\/wp-content\/uploads\/2012\/12\/zaunammer-schoenberg-146x180.jpg\" alt=\"\" width=\"146\" height=\"180\" srcset=\"https:\/\/www.freiburg-schwarzwald.de\/blog\/wp-content\/uploads\/2012\/12\/zaunammer-schoenberg-146x180.jpg 146w, https:\/\/www.freiburg-schwarzwald.de\/blog\/wp-content\/uploads\/2012\/12\/zaunammer-schoenberg.jpg 361w\" sizes=\"auto, (max-width: 146px) 100vw, 146px\" \/><\/a><\/p>\n<div><!-- RSPEAK_START --><!-- RSPEAK_STOP --><!-- RSPEAK_START --><em><strong>Die Zaunammer<br \/>\n<\/strong>Die gesch\u00fctzte Zaunammer kommt vor allem im Mittelmeerraum vor. In Baden-W\u00fcrttemberg, wo sich der sperlingsgro\u00dfe Singvogel am n\u00f6rdlichen Rand seines nat\u00fcrlichen Verbreitungsgebiets befindet, ist sie selten. Als w\u00e4rmeliebende Art, die kleinr\u00e4umig strukturierte Landschaften mit freien Fl\u00e4chen, B\u00fcschen und B\u00e4umen ben\u00f6tigt, profitiert die Zaunammer vom Klimawandel: 2006 waren in S\u00fcdbaden lediglich rund 30 Brutpaare bekannt, inzwischen sind es um die 70. Vorkommen gibt es entlang der Vorbergzone zwischen Weil am Rhein und Freiburg, au\u00dferdem am Hochrhein und im <a title=\"Kaiserstuhl\" href=\"https:\/\/www.freiburg-schwarzwald.de\/blog\/regio\/kaiserstuhl\/\">Kaiserstuhl<\/a>. Am Sch\u00f6nberg existieren etwa 10 bis 15 Reviere. Die dort lebenden Exemplare verbringen den Winter in w\u00e4rmeren Regionen, etwa im Burgund. Zaunammern br\u00fcten in dichten Hecken. Sie ern\u00e4hren sich von tierischer und pflanzlicher Kost. Vielerorts sind ihre Best\u00e4nde bedroht, insbesondere durch Lebensraumverlust infolge ver\u00e4nderter Landschaftsnutzung und Bebauung.\u00a0<\/em><!-- RSPEAK_STOP -->\u00a0<\/div>\n","protected":false},"excerpt":{"rendered":"<p>Vor wenigen Tagen wurde am Sch\u00f6nberg eine neue Vogelschutzhecke samt Info-Tafel fertiggestellt. Initiator des privat finanzierten Projekts ist der Lehrer Martin Finsterwalder aus dem Stadtteil Vauban, weitere Helfer und Sponsoren haben ihn unterst\u00fctzt. Die jungen Geh\u00f6lze sollen k\u00fcnftig V\u00f6geln Nahrung &hellip; <a href=\"https:\/\/www.freiburg-schwarzwald.de\/blog\/zaunammer-am-schonberg\/\">Weiterlesen <span class=\"meta-nav\">&rarr;<\/span><\/a><\/p>\n","protected":false},"author":4,"featured_media":0,"comment_status":"open","ping_status":"closed","sticky":false,"template":"","format":"standard","meta":{"footnotes":""},"categories":[36,220],"tags":[466],"class_list":["post-18999","post","type-post","status-publish","format-standard","hentry","category-engagement","category-vogel","tag-tierschutz"],"_links":{"self":[{"href":"https:\/\/www.freiburg-schwarzwald.de\/blog\/wp-json\/wp\/v2\/posts\/18999","targetHints":{"allow":["GET"]}}],"collection":[{"href":"https:\/\/www.freiburg-schwarzwald.de\/blog\/wp-json\/wp\/v2\/posts"}],"about":[{"href":"https:\/\/www.freiburg-schwarzwald.de\/blog\/wp-json\/wp\/v2\/types\/post"}],"author":[{"embeddable":true,"href":"https:\/\/www.freiburg-schwarzwald.de\/blog\/wp-json\/wp\/v2\/users\/4"}],"replies":[{"embeddable":true,"href":"https:\/\/www.freiburg-schwarzwald.de\/blog\/wp-json\/wp\/v2\/comments?post=18999"}],"version-history":[{"count":0,"href":"https:\/\/www.freiburg-schwarzwald.de\/blog\/wp-json\/wp\/v2\/posts\/18999\/revisions"}],"wp:attachment":[{"href":"https:\/\/www.freiburg-schwarzwald.de\/blog\/wp-json\/wp\/v2\/media?parent=18999"}],"wp:term":[{"taxonomy":"category","embeddable":true,"href":"https:\/\/www.freiburg-schwarzwald.de\/blog\/wp-json\/wp\/v2\/categories?post=18999"},{"taxonomy":"post_tag","embeddable":true,"href":"https:\/\/www.freiburg-schwarzwald.de\/blog\/wp-json\/wp\/v2\/tags?post=18999"}],"curies":[{"name":"wp","href":"https:\/\/api.w.org\/{rel}","templated":true}]}}