{"id":18903,"date":"2012-12-25T11:49:37","date_gmt":"2012-12-25T10:49:37","guid":{"rendered":"https:\/\/www.freiburg-schwarzwald.de\/blog\/?p=18903"},"modified":"2012-12-28T11:58:18","modified_gmt":"2012-12-28T10:58:18","slug":"kleinkindgottesdienste-umkirch","status":"publish","type":"post","link":"https:\/\/www.freiburg-schwarzwald.de\/blog\/kleinkindgottesdienste-umkirch\/","title":{"rendered":"Kleinkindgottesdienste Umkirch"},"content":{"rendered":"<p>Hans Baulig ist Gemeindereferent der <a title=\"Katholisch\" href=\"https:\/\/www.freiburg-schwarzwald.de\/blog\/religion\/katholisch\/\">katholischen<\/a> Seelsorgeeinheit Gottenheim. F\u00fcr ihn gibt es keine <a title=\"Weihnachten\" href=\"https:\/\/www.freiburg-schwarzwald.de\/blog\/religion\/kirchen\/weihnachten\/\">Weihnachtszeit<\/a> ohne die vier Kleinkindgottesdienste. Seit 12 Jahren gestaltet er sie f\u00fcr die kleinsten Gemeindemitglieder und begleitet sie durch den Advent. Das Angebot richtet sich an Kindergartenkinder und Grundsch\u00fcler. Meist kommen rund zehn Kinder mit ihren <a title=\"Tagesmutter\" href=\"https:\/\/www.freiburg-schwarzwald.de\/blog\/selbsthilfe\/familie\/tagesmutter\/\">M\u00fcttern<\/a> und V\u00e4tern. In diesem Jahr finden die Kleinkindgottesdienste im Umkircher katholischen Gemeindezentrum statt, <!--more-->weil in Umkirch auch die Vorabendmesse ist. Diese wechseln alle drei Monate innerhalb der Gemeinden der Seelsorgeeinheit: B\u00f6tzingen, Eichstetten, Gottenheim und Umkirch. Der Kleinkindgottesdienst findet parallel zur Vorabendmesse statt. In diesem Jahr hat der Gemeindereferent und Religionsp\u00e4dagoge Unterst\u00fctzung: Sarah Lavinia macht zurzeit ein Praktikum und hilft Hans Baulig bei den Vorbereitungen, beim Aufr\u00e4umen und beim Gottesdienst selbst. Die Mitte des Stuhlkreises ist nicht leer. Hier ist ein Stall aufgebaut und einige Figuren stehen auch schon dort. Ein anderer Teil der Mitte ist mit bunten T\u00fcchern abgedeckt. &#8222;Wir gestalten kindgerecht den Stationenweg der Weihnachtsgeschichte. Unter den T\u00fcchern k\u00f6nnen die Kinder im Laufe des Gottesdienstes die n\u00e4chste Station entdecken&#8220;, erkl\u00e4rt Baulig. Dann hocken sie auf dem Teppich und tasten und raten, was sich unter dem Tuch wohl verbergen mag.<\/p>\n<p><a href=\"https:\/\/www.freiburg-schwarzwald.de\/blog\/kleinkindgottesdienste-umkirch\/baulig-hans1212\/\" rel=\"attachment wp-att-18905\"><img loading=\"lazy\" decoding=\"async\" class=\"alignnone size-full wp-image-18905\" title=\"baulig-hans1212\" src=\"https:\/\/www.freiburg-schwarzwald.de\/blog\/wp-content\/uploads\/2012\/12\/baulig-hans1212.jpg\" alt=\"\" width=\"291\" height=\"443\" srcset=\"https:\/\/www.freiburg-schwarzwald.de\/blog\/wp-content\/uploads\/2012\/12\/baulig-hans1212.jpg 291w, https:\/\/www.freiburg-schwarzwald.de\/blog\/wp-content\/uploads\/2012\/12\/baulig-hans1212-118x180.jpg 118w\" sizes=\"auto, (max-width: 291px) 100vw, 291px\" \/><\/a><\/p>\n<p>Hans Baulig begleitet den Gottesdienst auf der Gitarre, denn es wird viel gesungen. Niemand muss dabei still sitzen. Bisher haben sie die Verk\u00fcndigung Mari\u00e4 im wahrsten Sinne des Wortes &#8222;durchgespielt&#8220;, und ebenso, wie sich Maria und Josef auf den Weg nach Bethlehem machten. &#8222;Es ist eine sch\u00f6ne Art, in die Weihnachtszeit reinzukommen&#8220;, findet Hans Baulig, der in der Seelsorgeeinheit Familienarbeit und in der Region Breisgau-Hochschwarzwald Gespr\u00e4chstraining f\u00fcr Paare anbietet. Es gibt einen bestimmten Ablauf bei den Kleinkindgottesdiensten, denn Kinder lieben Rituale. Sie beginnen mit dem Er\u00f6ffnungslied, das die Kinder mit entsprechenden Bewegungen begleiten. Wenn sie erraten und aufgedeckt haben, was sich unter dem Tuch verbirgt, entwickelt Baulig die dazu geh\u00f6rige Geschichte entweder sprachlich oder theatralisch gemeinsam mit den Kindern. Dann gibt es Lieder und ein Gebet oder einen Segensspruch und das Schlusslied, das wie das Er\u00f6ffnungslied immer gleich bleibt. Zum Segen gehen alle in die Kirche. \u00dcbrigens gibt es auch in der Fastenzeit Kindergottesdienste.<br \/>\n25.12.2012, Kati Wortelkamp<!-- RSPEAK_STOP --><\/p>\n","protected":false},"excerpt":{"rendered":"<p>Hans Baulig ist Gemeindereferent der katholischen Seelsorgeeinheit Gottenheim. F\u00fcr ihn gibt es keine Weihnachtszeit ohne die vier Kleinkindgottesdienste. Seit 12 Jahren gestaltet er sie f\u00fcr die kleinsten Gemeindemitglieder und begleitet sie durch den Advent. Das Angebot richtet sich an Kindergartenkinder &hellip; <a href=\"https:\/\/www.freiburg-schwarzwald.de\/blog\/kleinkindgottesdienste-umkirch\/\">Weiterlesen <span class=\"meta-nav\">&rarr;<\/span><\/a><\/p>\n","protected":false},"author":4,"featured_media":0,"comment_status":"open","ping_status":"closed","sticky":false,"template":"","format":"standard","meta":{"footnotes":""},"categories":[261,61],"tags":[488],"class_list":["post-18903","post","type-post","status-publish","format-standard","hentry","category-katholisch","category-kinder","tag-child"],"_links":{"self":[{"href":"https:\/\/www.freiburg-schwarzwald.de\/blog\/wp-json\/wp\/v2\/posts\/18903","targetHints":{"allow":["GET"]}}],"collection":[{"href":"https:\/\/www.freiburg-schwarzwald.de\/blog\/wp-json\/wp\/v2\/posts"}],"about":[{"href":"https:\/\/www.freiburg-schwarzwald.de\/blog\/wp-json\/wp\/v2\/types\/post"}],"author":[{"embeddable":true,"href":"https:\/\/www.freiburg-schwarzwald.de\/blog\/wp-json\/wp\/v2\/users\/4"}],"replies":[{"embeddable":true,"href":"https:\/\/www.freiburg-schwarzwald.de\/blog\/wp-json\/wp\/v2\/comments?post=18903"}],"version-history":[{"count":0,"href":"https:\/\/www.freiburg-schwarzwald.de\/blog\/wp-json\/wp\/v2\/posts\/18903\/revisions"}],"wp:attachment":[{"href":"https:\/\/www.freiburg-schwarzwald.de\/blog\/wp-json\/wp\/v2\/media?parent=18903"}],"wp:term":[{"taxonomy":"category","embeddable":true,"href":"https:\/\/www.freiburg-schwarzwald.de\/blog\/wp-json\/wp\/v2\/categories?post=18903"},{"taxonomy":"post_tag","embeddable":true,"href":"https:\/\/www.freiburg-schwarzwald.de\/blog\/wp-json\/wp\/v2\/tags?post=18903"}],"curies":[{"name":"wp","href":"https:\/\/api.w.org\/{rel}","templated":true}]}}