{"id":18764,"date":"2012-12-27T15:40:04","date_gmt":"2012-12-27T14:40:04","guid":{"rendered":"https:\/\/www.freiburg-schwarzwald.de\/blog\/?p=18764"},"modified":"2013-01-14T12:51:41","modified_gmt":"2013-01-14T11:51:41","slug":"toleranz-mit-obdachlosen","status":"publish","type":"post","link":"https:\/\/www.freiburg-schwarzwald.de\/blog\/toleranz-mit-obdachlosen\/","title":{"rendered":"Toleranz mit Obdachlosen"},"content":{"rendered":"<p><!-- RSPEAK_STOP -->Obdachlose am KG II der Uni: \u00dcber das allt\u00e4gliche Leben und Zusammenleben mit <a title=\"Obdachlos\" href=\"https:\/\/www.freiburg-schwarzwald.de\/blog\/selbsthilfe\/soziales\/obdachlos\/\">Obdachlosen<\/a> liest man kaum weiterf\u00fchrende Vorschl\u00e4ge. Umso erfreulicher ist es, dass Carolin Buchheim\u00a0im Gespr\u00e4ch mit dem juristischen Dekan daf\u00fcr Wegweisendes gesagt hat: &#8222;M\u00fcssen die <a title=\"Universitaet\" href=\"https:\/\/www.freiburg-schwarzwald.de\/blog\/bildung\/hochschulen\/universitaet\/\">Studierenden<\/a> vielleicht noch toleranter werden, wenn sie im Studienalltag mit anderen Lebenskonzepten konfrontiert werden&#8220;, fragte sie am Ende des Interviews. Aufrufe zu mehr Toleranz sind eigentlich immer richtig, so auch im vorliegenden Fall. Einen Sch\u00f6nheitsfehler <!--more-->hat der in Frageform vorgebrachte Vorschlag: Er verengt die notwendige Toleranz auf die Studierenden; warum aber nur sie? Warum sollen nur sie mit anderen Lebenskonzepten konfrontiert werden? Die Antwort ist einfach: In Freiburg gibt es einen unausgesprochenen Konsens aller gesellschaftlichen und politischen Kr\u00e4fte, dass die Obdachlosen zur Universit\u00e4t geh\u00f6ren. Und noch wichtiger ist: Solange sie dort sind, sind sie es nicht an anderen Stelle; an diesem &#8222;Standortvorteil&#8220; der Universit\u00e4t darf nicht ger\u00fcttelt werden. Da wird schon ein geh\u00f6riges St\u00fcck Heuchelei und praktiziertes St. Florians- Prinzip deutlich. Deshalb eine Anregung: Wie w\u00e4re es mit einem Rotationsprinzip etwa der Art: Die Obdachlosen halten sich ein Jahr lang vor dem Neuen Rathaus, ein Jahr vor einem gro\u00dfen Einzelhandelsgesch\u00e4ft und ein Jahr vor dem BZ- Kartenservice auf und dann wieder an der Universit\u00e4t und anderswo. Dann k\u00f6nnen wir \u2013 informierter \u2013 \u00fcber Toleranz reden. Toleranz ist notwendig, sie muss praktiziert werden, aber von allen.<br \/>\n27.12.2012, Rainer Wahl, Freiburg<\/p>\n<p>&#8222;Das ist kein zutr\u00e4glicher Zustand&#8220; \u00fcber den Standort von Obdachlosen vor dem KG II der Uni (BZ vom 13.12.2012).<br \/>\n<a href=\"https:\/\/www.badische-zeitung.de\/freiburg\/streit-um-obdachlose-uni-dekan-bruns-nimmt-stadt-in-die-pflicht--66983141.html\">https:\/\/www.badische-zeitung.de\/freiburg\/streit-um-obdachlose-uni-dekan-bruns-nimmt-stadt-in-die-pflicht&#8211;66983141.html<\/a><\/p>\n<p><strong>Wo bleibt die W\u00fcrde der Reinigungskr\u00e4fte?<br \/>\n<\/strong>Zum Interview mit Alexander Bruns, Dekan der juristischen Fakult\u00e4t, \u00fcber den Streit um die Wiese vor dem Kollegiengeb\u00e4ude II (&#8222;Das ist kein zutr\u00e4glicher Zustand&#8220; vom 13. Dezember). Studierende f\u00fchlten sich von wohnungslosen Menschen gest\u00f6rt:<br \/>\nEin solches Interview seitens des Fragestellers ist unertr\u00e4glich: Es begann schon mit der Unterstellung, die Universit\u00e4t strebe die &#8222;Vertreibung&#8220; der vor dem KG II lagernden Wohnungslosen an. Und nachdem Professor Bruns sachlich die Bel\u00e4stigung durch die Verschmutzungen und den Gestank infolge des \u00f6ffentlichen Urinierens und Kotens sowie der P\u00f6beleien geschildert hat, gipfelt die letzte Frage des Interviewers darin, diesen menschenunw\u00fcrdigen Zustand als &#8222;anderes Lebenskonzept&#8220; zu bezeichnen. Welches Menschenbild zeigt das denn? Und wo bleibt die W\u00fcrde der Reinigungskr\u00e4fte, die innerhalb dieses Lebenskonzeptes wieder f\u00fcr menschw\u00fcrdige Ordnung und Sauberkeit sorgen m\u00fcssen?<br \/>\n14.1.2013, Elke Kesper, Staufen <!-- RSPEAK_STOP --><\/p>\n","protected":false},"excerpt":{"rendered":"<p>Obdachlose am KG II der Uni: \u00dcber das allt\u00e4gliche Leben und Zusammenleben mit Obdachlosen liest man kaum weiterf\u00fchrende Vorschl\u00e4ge. Umso erfreulicher ist es, dass Carolin Buchheim\u00a0im Gespr\u00e4ch mit dem juristischen Dekan daf\u00fcr Wegweisendes gesagt hat: &#8222;M\u00fcssen die Studierenden vielleicht noch &hellip; <a href=\"https:\/\/www.freiburg-schwarzwald.de\/blog\/toleranz-mit-obdachlosen\/\">Weiterlesen <span class=\"meta-nav\">&rarr;<\/span><\/a><\/p>\n","protected":false},"author":4,"featured_media":0,"comment_status":"open","ping_status":"closed","sticky":false,"template":"","format":"standard","meta":{"footnotes":""},"categories":[157,9,91],"tags":[409,251,278],"class_list":["post-18764","post","type-post","status-publish","format-standard","hentry","category-oeffentlicher-raum","category-soziales","category-wohnen","tag-armut","tag-obdachlos","tag-wohnungslos"],"_links":{"self":[{"href":"https:\/\/www.freiburg-schwarzwald.de\/blog\/wp-json\/wp\/v2\/posts\/18764","targetHints":{"allow":["GET"]}}],"collection":[{"href":"https:\/\/www.freiburg-schwarzwald.de\/blog\/wp-json\/wp\/v2\/posts"}],"about":[{"href":"https:\/\/www.freiburg-schwarzwald.de\/blog\/wp-json\/wp\/v2\/types\/post"}],"author":[{"embeddable":true,"href":"https:\/\/www.freiburg-schwarzwald.de\/blog\/wp-json\/wp\/v2\/users\/4"}],"replies":[{"embeddable":true,"href":"https:\/\/www.freiburg-schwarzwald.de\/blog\/wp-json\/wp\/v2\/comments?post=18764"}],"version-history":[{"count":0,"href":"https:\/\/www.freiburg-schwarzwald.de\/blog\/wp-json\/wp\/v2\/posts\/18764\/revisions"}],"wp:attachment":[{"href":"https:\/\/www.freiburg-schwarzwald.de\/blog\/wp-json\/wp\/v2\/media?parent=18764"}],"wp:term":[{"taxonomy":"category","embeddable":true,"href":"https:\/\/www.freiburg-schwarzwald.de\/blog\/wp-json\/wp\/v2\/categories?post=18764"},{"taxonomy":"post_tag","embeddable":true,"href":"https:\/\/www.freiburg-schwarzwald.de\/blog\/wp-json\/wp\/v2\/tags?post=18764"}],"curies":[{"name":"wp","href":"https:\/\/api.w.org\/{rel}","templated":true}]}}