{"id":18441,"date":"2012-12-21T14:54:24","date_gmt":"2012-12-21T13:54:24","guid":{"rendered":"https:\/\/www.freiburg-schwarzwald.de\/blog\/?p=18441"},"modified":"2012-12-21T14:54:25","modified_gmt":"2012-12-21T13:54:25","slug":"buergerstiftung-kirchzarten-neu","status":"publish","type":"post","link":"https:\/\/www.freiburg-schwarzwald.de\/blog\/buergerstiftung-kirchzarten-neu\/","title":{"rendered":"Buergerstiftung Kirchzarten neu"},"content":{"rendered":"<p>Mit einem feierlichen Festakt hat die Gemeinde <a title=\"Kirchzarten\" href=\"https:\/\/www.freiburg-schwarzwald.de\/blog\/regio\/orte\/kirchzarten\/\">Kirchzarten<\/a> jetzt die \u201eB\u00fcrgerstiftung Kirchzarten\u201c ins Leben gerufen. Nicht weniger als 53 B\u00fcrgerinnen und <a title=\"Engagement\" href=\"https:\/\/www.freiburg-schwarzwald.de\/blog\/engagement\/\">B\u00fcrger<\/a> besiegelten im Kirchzartener Kurhaus durch ihre Unterschrift die Gr\u00fcndung. Mit genau 149.303 Euro Gr\u00fcndungskapital kann die \u201erechtsf\u00e4hige <a title=\"Stiftungen\" href=\"https:\/\/www.freiburg-schwarzwald.de\/blog\/business\/stiftungen\/\">Stiftung <\/a>b\u00fcrgerlichen Rechts\u201c jetzt ihre F\u00f6rderung mildt\u00e4tiger und gemeinn\u00fctziger Zwecke <!--more-->unter dem Slogan \u201eF\u00fcreinander \u2013 Miteinander\u201c aufnehmen. Dabei will sie besonders in der Jugend-, Familien- und Altenhilfe, bei Bildung, Erziehung, Kultur und Sport sowie im Umwelt- und Naturschutz aktiv werden. Zum Beginn seiner Amtszeit Anfang 2009 griff B\u00fcrgermeister Andreas Hall den schon h\u00e4ufiger in der Dreisamtalgemeinde ge\u00e4u\u00dferten Wunsch nach einer B\u00fcrgerstiftung auf und gr\u00fcndete zur Vorbereitung einen Initiativkreis mit B\u00fcrgerinnen und B\u00fcrgern, die einen Querschnitt der Bev\u00f6lkerung darstellten. In verschiedenen Arbeitskreisen, so Hall beim Festakt im Interview mit Moderatorin Julica Goldschmidt, sei intensiv auf die Gr\u00fcndung beispielsweise durch die Arbeit an einer Satzung oder gezielter \u00d6ffentlichkeitsarbeit hingearbeitet worden. Der Grafiker Stefan Saumer habe die Idee zahlreicher Fotos von B\u00fcrgerinnen und B\u00fcrgern, die symboltr\u00e4chtig ein Dreieck als Teil eines Ganzen trugen, umgesetzt. Und bei vielen potentiellen Stiftern habe er immer wieder offene T\u00fcren gefunden. So sei es zum jetzt vorhandenen Gr\u00fcndungskapital von rund 150.000 Euro gekommen. An einer Spendens\u00e4ule im Innerort konnte die Bev\u00f6lkerung in den letzten zwei Jahren immer den aktuellen Stiftungskapitalstand ablesen. Auch der \u201eDreisamt\u00e4ler\u201c mit Herausgeber Hanspeter Schweizer geh\u00f6rt zu den 53 Zustiftern, die mehr als 500 Euro ins Stammkapital einbrachten.<\/p>\n<p><a href=\"https:\/\/www.freiburg-schwarzwald.de\/blog\/buergerstiftung-kirchzarten-neu\/buergerstiftung-kiza1212\/\" rel=\"attachment wp-att-18442\"><img loading=\"lazy\" decoding=\"async\" class=\"alignnone size-thumbnail wp-image-18442\" title=\"buergerstiftung-kiza1212\" src=\"https:\/\/www.freiburg-schwarzwald.de\/blog\/wp-content\/uploads\/2012\/12\/buergerstiftung-kiza1212-180x74.jpg\" alt=\"\" width=\"180\" height=\"74\" srcset=\"https:\/\/www.freiburg-schwarzwald.de\/blog\/wp-content\/uploads\/2012\/12\/buergerstiftung-kiza1212-180x74.jpg 180w, https:\/\/www.freiburg-schwarzwald.de\/blog\/wp-content\/uploads\/2012\/12\/buergerstiftung-kiza1212.jpg 639w\" sizes=\"auto, (max-width: 180px) 100vw, 180px\" \/><\/a>\u00a0<\/p>\n<p>Als Erste unterzeichneten B\u00fcrgermeister Andreas Hall und Ehefrau Elke die Gr\u00fcndungsurkunde. \u2013 Ihnen taten es dann 52 weitere Stifter unter der Aufsicht von Sigmund Lehmann gleich. \u2013 Julica Goldschmidt interviewte in einer Talkrunde einige Stifter der ersten Stunde, darunter auch Harald und Gabriele Schauenberg (v.l.). Foto: Gerhard L\u00fcck<\/p>\n<p>Darunter war auch Wolfgang W\u00fcrmle, der seitens der H\u00f6llenzunft mit n\u00e4rrischen 999,99 Euro die erste Zustiftung geleistet hatte. Der Maler Roland Jenne verkaufte seine Gem\u00e4lde bei einer Ausstellung in der Talvogtei und stellte 200 Kunstdrucke seines Bildes vom Hinterwaldkopf als \u201eDankesch\u00f6n\u201c f\u00fcr Stifter bereit. Gabriele und Harald Schauenberg leisteten mit 20.000 Euro die gr\u00f6\u00dfte Zustiftung. \u201eWir wollten damit einen Beitrag zur Linderung der Not im eigenen Ort leisten\u201c, so der Unternehmer, \u201eund k\u00f6nnen jetzt \u00fcber die Stiftung die Verwendung beobachten.\u201c F\u00fcr Gabriele Schauenberg ist wichtig, dass sich die Stiftung besonders um Arme und Bed\u00fcrftige, Jugendliche und \u00e4ltere Menschen k\u00fcmmert.<br \/>\nDas Regelwerk der B\u00fcrgerstiftung erkl\u00e4rte B\u00fcrgermeister Hall vor den rund 200 G\u00e4sten im Kurhaussaal: \u201eDie Stiftung geht ihren Weg und ist auf Ewigkeit hin angelegt.\u201c Ein vierk\u00f6pfiger Vorstand sowie 14 Personen im Stiftungsrat w\u00e4ren f\u00fcr die Verwendung der Erl\u00f6se und die Kontrolle verantwortlich. Da die Stiftung nur mit den Ertr\u00e4gen aus der Kapitalanlage helfen k\u00f6nne, werde sie auch f\u00fcr ganz konkrete Projekte um Spenden bitten. Er wies auf die M\u00f6glichkeit weiterer Zustiftungen, beispielsweis durch Vererbung, hin. Wenn jetzt alle 53 Zustifter ihre Unterschrift unter das Gr\u00fcndungsprotokoll geleistet h\u00e4tten, m\u00fcssten nur noch das Regierungspr\u00e4sidium als Stiftungsaufsicht zustimmen und das Finanzamt die Gemeinn\u00fctzigkeit anerkennen \u2013 und dann k\u00f6nnte die Stiftung loslegen. Als Stiftungsvorstand stellte er Sabine Beck, Roswitha Freykowski, Sigmund Lehmann und Stefan Saumer vor. Aus ihnen w\u00e4hlt der Stiftungsrat bei seiner ersten Sitzung einen Vorsitzenden.<br \/>\nSigmund Lehmann machte deutlich, dass das seit f\u00fcnfzig Jahren segensreich arbeitende \u201eDr. Gremmelsbacher-Hilfswerk\u201c in die Stiftung integriert werde. Nachdem sich der Vorstand im Gespr\u00e4ch mit der Moderatorin mit seiner Motivation vorgestellt hatte, startete er gleich mit einer Versteigerung eine erste Aktion zur Kapitalerh\u00f6hung: Das Ehepaar Gisela und Peter Bank erhielt f\u00fcr 750 Euro den Zuschlag f\u00fcr ein \u201eSonnenuntergangsdiner am Giersberg\u201c, serviert vom Stiftungsvorstand. Dass den Kirchzartenern viel an der neuen Stiftung liegt, unterstrichen beim Festakt der Musikverein, die M\u00e4nnergesangvereine, der Akkordeonclub und die Band \u201e4-in tune\u201c mit musikalischen Beitr\u00e4gen. Alpha-Flor und Blumen-Kaufmehl sorgten f\u00fcr die Dekoration und Gastronomen, Caf\u00e9s, B\u00e4ckereien und Metzgereien verw\u00f6hnten beim abschlie\u00dfenden Empfang die G\u00e4ste mit Leckereien.<\/p>\n<p>&nbsp;<\/p>\n<p>&nbsp;<\/p>\n","protected":false},"excerpt":{"rendered":"<p>Mit einem feierlichen Festakt hat die Gemeinde Kirchzarten jetzt die \u201eB\u00fcrgerstiftung Kirchzarten\u201c ins Leben gerufen. Nicht weniger als 53 B\u00fcrgerinnen und B\u00fcrger besiegelten im Kirchzartener Kurhaus durch ihre Unterschrift die Gr\u00fcndung. Mit genau 149.303 Euro Gr\u00fcndungskapital kann die \u201erechtsf\u00e4hige Stiftung &hellip; <a href=\"https:\/\/www.freiburg-schwarzwald.de\/blog\/buergerstiftung-kirchzarten-neu\/\">Weiterlesen <span class=\"meta-nav\">&rarr;<\/span><\/a><\/p>\n","protected":false},"author":4,"featured_media":0,"comment_status":"open","ping_status":"closed","sticky":false,"template":"","format":"standard","meta":{"footnotes":""},"categories":[355,123],"tags":[281],"class_list":["post-18441","post","type-post","status-publish","format-standard","hentry","category-buergerinitiativen","category-stiftungen","tag-burgerinitiativen"],"_links":{"self":[{"href":"https:\/\/www.freiburg-schwarzwald.de\/blog\/wp-json\/wp\/v2\/posts\/18441","targetHints":{"allow":["GET"]}}],"collection":[{"href":"https:\/\/www.freiburg-schwarzwald.de\/blog\/wp-json\/wp\/v2\/posts"}],"about":[{"href":"https:\/\/www.freiburg-schwarzwald.de\/blog\/wp-json\/wp\/v2\/types\/post"}],"author":[{"embeddable":true,"href":"https:\/\/www.freiburg-schwarzwald.de\/blog\/wp-json\/wp\/v2\/users\/4"}],"replies":[{"embeddable":true,"href":"https:\/\/www.freiburg-schwarzwald.de\/blog\/wp-json\/wp\/v2\/comments?post=18441"}],"version-history":[{"count":0,"href":"https:\/\/www.freiburg-schwarzwald.de\/blog\/wp-json\/wp\/v2\/posts\/18441\/revisions"}],"wp:attachment":[{"href":"https:\/\/www.freiburg-schwarzwald.de\/blog\/wp-json\/wp\/v2\/media?parent=18441"}],"wp:term":[{"taxonomy":"category","embeddable":true,"href":"https:\/\/www.freiburg-schwarzwald.de\/blog\/wp-json\/wp\/v2\/categories?post=18441"},{"taxonomy":"post_tag","embeddable":true,"href":"https:\/\/www.freiburg-schwarzwald.de\/blog\/wp-json\/wp\/v2\/tags?post=18441"}],"curies":[{"name":"wp","href":"https:\/\/api.w.org\/{rel}","templated":true}]}}