{"id":18431,"date":"2012-12-21T14:39:30","date_gmt":"2012-12-21T13:39:30","guid":{"rendered":"https:\/\/www.freiburg-schwarzwald.de\/blog\/?p=18431"},"modified":"2012-12-21T14:43:06","modified_gmt":"2012-12-21T13:43:06","slug":"siwa-fuer-kiga-st-michael","status":"publish","type":"post","link":"https:\/\/www.freiburg-schwarzwald.de\/blog\/siwa-fuer-kiga-st-michael\/","title":{"rendered":"SIWA fuer Kiga St.Michael"},"content":{"rendered":"<p>\u201eDie helfenden H\u00e4nde vom SIWA-Team &#8211;\u00a0Statt der Pr\u00e4sente f\u00fcr Kunden gab\u2019s Spenden f\u00fcr den St. Michael-<a title=\"Kindergarten\" href=\"https:\/\/www.freiburg-schwarzwald.de\/blog\/bildung\/kindergarten\/\">Kindergarten<\/a> Oberried.\u00a0Der St. Michael-Kindergarten in <a title=\"Oberried\" href=\"https:\/\/www.freiburg-schwarzwald.de\/blog\/regio\/orte\/oberried\/\">Oberried<\/a> hat eine umfangreiche Umbauphase hinter sich. Schlie\u00dflich mussten auch die R\u00e4ume den ver\u00e4nderten Angeboten entsprechend hergerichtet sein. Die Betreuung von Kleinkindern oder auch verl\u00e4ngerte \u00d6ffnungszeiten brauchen zweckm\u00e4\u00dfige Ausstattung und Materialien. Da kam die <a title=\"Spende\" href=\"https:\/\/www.freiburg-schwarzwald.de\/blog\/engagement\/spende\/\">Spende<\/a> von 600 Euro<!--more-->, die G\u00fcnter und Sven Winterhalter von \u201eSIWA-B\u00fcrotechnik\u201c in Freiburg-Hochdorf vor einigen Tagen an Kindergartenleiterin Sabine Feis und Elternbeiratsvorsitzende Karola Gutmann \u00fcberreichten, gerade richtig. \u201eDamit k\u00f6nnen wir jetzt unsere Funktionsbereiche besser ausschm\u00fccken\u201c, freut sich Feis, \u201edie Verkleidungssachen um Polizei- und Feuerwehrkost\u00fcme erg\u00e4nzen und auch der Kleinkindgruppe weiteres Spielzeug besorgen.\u201c\u00a0G\u00fcnter und Sven Winterhalter, in Oberried beheimatet, \u00fcberreichten als sichtbares Zeichen f\u00fcr den Scheck eine Collage, auf der sich alle 17 Mitarbeiter von \u201eSIWA-B\u00fcrotechnik\u201c mit einem farbigen Druck ihrer Hand verewigt hatten \u2013 quasi als Symbol f\u00fcr die \u201ehelfenden H\u00e4nde vom SIWA-Team\u201c. Bereits zum dritten Mal hatten die Winterhalters auf Pr\u00e4sente f\u00fcr Kunden verzichtet \u2013 daf\u00fcr aber am Nikolaustag 1.200 Weckm\u00e4nner verteilt und die eingesparten 1.200 Euro zu je 600 Euro an den Kindergarten Oberried und den AWO-Kindergarten in der Freiburger Hornusstra\u00dfe gespendet.\u00a0\u00a0<\/p>\n<p><a href=\"https:\/\/www.freiburg-schwarzwald.de\/blog\/siwa-fuer-kiga-st-michael\/siwa-kiga-oberried1212\/\" rel=\"attachment wp-att-18434\"><img loading=\"lazy\" decoding=\"async\" title=\"siwa-kiga-oberried1212\" src=\"https:\/\/www.freiburg-schwarzwald.de\/blog\/wp-content\/uploads\/2012\/12\/siwa-kiga-oberried1212-180x120.jpg\" alt=\"\" width=\"180\" height=\"120\" \/><\/a><\/p>\n<p>\u00dcber die Spende von G\u00fcnter (l.) und Sven (r.) Winterhalter freuen sich mit den Kindergartenkindern Emmi und Ole Leiterin Sabine Feis und Elternvertreterin Karola Gutmann (v.l.).\u00a0Foto: Gerhard L\u00fcck<\/p>\n<p>\u201e<a title=\"Dienste\" href=\"https:\/\/www.freiburg-schwarzwald.de\/blog\/business\/dienste\/\">SIWA-B\u00fcrotechnik<\/a>\u201c ist seit zwanzig Jahren ein zuverl\u00e4ssiger Partner f\u00fcr Kopiersysteme, digitale Farbkopiersysteme, Multifunktionssysteme, Laserdrucker, Faxsysteme, Telefon- und Kommunikationsanlagen in und rund um Freiburg. Unter <a href=\"https:\/\/www.siwa.de\">www.siwa.de<\/a> \u00a0sind umfangreiche Informationen zum Angebot von \u201eSIWA-B\u00fcrotechnik\u201c zu erhalten.<br \/>\nGerhard L\u00fcck, 21.12.2012, <a href=\"https:\/\/www.dreisamtaeler.de\">www.dreisamtaeler.de<\/a><\/p>\n","protected":false},"excerpt":{"rendered":"<p>\u201eDie helfenden H\u00e4nde vom SIWA-Team &#8211;\u00a0Statt der Pr\u00e4sente f\u00fcr Kunden gab\u2019s Spenden f\u00fcr den St. Michael-Kindergarten Oberried.\u00a0Der St. Michael-Kindergarten in Oberried hat eine umfangreiche Umbauphase hinter sich. Schlie\u00dflich mussten auch die R\u00e4ume den ver\u00e4nderten Angeboten entsprechend hergerichtet sein. Die Betreuung &hellip; <a href=\"https:\/\/www.freiburg-schwarzwald.de\/blog\/siwa-fuer-kiga-st-michael\/\">Weiterlesen <span class=\"meta-nav\">&rarr;<\/span><\/a><\/p>\n","protected":false},"author":4,"featured_media":0,"comment_status":"open","ping_status":"closed","sticky":false,"template":"","format":"standard","meta":{"footnotes":""},"categories":[93,357],"tags":[721,270],"class_list":["post-18431","post","type-post","status-publish","format-standard","hentry","category-kindergarten","category-sponsoring-engagement","tag-kindergarten","tag-gift"],"_links":{"self":[{"href":"https:\/\/www.freiburg-schwarzwald.de\/blog\/wp-json\/wp\/v2\/posts\/18431","targetHints":{"allow":["GET"]}}],"collection":[{"href":"https:\/\/www.freiburg-schwarzwald.de\/blog\/wp-json\/wp\/v2\/posts"}],"about":[{"href":"https:\/\/www.freiburg-schwarzwald.de\/blog\/wp-json\/wp\/v2\/types\/post"}],"author":[{"embeddable":true,"href":"https:\/\/www.freiburg-schwarzwald.de\/blog\/wp-json\/wp\/v2\/users\/4"}],"replies":[{"embeddable":true,"href":"https:\/\/www.freiburg-schwarzwald.de\/blog\/wp-json\/wp\/v2\/comments?post=18431"}],"version-history":[{"count":0,"href":"https:\/\/www.freiburg-schwarzwald.de\/blog\/wp-json\/wp\/v2\/posts\/18431\/revisions"}],"wp:attachment":[{"href":"https:\/\/www.freiburg-schwarzwald.de\/blog\/wp-json\/wp\/v2\/media?parent=18431"}],"wp:term":[{"taxonomy":"category","embeddable":true,"href":"https:\/\/www.freiburg-schwarzwald.de\/blog\/wp-json\/wp\/v2\/categories?post=18431"},{"taxonomy":"post_tag","embeddable":true,"href":"https:\/\/www.freiburg-schwarzwald.de\/blog\/wp-json\/wp\/v2\/tags?post=18431"}],"curies":[{"name":"wp","href":"https:\/\/api.w.org\/{rel}","templated":true}]}}