{"id":18425,"date":"2012-12-21T14:33:43","date_gmt":"2012-12-21T13:33:43","guid":{"rendered":"https:\/\/www.freiburg-schwarzwald.de\/blog\/?p=18425"},"modified":"2012-12-21T14:34:21","modified_gmt":"2012-12-21T13:34:21","slug":"himmelreich-kinder-rumaenien","status":"publish","type":"post","link":"https:\/\/www.freiburg-schwarzwald.de\/blog\/himmelreich-kinder-rumaenien\/","title":{"rendered":"Himmelreich Kinder Rumaenien"},"content":{"rendered":"<p align=\"left\">\u201eStern der Hoffnung\u201c f\u00fcr Kinder in Rum\u00e4nien &#8211;\u00a0Private Hilfsaktion vom \u201e<a title=\"Himmelreich\" href=\"https:\/\/www.freiburg-schwarzwald.de\/blog\/selbsthilfe\/behinderung\/himmelreich\/\">Hofgut Himmelreich<\/a>\u201c unterst\u00fctzt \u2013 500 Pakete verladen.\u00a0Die Adventszeit bietet sich geradezu an, anderen Menschen etwas Gutes zu tun. Und da Kinder in aller Welt zu den Menschen geh\u00f6ren, die oft am n\u00f6tigsten der Hilfe bed\u00fcrfen, bot sich f\u00fcr Rebecca Kappa, Dagmar Kasemir und Uta Albicker aus der <a title=\"Burg-Birkenhof\" href=\"https:\/\/www.freiburg-schwarzwald.de\/blog\/regio\/orte\/kirchzarten\/burg-birkenhof\/\">Birkenhofsiedlung in Kirchzarten-Burg <\/a>das Kinderheim \u201eStern der Hoffnung\u201c bei Alba Iulia in Rum\u00e4nien an. Hier haben 62 Kinder und Jugendliche nach schlimmen <!--more-->und traumatischen Erfahrungen in den Herkunftsfamilien ein neues Zuhause gefunden. Sie werden psychologisch betreut und erfahren W\u00e4rme, Geborgenheit und Sicherheit. Doch auch in Rum\u00e4nien k\u00f6nnen die Tr\u00e4ger von sozialen Einrichtungen den Unterhalt kaum finanzieren und brauchen finanzielle und praktische Unterst\u00fctzung von au\u00dfen. Seit sechs Jahren machen sich die drei Frauen f\u00fcr Hilfen zugunsten des Kinderheims stark. Zun\u00e4chst sammelten sie in einem der Birkenhof-Garagenh\u00f6fe Pakete mit Kleidung, Spielsachen, W\u00e4sche und Hygieneartikeln. Doch als die Garagen f\u00fcr die Spenden nicht mehr reichten, \u00f6ffnete vor drei Jahren das \u201eHofgut Himmelreich\u201c seine gro\u00dfe Scheune als Zwischenlager. Schlie\u00dflich hatten auch das Marie-Currie-Gymnasium Kirchzarten und das Theodor-Heu\u00df-Gymnasium Freiburg zu Spenden aufgerufen.\u00a0So kamen jetzt rund 500 gro\u00dfe Umzugskartons zusammen, gef\u00fcllt mit all den Dingen des Alltags, die den Kindern in Rum\u00e4nien zu einem \u201eStern der Hoffnung\u201c werden sollen. Erstmals gab es diesmal wegen Knappheit in Alba Iulia auch Lebensmittelp\u00e4ckchen. Jetzt kam ein 40-Tonner-LKW ins Himmelreich und mit Unterst\u00fctzung Ehrenamtlicher und der Sch\u00fcler(innen) der 10. Klasse des Marie-Currie-Gymnasiums konnten alle 500 Pakete sachgerecht verstaut werden. Ein Kombi, mit dem Vertreter des Kinderheims ins Dreisamtal kamen, war zus\u00e4tzlich mit kleinen P\u00e4ckchen aus dem Burger Kindergarten gef\u00fcllt. F\u00fcr Jochen Lauber, den Gesch\u00e4ftsf\u00fchrer vom \u201eHofgut Himmelreich\u201c war es selbstverst\u00e4ndlich, den Lagerplatz zu stellen und die Helfer der Packaktion mit Getr\u00e4nken und hei\u00dfer Suppe zu versorgen. Mehr \u00fcber das Kinderheim \u201eStern der Hoffnung\u201c ist unter www.kinderheim-alba-iulia.de zu finden.<\/p>\n<p align=\"left\">\u00a0<a href=\"https:\/\/www.freiburg-schwarzwald.de\/blog\/himmelreich-kinder-rumaenien\/himmelreich-rumaenien1212\/\" rel=\"attachment wp-att-18426\"><img loading=\"lazy\" decoding=\"async\" class=\"alignnone size-thumbnail wp-image-18426\" title=\"himmelreich-rumaenien1212\" src=\"https:\/\/www.freiburg-schwarzwald.de\/blog\/wp-content\/uploads\/2012\/12\/himmelreich-rumaenien1212-180x120.jpg\" alt=\"\" width=\"180\" height=\"120\" srcset=\"https:\/\/www.freiburg-schwarzwald.de\/blog\/wp-content\/uploads\/2012\/12\/himmelreich-rumaenien1212-180x120.jpg 180w, https:\/\/www.freiburg-schwarzwald.de\/blog\/wp-content\/uploads\/2012\/12\/himmelreich-rumaenien1212-640x427.jpg 640w, https:\/\/www.freiburg-schwarzwald.de\/blog\/wp-content\/uploads\/2012\/12\/himmelreich-rumaenien1212.jpg 641w\" sizes=\"auto, (max-width: 180px) 100vw, 180px\" \/><\/a><\/p>\n<p align=\"left\">Kr\u00e4ftig anpacken mussten die ehrenamtlichen Helfer beim Beladen des Hilfstransportes f\u00fcr das rum\u00e4nische Kinderheim \u201eStern der Hoffnung\u201c im Hofgut Himmelreich. Foto: Gerhard L\u00fcck<br \/>\n21.12.2012, Gerhard L\u00fcck, <a href=\"https:\/\/www.dreisamtaeler.de\">www.dreisamtaeler.de<\/a><\/p>\n","protected":false},"excerpt":{"rendered":"<p>\u201eStern der Hoffnung\u201c f\u00fcr Kinder in Rum\u00e4nien &#8211;\u00a0Private Hilfsaktion vom \u201eHofgut Himmelreich\u201c unterst\u00fctzt \u2013 500 Pakete verladen.\u00a0Die Adventszeit bietet sich geradezu an, anderen Menschen etwas Gutes zu tun. Und da Kinder in aller Welt zu den Menschen geh\u00f6ren, die oft &hellip; <a href=\"https:\/\/www.freiburg-schwarzwald.de\/blog\/himmelreich-kinder-rumaenien\/\">Weiterlesen <span class=\"meta-nav\">&rarr;<\/span><\/a><\/p>\n","protected":false},"author":4,"featured_media":0,"comment_status":"open","ping_status":"closed","sticky":false,"template":"","format":"standard","meta":{"footnotes":""},"categories":[52,104,61],"tags":[489,488],"class_list":["post-18425","post","type-post","status-publish","format-standard","hentry","category-einewelt","category-hilfe","category-kinder","tag-european-union","tag-child"],"_links":{"self":[{"href":"https:\/\/www.freiburg-schwarzwald.de\/blog\/wp-json\/wp\/v2\/posts\/18425","targetHints":{"allow":["GET"]}}],"collection":[{"href":"https:\/\/www.freiburg-schwarzwald.de\/blog\/wp-json\/wp\/v2\/posts"}],"about":[{"href":"https:\/\/www.freiburg-schwarzwald.de\/blog\/wp-json\/wp\/v2\/types\/post"}],"author":[{"embeddable":true,"href":"https:\/\/www.freiburg-schwarzwald.de\/blog\/wp-json\/wp\/v2\/users\/4"}],"replies":[{"embeddable":true,"href":"https:\/\/www.freiburg-schwarzwald.de\/blog\/wp-json\/wp\/v2\/comments?post=18425"}],"version-history":[{"count":0,"href":"https:\/\/www.freiburg-schwarzwald.de\/blog\/wp-json\/wp\/v2\/posts\/18425\/revisions"}],"wp:attachment":[{"href":"https:\/\/www.freiburg-schwarzwald.de\/blog\/wp-json\/wp\/v2\/media?parent=18425"}],"wp:term":[{"taxonomy":"category","embeddable":true,"href":"https:\/\/www.freiburg-schwarzwald.de\/blog\/wp-json\/wp\/v2\/categories?post=18425"},{"taxonomy":"post_tag","embeddable":true,"href":"https:\/\/www.freiburg-schwarzwald.de\/blog\/wp-json\/wp\/v2\/tags?post=18425"}],"curies":[{"name":"wp","href":"https:\/\/api.w.org\/{rel}","templated":true}]}}