{"id":18274,"date":"2012-12-20T15:25:44","date_gmt":"2012-12-20T14:25:44","guid":{"rendered":"https:\/\/www.freiburg-schwarzwald.de\/blog\/?p=18274"},"modified":"2012-12-20T15:26:21","modified_gmt":"2012-12-20T14:26:21","slug":"113-920-weihnachtsbaeume-fr","status":"publish","type":"post","link":"https:\/\/www.freiburg-schwarzwald.de\/blog\/113-920-weihnachtsbaeume-fr\/","title":{"rendered":"113.920 Weihnachtsbaeume FR"},"content":{"rendered":"<p align=\"left\">F\u00fcr Verk\u00e4ufer von Tannenb\u00e4umen ist derzeit Hochsaison. Seitdem sich im 19. Jahrhundert im Elsass die Tradition des <a title=\"Weihnachtsmarkt\" href=\"https:\/\/www.freiburg-schwarzwald.de\/blog\/business\/markt\/weihnachtsmarkt\/\">Weihnachtsbaumes<\/a> entwickelt hat, geh\u00f6rt der geschm\u00fcckte <a title=\"Wald\" href=\"https:\/\/www.freiburg-schwarzwald.de\/blog\/natur\/wald\/\">Tannenbaum<\/a> f\u00fcr viele zum Weihnachtsfest dazu. Rund 113.920 Weihnachtsb\u00e4ume werden zum Fest in den Wohnzimmern in Freiburg stehen, hat die Forst-Gewerkschaft errechnet. \u201eBei einer durchschnittlichen L\u00e4nge von 1,63 Meter pro Christbaum w\u00fcrden damit allein in Freiburg \u00fcber 185 Kilometer Weihnachtsbaum aufgestellt <!--more-->\u2013 Baum f\u00fcr Baum hintereinander gelegt, versteht sich\u201c, sagt Meinrad Schmidt, Vorsitzender des IG BAU-Bezirks S\u00fcdbaden. Insgesamt 15 Weihnachtsb\u00e4ume hat die Stadt Freiburg aufgestellt. Der mit 17 Metern Gr\u00f6\u00dfte steht traditionell an der Kreuzung beim Siegesdenkmal. Auf insgesamt elf Pl\u00e4tzen hat die Stadt Freiburg in diesem Jahr den Verkauf von Tannenb\u00e4umen gestattet. Gekauft werden meistens Nordmanntannen. B\u00e4ume aus der Region zeichnen sich durch ihre Frische aus. Bisher hatten die Verk\u00e4ufer sich auf Wunsch der Stadt in einem Verein zusammengetan und den Verkauf geregelt. Daran hatte es Kritik gegeben, weshalb im n\u00e4chsten Jahr eine Neuordnung folgen soll. Eine Rotation der St\u00e4nde ist angedacht. Wenige tausend Euro nimmt die Stadt durch die Standgeb\u00fchren ein. J\u00fcrgen R\u00fchlemann ist Gesch\u00e4ftsf\u00fchrer und Kassierer des \u201eVereins Freiburger Christbaumverk\u00e4ufer\u201c. 14 Mitglieder hat der Verein noch, 30 waren es bei der Gr\u00fcndung 1996. \u201eWenn sich jemand \u00fcber zehn Jahre einen Stand aufgebaut hat, kann er doch nicht einfach den Platz wechseln\u201c, sagt J\u00fcrgen R\u00fchlemann, der selbst seit 37 Jahren B\u00e4ume verkauft. Er kritisiert besonders das Verkaufsverbot am\u00a0 Sonntag. Reinhold Sch\u00e4tzle hat schon als kleiner Junge mit seinem Vater auf dem M\u00fcnsterplatz erst Adventskr\u00e4nze, dann Tannen verkauft. Zu seinen vielen Stammkunden geh\u00f6rt eine Frau aus Herdern, die seit 35 Jahren f\u00fcr jedes ihrer Kinder einen Baum bestellt. Eine andere Kundin hat sich am Vortag nach einer Baumwurzel erkundigt \u2013 und bekommen. \u201eAlle wollen einen Weihnachtsbaum, der nicht sticht und m\u00f6glichst wenig nadelt. Dann soll er auch noch kerzengerade gewachsen sein. Und er darf nicht viel kosten\u201c, so bringt Schmidt den \u201eWunschbaum\u201c auf den Punkt. Viele dieser \u201e08\/15-Musterb\u00e4ume\u201c k\u00e4men zwar aus Deutschland, oft aber von Weihnachtsbaum- Plantagen. Es wird alles getan, damit der Baum schnell und gleichm\u00e4\u00dfig w\u00e4chst. \u201eViele wissen den Wert eines Baumes nicht zu sch\u00e4tzen\u201c, klagt auch Reinhold Sch\u00e4tzle. Gro\u00dfe Bau- und Modem\u00e4rkte w\u00fcrden die Tanne als Lockmittel benutzen.\u00a0 \u201eWas fr\u00fcher der Kasten Bier war, ist heute der Weihnachtsbaum\u201c, sagt J\u00fcrgen R\u00fchlemann. Insgesamt erwartet die Forst-Gewerkschaft eine sogar leicht steigende Weihnachtsbaum- Nachfrage: \u201eMehr Single-Haushalte und der \u201aTrend zur Zweittanne\u2019 lassen den Baum boomen\u201c, sagt Meinrad Schmidt.<br \/>\nNils Kickert, 20.12.2012, <a href=\"https:\/\/www.stadtkurier.de\">www.stadtkurier.de<\/a><\/p>\n<p>&nbsp;<\/p>\n","protected":false},"excerpt":{"rendered":"<p>F\u00fcr Verk\u00e4ufer von Tannenb\u00e4umen ist derzeit Hochsaison. Seitdem sich im 19. Jahrhundert im Elsass die Tradition des Weihnachtsbaumes entwickelt hat, geh\u00f6rt der geschm\u00fcckte Tannenbaum f\u00fcr viele zum Weihnachtsfest dazu. Rund 113.920 Weihnachtsb\u00e4ume werden zum Fest in den Wohnzimmern in Freiburg &hellip; <a href=\"https:\/\/www.freiburg-schwarzwald.de\/blog\/113-920-weihnachtsbaeume-fr\/\">Weiterlesen <span class=\"meta-nav\">&rarr;<\/span><\/a><\/p>\n","protected":false},"author":4,"featured_media":0,"comment_status":"open","ping_status":"closed","sticky":false,"template":"","format":"standard","meta":{"footnotes":""},"categories":[23,137],"tags":[468],"class_list":["post-18274","post","type-post","status-publish","format-standard","hentry","category-handel","category-wald","tag-weihnacht"],"_links":{"self":[{"href":"https:\/\/www.freiburg-schwarzwald.de\/blog\/wp-json\/wp\/v2\/posts\/18274","targetHints":{"allow":["GET"]}}],"collection":[{"href":"https:\/\/www.freiburg-schwarzwald.de\/blog\/wp-json\/wp\/v2\/posts"}],"about":[{"href":"https:\/\/www.freiburg-schwarzwald.de\/blog\/wp-json\/wp\/v2\/types\/post"}],"author":[{"embeddable":true,"href":"https:\/\/www.freiburg-schwarzwald.de\/blog\/wp-json\/wp\/v2\/users\/4"}],"replies":[{"embeddable":true,"href":"https:\/\/www.freiburg-schwarzwald.de\/blog\/wp-json\/wp\/v2\/comments?post=18274"}],"version-history":[{"count":0,"href":"https:\/\/www.freiburg-schwarzwald.de\/blog\/wp-json\/wp\/v2\/posts\/18274\/revisions"}],"wp:attachment":[{"href":"https:\/\/www.freiburg-schwarzwald.de\/blog\/wp-json\/wp\/v2\/media?parent=18274"}],"wp:term":[{"taxonomy":"category","embeddable":true,"href":"https:\/\/www.freiburg-schwarzwald.de\/blog\/wp-json\/wp\/v2\/categories?post=18274"},{"taxonomy":"post_tag","embeddable":true,"href":"https:\/\/www.freiburg-schwarzwald.de\/blog\/wp-json\/wp\/v2\/tags?post=18274"}],"curies":[{"name":"wp","href":"https:\/\/api.w.org\/{rel}","templated":true}]}}