{"id":18256,"date":"2012-12-20T14:16:34","date_gmt":"2012-12-20T13:16:34","guid":{"rendered":"https:\/\/www.freiburg-schwarzwald.de\/blog\/?p=18256"},"modified":"2012-12-20T14:47:43","modified_gmt":"2012-12-20T13:47:43","slug":"schneewittchen-tanztheater","status":"publish","type":"post","link":"https:\/\/www.freiburg-schwarzwald.de\/blog\/schneewittchen-tanztheater\/","title":{"rendered":"Schneewittchen Tanztheater"},"content":{"rendered":"<p>Generationenverbindendes <a title=\"Theater\" href=\"https:\/\/www.freiburg-schwarzwald.de\/blog\/kultur\/theater\/\">Tanztheater<\/a>.<strong>\u00a0<\/strong>Die K\u00f6nigin sticht sich in den Finger, drei Tropfen Blut fallen in den Schnee. Im winterlichen Januar bringt die Mo\u00addern-Dance-Schule Freiburg \u201eRaum f\u00fcr Darstellung und Tanz\u201c, unter Leitung von Doris Br\u00f6nnimann ihre Version des <a title=\"Kinder\" href=\"https:\/\/www.freiburg-schwarzwald.de\/blog\/selbsthilfe\/kinder\/\">M\u00e4rchens<\/a> \u201eSchneewittchen\u201c auf die B\u00fchne. Die ber\u00fchmte Ballettmusik \u201ele chout\u201c von Prokofiev bildet den musikalischen Rahmen. <!--more-->Diese dramatische, temporeiche Musik erm\u00f6glicht eine dynamische und schnelle Interpretation des M\u00e4rchens: 30 Minuten gen\u00fcgen f\u00fcr die intrigante Geschichte von Sch\u00f6nheit und Eifersucht, Hass und Liebe, Alter und Jugend. Zu Beginn des Abends aber wird der Zuschauer Zeuge eines Castings: Die Darsteller\/innen f\u00fcr \u201eSchneewittchen\u201c werden ge\u00adsucht \u2013 wer darf die Rolle des reizenden Schneewittch\u00adens, der eifers\u00fcchtigen Stiefmutter, der Zwerge und des ed\u00adlen Prinzen besetzen? Angelehnt an die zahlreichen TV-Shows von heute entscheidet eine schrille Jury \u00fcber Sein und Nicht-Sein der Kandidatinnen. Haupt- oder Nebenrolle, das ist hier die Frage.<\/p>\n<p>Auf der B\u00fchne stehen Sch\u00fcler\/innen der <a title=\"Schulen\" href=\"https:\/\/www.freiburg-schwarzwald.de\/blog\/bildung\/schulen\/\">Ausbildungsklassen<\/a> und Kinderklassen sowie Erwachsene der Schule \u201eRaum f\u00fcr Darstellung und Tanz\u201c. Vorstellungen im Theatersaal des Wohnstifts Augustinum, Weierweg 10, sind am Freitag, 18. Januar und Samstag, 19. Januar, jeweils um 19.30 Uhr. Karten k\u00f6nnen ab dem 17. Dezember unter Tel.: 696 36 73 reserviert werden und liegen dann an der Abendkasse, die eine Stunde vor Vorstellungsbeginn ge\u00f6ffnet wird, bereit. Eintrittspreise f\u00fcr Erwachsene 15.- Euro, f\u00fcr Jugendliche und Studenten 10.- Euro und f\u00fcr Kinder bis 12 Jahre und Senioren 8.- Euro.<br \/>\n20.12.2012, Gisela Heizler-Ries<\/p>\n<p align=\"right\">hr.<\/p>\n","protected":false},"excerpt":{"rendered":"<p>Generationenverbindendes Tanztheater.\u00a0Die K\u00f6nigin sticht sich in den Finger, drei Tropfen Blut fallen in den Schnee. Im winterlichen Januar bringt die Mo\u00addern-Dance-Schule Freiburg \u201eRaum f\u00fcr Darstellung und Tanz\u201c, unter Leitung von Doris Br\u00f6nnimann ihre Version des M\u00e4rchens \u201eSchneewittchen\u201c auf die B\u00fchne. &hellip; <a href=\"https:\/\/www.freiburg-schwarzwald.de\/blog\/schneewittchen-tanztheater\/\">Weiterlesen <span class=\"meta-nav\">&rarr;<\/span><\/a><\/p>\n","protected":false},"author":4,"featured_media":0,"comment_status":"open","ping_status":"closed","sticky":false,"template":"","format":"standard","meta":{"footnotes":""},"categories":[13,95,214],"tags":[301,347,486,733],"class_list":["post-18256","post","type-post","status-publish","format-standard","hentry","category-kultur","category-schulen","category-theater","tag-culture","tag-marchen","tag-tanz","tag-theater"],"_links":{"self":[{"href":"https:\/\/www.freiburg-schwarzwald.de\/blog\/wp-json\/wp\/v2\/posts\/18256","targetHints":{"allow":["GET"]}}],"collection":[{"href":"https:\/\/www.freiburg-schwarzwald.de\/blog\/wp-json\/wp\/v2\/posts"}],"about":[{"href":"https:\/\/www.freiburg-schwarzwald.de\/blog\/wp-json\/wp\/v2\/types\/post"}],"author":[{"embeddable":true,"href":"https:\/\/www.freiburg-schwarzwald.de\/blog\/wp-json\/wp\/v2\/users\/4"}],"replies":[{"embeddable":true,"href":"https:\/\/www.freiburg-schwarzwald.de\/blog\/wp-json\/wp\/v2\/comments?post=18256"}],"version-history":[{"count":0,"href":"https:\/\/www.freiburg-schwarzwald.de\/blog\/wp-json\/wp\/v2\/posts\/18256\/revisions"}],"wp:attachment":[{"href":"https:\/\/www.freiburg-schwarzwald.de\/blog\/wp-json\/wp\/v2\/media?parent=18256"}],"wp:term":[{"taxonomy":"category","embeddable":true,"href":"https:\/\/www.freiburg-schwarzwald.de\/blog\/wp-json\/wp\/v2\/categories?post=18256"},{"taxonomy":"post_tag","embeddable":true,"href":"https:\/\/www.freiburg-schwarzwald.de\/blog\/wp-json\/wp\/v2\/tags?post=18256"}],"curies":[{"name":"wp","href":"https:\/\/api.w.org\/{rel}","templated":true}]}}