{"id":18135,"date":"2012-12-19T15:56:54","date_gmt":"2012-12-19T14:56:54","guid":{"rendered":"https:\/\/www.freiburg-schwarzwald.de\/blog\/?p=18135"},"modified":"2014-01-01T08:49:01","modified_gmt":"2014-01-01T07:49:01","slug":"bundeswehr-in-der-kirche","status":"publish","type":"post","link":"https:\/\/www.freiburg-schwarzwald.de\/blog\/bundeswehr-in-der-kirche\/","title":{"rendered":"Bundeswehr in der Kirche?"},"content":{"rendered":"<p>Gegen das traditionelle, seit 1994 stattfindende \u00a0vorweihnachtliche Konzert des Luftwaffenmusikkorps der Bundeswehr in der <a title=\"Kirchen\" href=\"https:\/\/www.freiburg-schwarzwald.de\/blog\/religion\/kirchen\/\">St.-Barbara-Kirche <\/a>in FR-<a title=\"Littenweiler\" href=\"https:\/\/www.freiburg-schwarzwald.de\/blog\/regio\/freiburg\/littenweiler\/\">Littenweiler<\/a> gab es erstmals Protest \u2013 und zwar von Seiten des neu gegr\u00fcndeten &#8222;Arbeitskreises gegen <a title=\"Krieg\" href=\"https:\/\/www.freiburg-schwarzwald.de\/blog\/engagement\/zukunft\/krieg\/\">Krieg<\/a> und Militarisierung&#8220;.\u00a0Etwa 60 Demonstranten standen am 11.12.2012 auf dem Vorplatz der Kirche, bevor innen vor\u00a0ca 400 Zuh\u00f6rern geistliche Musik erklang. 800 Euro wurden gespendet.<!--more--><\/p>\n<p><strong>Mildt\u00e4tigkeit und Milit\u00e4r<br \/>\n<\/strong>&#8230; Die Veranstaltung des Musikkorps nennen die Unterzeichner \u2013 ein B\u00fcndnis von den Jusos, vom Runden Tisch &#8222;Schulfrei f\u00fcr die Bundeswehr&#8220; bis hin zur Studentenvertretung Usta der P\u00e4dagogischen Hochschule \u2013 &#8222;Propaganda&#8220;, die in der Gesellschaft Akzeptanz f\u00fcr Kriegseins\u00e4tze herstellen solle. Mit dem Schreiben hatte der Arbeitskreis Pfarrer Kienzler aufgefordert, das Konzert abzusagen. Dazu sah der jedoch keine Veranlassung. &#8230;..<br \/>\nAlles vom 15.12.2012 bitte lesen auf<br \/>\n<a href=\"https:\/\/www.badische-zeitung.de\/freiburg-ost\/mildtaetigkeit-und-militaer--67047967.html\">https:\/\/www.badische-zeitung.de\/freiburg-ost\/mildtaetigkeit-und-militaer&#8211;67047967.html<\/a>\u00a0<\/p>\n<p>\u00a0\u00a0<br \/>\n<strong>Und wie steht es mit dem Apostel Paulus?<\/strong><br \/>\nPfarrer Johannes Kienzler sagt: &#8222;Die Bundeswehr handelt in unser aller Namen. Der richtige Adressat f\u00fcr den Protest w\u00e4re das Parlament.&#8220; Dem kann ich nur bedingt zustimmen: Die Bundeswehr mag im Namen des Parlamentes handeln. Aber handelt sie deshalb in unser aller Namen, wenn man beispielsweise wei\u00df, dass der weit gr\u00f6\u00dfte Teil der Bev\u00f6lkerung den Einsatz der Bundeswehr in Afghanistan in den vergangenen Jahren ablehnte? Und wie kann die Bundeswehr, die einst zur Landesverteidigung gegr\u00fcndet wurde, in unser aller Namen handeln, wenn man wei\u00df, dass sie seit gut 20 Jahren mehr und mehr zu einer Armee umgebaut und umetikettiert wird, um im Rahmen des &#8222;Verteidigungsb\u00fcndnisses&#8220; Nato weltweit die westlichen Wohlstands- und Wirtschaftsinteressen zu &#8222;verteidigen&#8220;?<br \/>\nSelbstverst\u00e4ndlich ist die Bundeswehr Teil unseres Gemeinwesens, da hat Pfarrer Kienzler leider recht. Aber auch Gewalt ist Teil unseres Gemeinwesens; deshalb kommt niemand auf die Idee, sie zu f\u00f6rdern oder als normalen Bestandteil unserer Gesellschaft zu akzeptieren.<br \/>\nBrauchen wir Christen den jesuanischen Aufruf zur Feindesliebe und zum Gewaltverzicht in der Bergpredigt etwa nicht ernst nehmen? Und wie steht es mit dem Apostel Paulus, der uns dazu auffordert, das B\u00f6se mit Gutem zu \u00fcberwinden? Und sind die alten Kirchenv\u00e4ter \u00fcberholt, die s\u00e4mtlich der Auffassung waren, dass Christen den Kriegsdienst verweigern m\u00fcssten? Wenn sich die Gemeinde St.\u2005Barbara auf diese christliche Tradition beruft, ist sie auch der richtige Adressat des Protestes.<br \/>\nEs geht nicht darum, den Beteiligten und Organisatoren des Konzerts die gute Absicht ihres Engagements abzusprechen. 800 Euro f\u00fcr mildt\u00e4tige Zwecke zu sammeln und zu spenden ist aller Ehren wert. Wenn man aber bedenkt, dass die Betriebskosten eines Eurofighters 80 000\u2005Euro in der Stunde (!) verschlingen, macht dies deutlich, wie viel mehr uns das Milit\u00e4r immer noch wert ist.<br \/>\nEs ist zu begr\u00fc\u00dfen, wenn die H\u00e4lfte der Spendengelder des Adventskonzerts unseren Kindern zu Gute kommen soll. Doch haftet diesem Engagement auch ein schaler Beigeschmack an; zum Beispiel wenn man erf\u00e4hrt, dass die Deutsche Luftwaffe in der Zeitschrift Bravo unsere Jugendlichen f\u00fcr so genannte &#8222;Adventurecamps&#8220; anwirbt. Sollten wir der Bundeswehr nicht zu verstehen geben, dass unsere Kinder und Jugendlichen besser bei den Pfadfindern oder anderen (christlichen) Jugendgruppen aufgehoben sind? Auf alle F\u00e4lle aber w\u00e4re es angemessener, wenn der Kindergarten oder Jugendgruppen der Gemeinde im n\u00e4chsten Jahr das Adventskonzert durchf\u00fchren w\u00fcrden.<br \/>\n19.12.2012, Markus Weber, Littenweiler<\/p>\n<p>&nbsp;<\/p>\n<p><a href=\"https:\/\/www.freiburg-schwarzwald.de\/blog\/bundeswehr-konzert-stbarbara\/\">https:\/\/www.freiburg-schwarzwald.de\/blog\/bundeswehr-konzert-stbarbara\/<\/a>\u00a0(Dezember 2013)<\/p>\n","protected":false},"excerpt":{"rendered":"<p>Gegen das traditionelle, seit 1994 stattfindende \u00a0vorweihnachtliche Konzert des Luftwaffenmusikkorps der Bundeswehr in der St.-Barbara-Kirche in FR-Littenweiler gab es erstmals Protest \u2013 und zwar von Seiten des neu gegr\u00fcndeten &#8222;Arbeitskreises gegen Krieg und Militarisierung&#8220;.\u00a0Etwa 60 Demonstranten standen am 11.12.2012 auf &hellip; <a href=\"https:\/\/www.freiburg-schwarzwald.de\/blog\/bundeswehr-in-der-kirche\/\">Weiterlesen <span class=\"meta-nav\">&rarr;<\/span><\/a><\/p>\n","protected":false},"author":4,"featured_media":0,"comment_status":"open","ping_status":"closed","sticky":false,"template":"","format":"standard","meta":{"footnotes":""},"categories":[161],"tags":[86],"class_list":["post-18135","post","type-post","status-publish","format-standard","hentry","category-spende","tag-waffen"],"_links":{"self":[{"href":"https:\/\/www.freiburg-schwarzwald.de\/blog\/wp-json\/wp\/v2\/posts\/18135","targetHints":{"allow":["GET"]}}],"collection":[{"href":"https:\/\/www.freiburg-schwarzwald.de\/blog\/wp-json\/wp\/v2\/posts"}],"about":[{"href":"https:\/\/www.freiburg-schwarzwald.de\/blog\/wp-json\/wp\/v2\/types\/post"}],"author":[{"embeddable":true,"href":"https:\/\/www.freiburg-schwarzwald.de\/blog\/wp-json\/wp\/v2\/users\/4"}],"replies":[{"embeddable":true,"href":"https:\/\/www.freiburg-schwarzwald.de\/blog\/wp-json\/wp\/v2\/comments?post=18135"}],"version-history":[{"count":0,"href":"https:\/\/www.freiburg-schwarzwald.de\/blog\/wp-json\/wp\/v2\/posts\/18135\/revisions"}],"wp:attachment":[{"href":"https:\/\/www.freiburg-schwarzwald.de\/blog\/wp-json\/wp\/v2\/media?parent=18135"}],"wp:term":[{"taxonomy":"category","embeddable":true,"href":"https:\/\/www.freiburg-schwarzwald.de\/blog\/wp-json\/wp\/v2\/categories?post=18135"},{"taxonomy":"post_tag","embeddable":true,"href":"https:\/\/www.freiburg-schwarzwald.de\/blog\/wp-json\/wp\/v2\/tags?post=18135"}],"curies":[{"name":"wp","href":"https:\/\/api.w.org\/{rel}","templated":true}]}}