{"id":17719,"date":"2012-12-12T20:38:08","date_gmt":"2012-12-12T19:38:08","guid":{"rendered":"https:\/\/www.freiburg-schwarzwald.de\/blog\/?p=17719"},"modified":"2012-12-12T20:40:09","modified_gmt":"2012-12-12T19:40:09","slug":"ride2live-weihnachtsgeschenke","status":"publish","type":"post","link":"https:\/\/www.freiburg-schwarzwald.de\/blog\/ride2live-weihnachtsgeschenke\/","title":{"rendered":"Ride2Live Weihnachtsgeschenke"},"content":{"rendered":"<p>Mit \u201eRide2Live\u201c <a title=\"Krebs\" href=\"https:\/\/www.freiburg-schwarzwald.de\/blog\/selbsthilfe\/krebs\/\">Krebskranken<\/a> Mut zum Kampf machen &#8211;\u00a0Neue Radtrikots und Laufshirts rechtzeitig vor Weihnachten wieder eingetroffen.\u00a0Mit ihrer gemeinsamen Erfahrung im Kampf gegen ihre Krebserkrankung gr\u00fcndeten Doris Jautz und Benny Rudiger vor drei Jahren den Verein \u201e<a title=\"Ride2live \u2013 Biken gegen den Krebs\" href=\"https:\/\/www.freiburg-schwarzwald.de\/blog\/ride2live-biken-gegen-den-krebs\/\">Ride2Live<\/a>\u201c. Sie wollten anderen Betroffenen Mut machen, beispielsweise mit <a title=\"Biken\" href=\"https:\/\/www.freiburg-schwarzwald.de\/blog\/sport\/sportlern\/biken\/\">Mountainbikefahren<\/a> neuen Lebensmut zu sch\u00f6pfen. <!--more-->Durch Mitgliedsbeitr\u00e4ge von inzwischen 121 Einzelmitgliedern und sechs Firmenmitgliedschaften sowie den Verkauf von Radtrikots und Laufshirts kamen inzwischen einige tausend Euros zusammen. Damit konnten u.a. die \u201eKatharinenh\u00f6he\u201c bei Sch\u00f6nwald, eine Rehaeinrichtung f\u00fcr krebskranke Kinder und Jugendliche und die \u201eKlinik f\u00fcr Tumorbiologie\u201c in Freiburg unterst\u00fctzt werden. Rechtzeitig vor dem Weihnachtsfest sind wieder neue Radtrikots und Laufshirts eingetroffen, die sich wunderbar als Geschenk f\u00fcr sportliche Menschen eignen und gleichzeitig die Spendenm\u00f6glichkeiten von \u201eRide2Live\u201c erh\u00f6hen (Bestellungen \u00fcber <a href=\"https:\/\/www.ride2live.de\">www.ride2live.de<\/a> ). Mit einer besonderen Aktion mit dem Namen \u201eWeihnachtswunsch\u201c m\u00f6chte der Verein jetzt Menschen im Dreisamtal unterst\u00fctzen, die aufgrund ihrer Krebserkrankung in finanzielle Schwierigkeiten geraten sind. Sie sollten sich per Mail an <a href=\"mailto:info@ride2live.de\">info@ride2live.de<\/a> \u00a0wenden oder einen kleinen Brief mit ihrer Bitte an die Vereinsadresse in Kirchzarten, Hansjakobstra\u00dfe 16 schicken. Melden sollten sich auch Menschen, die im Freundes- und Bekanntenkreis hilfsbed\u00fcrftige kranke Menschen kennen. Spenden f\u00fcr die Vereinsziele von \u201eRide2Live\u201c k\u00f6nnen auf das Spendenkonto 4498689 bei der Sparkasse Hochschwarzwald (BLZ 680 510 04) \u00fcberwiesen werden.<br \/>\n12.12.2012, Gerhard L\u00fcck, <a href=\"https:\/\/www.dreiamtaeler.de\">www.dreiamtaeler.de<\/a><\/p>\n","protected":false},"excerpt":{"rendered":"<p>Mit \u201eRide2Live\u201c Krebskranken Mut zum Kampf machen &#8211;\u00a0Neue Radtrikots und Laufshirts rechtzeitig vor Weihnachten wieder eingetroffen.\u00a0Mit ihrer gemeinsamen Erfahrung im Kampf gegen ihre Krebserkrankung gr\u00fcndeten Doris Jautz und Benny Rudiger vor drei Jahren den Verein \u201eRide2Live\u201c. Sie wollten anderen Betroffenen &hellip; <a href=\"https:\/\/www.freiburg-schwarzwald.de\/blog\/ride2live-weihnachtsgeschenke\/\">Weiterlesen <span class=\"meta-nav\">&rarr;<\/span><\/a><\/p>\n","protected":false},"author":4,"featured_media":0,"comment_status":"open","ping_status":"closed","sticky":false,"template":"","format":"standard","meta":{"footnotes":""},"categories":[36,62],"tags":[464,718,468],"class_list":["post-17719","post","type-post","status-publish","format-standard","hentry","category-engagement","category-krebs","tag-geschenk","tag-krebs","tag-weihnacht"],"_links":{"self":[{"href":"https:\/\/www.freiburg-schwarzwald.de\/blog\/wp-json\/wp\/v2\/posts\/17719","targetHints":{"allow":["GET"]}}],"collection":[{"href":"https:\/\/www.freiburg-schwarzwald.de\/blog\/wp-json\/wp\/v2\/posts"}],"about":[{"href":"https:\/\/www.freiburg-schwarzwald.de\/blog\/wp-json\/wp\/v2\/types\/post"}],"author":[{"embeddable":true,"href":"https:\/\/www.freiburg-schwarzwald.de\/blog\/wp-json\/wp\/v2\/users\/4"}],"replies":[{"embeddable":true,"href":"https:\/\/www.freiburg-schwarzwald.de\/blog\/wp-json\/wp\/v2\/comments?post=17719"}],"version-history":[{"count":0,"href":"https:\/\/www.freiburg-schwarzwald.de\/blog\/wp-json\/wp\/v2\/posts\/17719\/revisions"}],"wp:attachment":[{"href":"https:\/\/www.freiburg-schwarzwald.de\/blog\/wp-json\/wp\/v2\/media?parent=17719"}],"wp:term":[{"taxonomy":"category","embeddable":true,"href":"https:\/\/www.freiburg-schwarzwald.de\/blog\/wp-json\/wp\/v2\/categories?post=17719"},{"taxonomy":"post_tag","embeddable":true,"href":"https:\/\/www.freiburg-schwarzwald.de\/blog\/wp-json\/wp\/v2\/tags?post=17719"}],"curies":[{"name":"wp","href":"https:\/\/api.w.org\/{rel}","templated":true}]}}