{"id":17708,"date":"2012-12-12T19:40:22","date_gmt":"2012-12-12T18:40:22","guid":{"rendered":"https:\/\/www.freiburg-schwarzwald.de\/blog\/?p=17708"},"modified":"2012-12-21T20:55:47","modified_gmt":"2012-12-21T19:55:47","slug":"kleinkunst-in-der-klosterschiire-oberried","status":"publish","type":"post","link":"https:\/\/www.freiburg-schwarzwald.de\/blog\/kleinkunst-in-der-klosterschiire-oberried\/","title":{"rendered":"Kleinkunst in der Klosterschiire Oberried"},"content":{"rendered":"<p>Architektonisch ist die <a title=\"Oberried\" href=\"https:\/\/www.freiburg-schwarzwald.de\/blog\/regio\/orte\/oberried\/\">Oberrieder Klosterschiire<\/a>\u00a0ein Schmuckst\u00fcck. Bereits im ersten Jahr nach der Renovierung hat sie sich auch als Veranstaltungsort bew\u00e4hrt. Nun engagiert sich ein Arbeitskreis ehrenamtlicher Oberrieder B\u00fcrger, um die Klosterschiire auch kulturell zu einem Mittelpunkt der Gemeinde zu machen. Claudio R\u00f6hmer-Litzmann, Hanspeter Schweizer und Klaus Stork sind jetzt mit ihren Ideen f\u00fcr ein Kulturprogramm mit Kleinkunst, erg\u00e4nzend zu den gro\u00dfartigen Konzerten klassischer Barockmusik <!--more-->in der Klosterkirche, vom Kulturkreis Oberried organisiert, an die \u00d6ffentlichkeit gegangen.\u00a0Ihr erstes Jahresprogramm servierte nach dem Auftakt mit den \u201eOhrw\u00fcrmern\u201c jetzt Martin Wangler mit Mundart-Kabarett. Am 22. Februar 2013 folgt ein \u201eZauberhafter M\u00e4rchenabend\u201c mit M\u00e4rchenerz\u00e4hler Gidon Horowitz und Zauberer Michael Parl\u00e8z. Unglaubliche Magie mit \u201ePerkeo\u201c gibt es am 15. M\u00e4rz 2013, dem ein \u201eKleinkunst-Open-Air bei der Klosterscheune\u201c am 5. Juli 2013 und Musik mit der \u201eBoogie Connection\u201c am 11. Oktober 2013 folgen. Den Abschluss bilden dann in einem Jahr wieder die \u201eOhrw\u00fcrmer\u201c. Claudio R\u00f6hmer-Litzmann sagt gegen\u00fcber dem \u201eDreisamt\u00e4ler\u201c: \u201eMit unserer Kleinkunst-Arbeitsgemeinschaft und auch den Gruppen, die sich um den Kr\u00e4utergarten und den Markttag k\u00fcmmern, wollen wir Oberriedern eine Chance geben, sich ins Gemeindeleben einzubringen. Und so sind wir auch in der Kleinkunst-AG f\u00fcr weitere Mitmacher offen.\u201c<\/p>\n<p>&nbsp;<\/p>\n<p>Claudio R\u00f6hmer-Litzmann, Hanspeter Schweizer und Klaus Stork (v.l.) organisieren die \u201eKleinkunst in der Klosterschiire\u201c.\u00a0Foto: Gerhard L\u00fcck<\/p>\n<p>\u00a0Gerhard L\u00fcck, 12.12.2012, <a href=\"https:\/\/www.dreisamtaeler.de\">www.dreisamtaeler.de<\/a><\/p>\n","protected":false},"excerpt":{"rendered":"<p>Architektonisch ist die Oberrieder Klosterschiire\u00a0ein Schmuckst\u00fcck. Bereits im ersten Jahr nach der Renovierung hat sie sich auch als Veranstaltungsort bew\u00e4hrt. Nun engagiert sich ein Arbeitskreis ehrenamtlicher Oberrieder B\u00fcrger, um die Klosterschiire auch kulturell zu einem Mittelpunkt der Gemeinde zu machen. &hellip; <a href=\"https:\/\/www.freiburg-schwarzwald.de\/blog\/kleinkunst-in-der-klosterschiire-oberried\/\">Weiterlesen <span class=\"meta-nav\">&rarr;<\/span><\/a><\/p>\n","protected":false},"author":4,"featured_media":0,"comment_status":"open","ping_status":"closed","sticky":false,"template":"","format":"standard","meta":{"footnotes":""},"categories":[13,119,11],"tags":[392],"class_list":["post-17708","post","type-post","status-publish","format-standard","hentry","category-kultur","category-kunst","category-regio","tag-kleinkunst"],"_links":{"self":[{"href":"https:\/\/www.freiburg-schwarzwald.de\/blog\/wp-json\/wp\/v2\/posts\/17708","targetHints":{"allow":["GET"]}}],"collection":[{"href":"https:\/\/www.freiburg-schwarzwald.de\/blog\/wp-json\/wp\/v2\/posts"}],"about":[{"href":"https:\/\/www.freiburg-schwarzwald.de\/blog\/wp-json\/wp\/v2\/types\/post"}],"author":[{"embeddable":true,"href":"https:\/\/www.freiburg-schwarzwald.de\/blog\/wp-json\/wp\/v2\/users\/4"}],"replies":[{"embeddable":true,"href":"https:\/\/www.freiburg-schwarzwald.de\/blog\/wp-json\/wp\/v2\/comments?post=17708"}],"version-history":[{"count":0,"href":"https:\/\/www.freiburg-schwarzwald.de\/blog\/wp-json\/wp\/v2\/posts\/17708\/revisions"}],"wp:attachment":[{"href":"https:\/\/www.freiburg-schwarzwald.de\/blog\/wp-json\/wp\/v2\/media?parent=17708"}],"wp:term":[{"taxonomy":"category","embeddable":true,"href":"https:\/\/www.freiburg-schwarzwald.de\/blog\/wp-json\/wp\/v2\/categories?post=17708"},{"taxonomy":"post_tag","embeddable":true,"href":"https:\/\/www.freiburg-schwarzwald.de\/blog\/wp-json\/wp\/v2\/tags?post=17708"}],"curies":[{"name":"wp","href":"https:\/\/api.w.org\/{rel}","templated":true}]}}