{"id":17698,"date":"2012-12-12T19:16:05","date_gmt":"2012-12-12T18:16:05","guid":{"rendered":"https:\/\/www.freiburg-schwarzwald.de\/blog\/?p=17698"},"modified":"2012-12-12T19:19:15","modified_gmt":"2012-12-12T18:19:15","slug":"kinderweihnachtswunschbaum","status":"publish","type":"post","link":"https:\/\/www.freiburg-schwarzwald.de\/blog\/kinderweihnachtswunschbaum\/","title":{"rendered":"Kinderweihnachtswunschbaum"},"content":{"rendered":"<p>Seit Anfang Dezember schm\u00fcckt den Eingangsbereich des \u201eHotels Sonne\u201c in Kirchzarten ein von der Firma Alphaflor liebevoll dekorierter <a title=\"Weihnachten\" href=\"https:\/\/www.freiburg-schwarzwald.de\/blog\/religion\/kirchen\/weihnachten\/\">Weihnachtsbaum<\/a>. Dieser dient jedoch nicht (nur) zur Dekoration. Die Tanne ziert sch\u00f6ner Weihnachtsschmuck, aber auch selbst gebastelte, bunt bemalte Wunschzettel. Auf jedem dieser Zettel steht ein Kinderwunsch. Die <a title=\"Kinder\" href=\"https:\/\/www.freiburg-schwarzwald.de\/blog\/selbsthilfe\/kinder\/\">Kinder<\/a> des AWO-Wohnheimes \u201eAn der Brugga\u201c f\u00fcr <a title=\"Behinderung\" href=\"https:\/\/www.freiburg-schwarzwald.de\/blog\/selbsthilfe\/behinderung\/\">schwerbehinderte<\/a> Kinder in Oberried, der \u201eZarduna-F\u00f6rderschule\u201c in Zarten und <!--more-->der Gemeinschaftsunterkunft f\u00fcr Fl\u00fcchtlinge in Kirchzarten hatten die M\u00f6glichkeit, ihre Weihnachtsw\u00fcnsche auf eigens verzierte Bl\u00e4tter zu notieren, die nun an dem \u201eWunschbaum\u201c im Kirchzartener Hotel h\u00e4ngen. \u201eNun sollten Hotel- und Restaurantg\u00e4ste, Mitarbeiter und lokale Besucher diese Wunschzettel pfl\u00fccken und den jeweiligen Wunsch erf\u00fcllen oder eine Spende bei uns abgeben\u201c, so Hotelier Andreas Rombach. Gew\u00fcnscht werden CDs oder DVDs, Puppen, ferngesteuerte Autos, Bastelutensilien oder Malk\u00e4sten. Die \u201eSonne\u201c sammelt die gespendeten Geschenke und \u00fcberreicht sie den Kindern rechtzeitig vor dem Weihnachtsfest. Bereits zum f\u00fcnften Mal engagiert sich das \u201eHotel Sonne\u201c f\u00fcr bed\u00fcrftige Kinder des Dreisamtals und versucht mit dieser Aktion, Kinderaugen zum Leuchten zu bringen. Das Projekt wird durch Florian Wild von \u201eAlphaflor\u201c durch den dekorierten Weihnachtsbaum unterst\u00fctzt. Letztes Jahr konnten \u00fcber 60 W\u00fcnsche erf\u00fcllt werden. \u201eAlphaflor\u201c und dem \u201eSonne\u201c war es wichtig, Institutionen vor Ort zu unterst\u00fctzen. \u201eAuch im Dreisamtal gibt es viele Kinder, die Hilfe und Aufmunterung ben\u00f6tigen\u201c, so Florian Wild und Andreas Rombach. \u201eEs ist so einfach, mit wenigen Mitteln hilfsbed\u00fcrftigen Menschen eine Freude zu bereiten.\u201c<\/p>\n<p align=\"left\">\u00a0<a href=\"https:\/\/www.freiburg-schwarzwald.de\/blog\/kinderweihnachtswunschbaum\/sonne-wunschbaum2012\/\" rel=\"attachment wp-att-17701\"><img loading=\"lazy\" decoding=\"async\" class=\"alignnone size-thumbnail wp-image-17701\" title=\"sonne-wunschbaum2012\" src=\"https:\/\/www.freiburg-schwarzwald.de\/blog\/wp-content\/uploads\/2012\/12\/sonne-wunschbaum2012-180x120.jpg\" alt=\"\" width=\"180\" height=\"120\" srcset=\"https:\/\/www.freiburg-schwarzwald.de\/blog\/wp-content\/uploads\/2012\/12\/sonne-wunschbaum2012-180x120.jpg 180w, https:\/\/www.freiburg-schwarzwald.de\/blog\/wp-content\/uploads\/2012\/12\/sonne-wunschbaum2012-640x428.jpg 640w, https:\/\/www.freiburg-schwarzwald.de\/blog\/wp-content\/uploads\/2012\/12\/sonne-wunschbaum2012.jpg 641w\" sizes=\"auto, (max-width: 180px) 100vw, 180px\" \/><\/a><\/p>\n<p align=\"left\">Bereits zum f\u00fcnften Mal engagieren sich Andreas Rombach und Florian Wild (v.l.) mit dem \u201eWunschbaum\u201c im \u201eHotel Sonne\u201c f\u00fcr bed\u00fcrftige Kinder.\u00a0Foto: Gerhard L\u00fcck<\/p>\n<p align=\"left\">21.11.2012, Gerhard L\u00fcck, <a href=\"https:\/\/www.dreisamtaeler.de\">www.dreisamtaeler.de<\/a><\/p>\n","protected":false},"excerpt":{"rendered":"<p>Seit Anfang Dezember schm\u00fcckt den Eingangsbereich des \u201eHotels Sonne\u201c in Kirchzarten ein von der Firma Alphaflor liebevoll dekorierter Weihnachtsbaum. Dieser dient jedoch nicht (nur) zur Dekoration. Die Tanne ziert sch\u00f6ner Weihnachtsschmuck, aber auch selbst gebastelte, bunt bemalte Wunschzettel. Auf jedem &hellip; <a href=\"https:\/\/www.freiburg-schwarzwald.de\/blog\/kinderweihnachtswunschbaum\/\">Weiterlesen <span class=\"meta-nav\">&rarr;<\/span><\/a><\/p>\n","protected":false},"author":4,"featured_media":0,"comment_status":"open","ping_status":"closed","sticky":false,"template":"","format":"standard","meta":{"footnotes":""},"categories":[104,61],"tags":[464,468],"class_list":["post-17698","post","type-post","status-publish","format-standard","hentry","category-hilfe","category-kinder","tag-geschenk","tag-weihnacht"],"_links":{"self":[{"href":"https:\/\/www.freiburg-schwarzwald.de\/blog\/wp-json\/wp\/v2\/posts\/17698","targetHints":{"allow":["GET"]}}],"collection":[{"href":"https:\/\/www.freiburg-schwarzwald.de\/blog\/wp-json\/wp\/v2\/posts"}],"about":[{"href":"https:\/\/www.freiburg-schwarzwald.de\/blog\/wp-json\/wp\/v2\/types\/post"}],"author":[{"embeddable":true,"href":"https:\/\/www.freiburg-schwarzwald.de\/blog\/wp-json\/wp\/v2\/users\/4"}],"replies":[{"embeddable":true,"href":"https:\/\/www.freiburg-schwarzwald.de\/blog\/wp-json\/wp\/v2\/comments?post=17698"}],"version-history":[{"count":0,"href":"https:\/\/www.freiburg-schwarzwald.de\/blog\/wp-json\/wp\/v2\/posts\/17698\/revisions"}],"wp:attachment":[{"href":"https:\/\/www.freiburg-schwarzwald.de\/blog\/wp-json\/wp\/v2\/media?parent=17698"}],"wp:term":[{"taxonomy":"category","embeddable":true,"href":"https:\/\/www.freiburg-schwarzwald.de\/blog\/wp-json\/wp\/v2\/categories?post=17698"},{"taxonomy":"post_tag","embeddable":true,"href":"https:\/\/www.freiburg-schwarzwald.de\/blog\/wp-json\/wp\/v2\/tags?post=17698"}],"curies":[{"name":"wp","href":"https:\/\/api.w.org\/{rel}","templated":true}]}}