{"id":17537,"date":"2012-12-11T14:12:42","date_gmt":"2012-12-11T13:12:42","guid":{"rendered":"https:\/\/www.freiburg-schwarzwald.de\/blog\/?p=17537"},"modified":"2012-12-11T14:13:49","modified_gmt":"2012-12-11T13:13:49","slug":"breisgau-s-bahn-elztalbahn","status":"publish","type":"post","link":"https:\/\/www.freiburg-schwarzwald.de\/blog\/breisgau-s-bahn-elztalbahn\/","title":{"rendered":"Breisgau-S-Bahn Elztalbahn"},"content":{"rendered":"<p>Die Kosten f\u00fcr den Ausbau der\u00a0<a title=\"Verkehr\" href=\"https:\/\/www.freiburg-schwarzwald.de\/blog\/regio\/verkehr\/\">Breisgau<\/a>-S-Bahn-2020 explodieren. F\u00fcr die Elztalbahn soll die geplante<br \/>\nEinf\u00fchrung des 30-Minuten-Taktes statt 19 Millionen Euro jetzt 66 Millionen Euro kosten, das ist mehr als das Dreifache. Und bei der\u00a0<a title=\"Colmar-Freiburg\" href=\"https:\/\/www.freiburg-schwarzwald.de\/blog\/regio\/colmar-freiburg\/\">Breisach<\/a> Bahn verdoppeln sich die gesch\u00e4tzten Kosten von 66 Millionen\u00a0Euro auf 119 Millionen Euro. Im Gegensatz zur Deutschen <a title=\"Eisenbahn\" href=\"https:\/\/www.freiburg-schwarzwald.de\/blog\/regio\/verkehr\/eisenbahn\/\">Bahn<\/a> bleibt die\u00a0SWEG beim Ausbau der <a title=\"Muenstertal\" href=\"https:\/\/www.freiburg-schwarzwald.de\/blog\/regio\/orte\/muenstertal\/\">M\u00fcnstertalbahn<\/a> im Rahmen der urspr\u00fcnglichen\u00a0 Kostensch\u00e4tzung von etwa 14 Millionen Euro. <!--more-->Wenn in irgend einem &#8222;normalen Unternehmen&#8220; die Kosten sich verdreifachen, dann werden die Verantwortlichen entlassen. Die Bahn\u00a0scheint in diesem Sinne kein &#8222;normales Unternehmen&#8220; zu sein. Um es auf gut badisch zu sagen: &#8222;Die Bahn sucht einen Geldschisser&#8220; und\u00a0das sind entweder die SteuerzahlerInnen oder die BahnkundInnen. Die\u00a0Politik in S\u00fcdbaden sollte ernsthaft pr\u00fcfen, ob andere Unternehmen die Aufgaben des Fast-Monopolisten Bahn nicht kosten- und kundenfreundlicher \u00fcbernehmen k\u00f6nnten. Eine \u00dcbernahme der Bahninfrastruktur im Elztal und nach Breisach durch das Land k\u00f6nnte ein Schritt in die richtige Richtung sein.<br \/>\n11.12.2012, Axel Mayer, <a title=\"BUND\" href=\"https:\/\/www.freiburg-schwarzwald.de\/blog\/natur\/umwelt\/bund\/\">BUND<\/a>\u00a0Freiburg<\/p>\n","protected":false},"excerpt":{"rendered":"<p>Die Kosten f\u00fcr den Ausbau der\u00a0Breisgau-S-Bahn-2020 explodieren. F\u00fcr die Elztalbahn soll die geplante Einf\u00fchrung des 30-Minuten-Taktes statt 19 Millionen Euro jetzt 66 Millionen Euro kosten, das ist mehr als das Dreifache. Und bei der\u00a0Breisach Bahn verdoppeln sich die gesch\u00e4tzten Kosten &hellip; <a href=\"https:\/\/www.freiburg-schwarzwald.de\/blog\/breisgau-s-bahn-elztalbahn\/\">Weiterlesen <span class=\"meta-nav\">&rarr;<\/span><\/a><\/p>\n","protected":false},"author":4,"featured_media":0,"comment_status":"open","ping_status":"closed","sticky":false,"template":"","format":"standard","meta":{"footnotes":""},"categories":[273,11],"tags":[436],"class_list":["post-17537","post","type-post","status-publish","format-standard","hentry","category-einsenbahn","category-regio","tag-zug"],"_links":{"self":[{"href":"https:\/\/www.freiburg-schwarzwald.de\/blog\/wp-json\/wp\/v2\/posts\/17537","targetHints":{"allow":["GET"]}}],"collection":[{"href":"https:\/\/www.freiburg-schwarzwald.de\/blog\/wp-json\/wp\/v2\/posts"}],"about":[{"href":"https:\/\/www.freiburg-schwarzwald.de\/blog\/wp-json\/wp\/v2\/types\/post"}],"author":[{"embeddable":true,"href":"https:\/\/www.freiburg-schwarzwald.de\/blog\/wp-json\/wp\/v2\/users\/4"}],"replies":[{"embeddable":true,"href":"https:\/\/www.freiburg-schwarzwald.de\/blog\/wp-json\/wp\/v2\/comments?post=17537"}],"version-history":[{"count":0,"href":"https:\/\/www.freiburg-schwarzwald.de\/blog\/wp-json\/wp\/v2\/posts\/17537\/revisions"}],"wp:attachment":[{"href":"https:\/\/www.freiburg-schwarzwald.de\/blog\/wp-json\/wp\/v2\/media?parent=17537"}],"wp:term":[{"taxonomy":"category","embeddable":true,"href":"https:\/\/www.freiburg-schwarzwald.de\/blog\/wp-json\/wp\/v2\/categories?post=17537"},{"taxonomy":"post_tag","embeddable":true,"href":"https:\/\/www.freiburg-schwarzwald.de\/blog\/wp-json\/wp\/v2\/tags?post=17537"}],"curies":[{"name":"wp","href":"https:\/\/api.w.org\/{rel}","templated":true}]}}