{"id":17361,"date":"2012-12-10T10:57:19","date_gmt":"2012-12-10T09:57:19","guid":{"rendered":"https:\/\/www.freiburg-schwarzwald.de\/blog\/?p=17361"},"modified":"2012-12-10T11:04:22","modified_gmt":"2012-12-10T10:04:22","slug":"zeitfuerkinder-integrationspreis","status":"publish","type":"post","link":"https:\/\/www.freiburg-schwarzwald.de\/blog\/zeitfuerkinder-integrationspreis\/","title":{"rendered":"ZeitFuerKinder Integrationspreis"},"content":{"rendered":"<p>Die Initiative<a title=\"Fluechtlingswohnheim\" href=\"https:\/\/www.freiburg-schwarzwald.de\/blog\/selbsthilfe\/soziales\/fluechtlingswohnheim\/\"> ZeitF\u00fcrKinder<\/a> organisiert <a title=\"Ehrenamt\" href=\"https:\/\/www.freiburg-schwarzwald.de\/blog\/engagement\/ehrenamt\/\">ehrenamtliche<\/a> Patenschaften zwischen Anwohnern und Kindern aus dem <a title=\"Fluechtlingswohnheim\" href=\"https:\/\/www.freiburg-schwarzwald.de\/blog\/selbsthilfe\/soziales\/fluechtlingswohnheim\/\">Fl\u00fcchtlingsheim in der Hammerschmidtstra\u00dfe<\/a> in Freiturg-<a title=\"Oberwiehre\" href=\"https:\/\/www.freiburg-schwarzwald.de\/blog\/regio\/freiburg\/oberwiehre\/\">Oberwiehre-Waldsee<\/a>. 1996 hat die ehemalige Lehrerin Beate Campe damit begonnen, Roma-Kinder auf Spazierg\u00e4nge mitzunehmen. Heute machen unter der Regie der <a title=\"PH\" href=\"https:\/\/www.freiburg-schwarzwald.de\/blog\/bildung\/hochschulen\/ph\/\">PH<\/a>-Studentin Anna-Sophia Clemens 23 Paten mit: Mit den Kindern auf Verstanstaltungen gehen,\u00a0Ausfl\u00fcge machen, vermitteln. Am 8.12.2012 erhielt ZeitF\u00fcrKinder den\u00a0<a title=\"Integration\" href=\"https:\/\/www.freiburg-schwarzwald.de\/blog\/global\/integration\/\">Integrationspreis<\/a> der Stadt Freiburg..<!--more--><\/p>\n<p>ZeitF\u00fcrKinder in FR-Littenweiler:<br \/>\n<a href=\"https:\/\/zeitfuerkinder.wordpress.com\/\">https:\/\/zeitfuerkinder.wordpress.com\/<\/a><\/p>\n<p><strong>Zum 6. Mal Einb\u00fcrgerungsfeier &#8211; Zum ersten Mal\u00a0Integrationspreis &#8222;F\u00fcr eine offene Stadt&#8220;<\/strong><br \/>\nEs war eine ber\u00fchrende Feierstunde: Am Samstag fand im Historischen Kaufhaus zum sechsten Mal die Einb\u00fcrgerungsfeier der Stadt Freiburg statt. &#8230; Alles vom 10.12.2012 bitte lesen auf<br \/>\n<a href=\"https:\/\/www.badische-zeitung.de\/freiburg\/zeit-fuer-kinder-erhaelt-den-freiburger-integrationspreis--66694799.html\">https:\/\/www.badische-zeitung.de\/freiburg\/zeit-fuer-kinder-erhaelt-den-freiburger-integrationspreis&#8211;66694799.html<\/a><\/p>\n","protected":false},"excerpt":{"rendered":"<p>Die Initiative ZeitF\u00fcrKinder organisiert ehrenamtliche Patenschaften zwischen Anwohnern und Kindern aus dem Fl\u00fcchtlingsheim in der Hammerschmidtstra\u00dfe in Freiturg-Oberwiehre-Waldsee. 1996 hat die ehemalige Lehrerin Beate Campe damit begonnen, Roma-Kinder auf Spazierg\u00e4nge mitzunehmen. Heute machen unter der Regie der PH-Studentin Anna-Sophia Clemens &hellip; <a href=\"https:\/\/www.freiburg-schwarzwald.de\/blog\/zeitfuerkinder-integrationspreis\/\">Weiterlesen <span class=\"meta-nav\">&rarr;<\/span><\/a><\/p>\n","protected":false},"author":4,"featured_media":0,"comment_status":"open","ping_status":"closed","sticky":false,"template":"","format":"standard","meta":{"footnotes":""},"categories":[155,60],"tags":[481,725,324],"class_list":["post-17361","post","type-post","status-publish","format-standard","hentry","category-integration","category-jugend","tag-asyl","tag-integration","tag-patenschaft"],"_links":{"self":[{"href":"https:\/\/www.freiburg-schwarzwald.de\/blog\/wp-json\/wp\/v2\/posts\/17361","targetHints":{"allow":["GET"]}}],"collection":[{"href":"https:\/\/www.freiburg-schwarzwald.de\/blog\/wp-json\/wp\/v2\/posts"}],"about":[{"href":"https:\/\/www.freiburg-schwarzwald.de\/blog\/wp-json\/wp\/v2\/types\/post"}],"author":[{"embeddable":true,"href":"https:\/\/www.freiburg-schwarzwald.de\/blog\/wp-json\/wp\/v2\/users\/4"}],"replies":[{"embeddable":true,"href":"https:\/\/www.freiburg-schwarzwald.de\/blog\/wp-json\/wp\/v2\/comments?post=17361"}],"version-history":[{"count":0,"href":"https:\/\/www.freiburg-schwarzwald.de\/blog\/wp-json\/wp\/v2\/posts\/17361\/revisions"}],"wp:attachment":[{"href":"https:\/\/www.freiburg-schwarzwald.de\/blog\/wp-json\/wp\/v2\/media?parent=17361"}],"wp:term":[{"taxonomy":"category","embeddable":true,"href":"https:\/\/www.freiburg-schwarzwald.de\/blog\/wp-json\/wp\/v2\/categories?post=17361"},{"taxonomy":"post_tag","embeddable":true,"href":"https:\/\/www.freiburg-schwarzwald.de\/blog\/wp-json\/wp\/v2\/tags?post=17361"}],"curies":[{"name":"wp","href":"https:\/\/api.w.org\/{rel}","templated":true}]}}