{"id":17350,"date":"2012-12-10T10:19:33","date_gmt":"2012-12-10T09:19:33","guid":{"rendered":"https:\/\/www.freiburg-schwarzwald.de\/blog\/?p=17350"},"modified":"2012-12-10T10:30:04","modified_gmt":"2012-12-10T09:30:04","slug":"muensterturm-handtuecher","status":"publish","type":"post","link":"https:\/\/www.freiburg-schwarzwald.de\/blog\/muensterturm-handtuecher\/","title":{"rendered":"Muensterturm-Handtuecher"},"content":{"rendered":"<p>Der<a title=\"Muenster\" href=\"https:\/\/www.freiburg-schwarzwald.de\/blog\/religion\/kirchen\/muenster\/\"> M\u00fcnsterturm <\/a>hautnah: Die M\u00fcnsterturm-Handt\u00fccher, die das Bettenhaus Stiegeler am <a title=\"Gottfried Beck 80 Jahre engagiert\" href=\"https:\/\/www.freiburg-schwarzwald.de\/blog\/gottfried-beck-80-jahre-engagiert\/\">Augustinerplatz<\/a> exklusiv herausgebracht hat, gibt es in einer neuen Edition. Jedes verkaufte Tuch\u00a0<a title=\"Spende\" href=\"https:\/\/www.freiburg-schwarzwald.de\/blog\/engagement\/spende\/\">unterst\u00fctzt<\/a> direkt die Aktion \u201eWir bauen mit!\u201c zur Sanierung des Freiburger M\u00fcnsterturms mit drei bzw. f\u00fcnf Euro. Die Handt\u00fccher mit dem Freiburger Wahrzeichen in einer dreidimensionalen Relief-Webung gibts in f\u00fcnf neuen Farben.<!--more-->Pink, Lindgr\u00fcn, Eisblau, Flieder und Silber geh\u00f6ren ab sofort zum Sortiment. Au\u00dferdem gibt es nun gro\u00dfe Duscht\u00fccher in Bordeaux, Taubenblau und Anthrazit. \u00a0\u201eWir sind sicher, mit diesen frischen Farben verst\u00e4rkt J\u00fcngere anzusprechen\u201c, zeigt sich Gesch\u00e4ftsf\u00fchrerin Henrike Beck \u00fcberzeugt vom neuen Farbkonzept. Aber auch die bisher erh\u00e4ltlichen Farben Apricot, Bordeaux, Taubenblau, Russischgr\u00fcn, Erdfarben, Naturstein und Anthrazit sind weiter im Programm. Die handgearbeiteten Handt\u00fccher kosten 17,95 Euro. Neu sind auch die Duscht\u00fccher. Sie sind in insgesamt drei Farben f\u00fcr jeweils 39,95 Euro erh\u00e4ltlich. Drei beziehungsweise f\u00fcnf Euro pro St\u00fcck flie\u00dfen direkt in die Sanierung des Freiburger M\u00fcnsterturms.<\/p>\n<p><a href=\"https:\/\/www.freiburg-schwarzwald.de\/blog\/muensterturm-handtuecher\/muensterturm-handtuecher2012\/\" rel=\"attachment wp-att-17355\"><img loading=\"lazy\" decoding=\"async\" class=\"alignnone size-thumbnail wp-image-17355\" title=\"muensterturm-handtuecher2012\" src=\"https:\/\/www.freiburg-schwarzwald.de\/blog\/wp-content\/uploads\/2012\/12\/muensterturm-handtuecher2012-180x136.jpg\" alt=\"\" width=\"180\" height=\"136\" srcset=\"https:\/\/www.freiburg-schwarzwald.de\/blog\/wp-content\/uploads\/2012\/12\/muensterturm-handtuecher2012-180x136.jpg 180w, https:\/\/www.freiburg-schwarzwald.de\/blog\/wp-content\/uploads\/2012\/12\/muensterturm-handtuecher2012.jpg 639w\" sizes=\"auto, (max-width: 180px) 100vw, 180px\" \/><\/a>\u00a0M\u00fcnsterturm-Handt\u00fccher<\/p>\n","protected":false},"excerpt":{"rendered":"<p>Der M\u00fcnsterturm hautnah: Die M\u00fcnsterturm-Handt\u00fccher, die das Bettenhaus Stiegeler am Augustinerplatz exklusiv herausgebracht hat, gibt es in einer neuen Edition. Jedes verkaufte Tuch\u00a0unterst\u00fctzt direkt die Aktion \u201eWir bauen mit!\u201c zur Sanierung des Freiburger M\u00fcnsterturms mit drei bzw. f\u00fcnf Euro. Die &hellip; <a href=\"https:\/\/www.freiburg-schwarzwald.de\/blog\/muensterturm-handtuecher\/\">Weiterlesen <span class=\"meta-nav\">&rarr;<\/span><\/a><\/p>\n","protected":false},"author":4,"featured_media":0,"comment_status":"open","ping_status":"closed","sticky":false,"template":"","format":"standard","meta":{"footnotes":""},"categories":[161],"tags":[464,480,270],"class_list":["post-17350","post","type-post","status-publish","format-standard","hentry","category-spende","tag-geschenk","tag-munster","tag-gift"],"_links":{"self":[{"href":"https:\/\/www.freiburg-schwarzwald.de\/blog\/wp-json\/wp\/v2\/posts\/17350","targetHints":{"allow":["GET"]}}],"collection":[{"href":"https:\/\/www.freiburg-schwarzwald.de\/blog\/wp-json\/wp\/v2\/posts"}],"about":[{"href":"https:\/\/www.freiburg-schwarzwald.de\/blog\/wp-json\/wp\/v2\/types\/post"}],"author":[{"embeddable":true,"href":"https:\/\/www.freiburg-schwarzwald.de\/blog\/wp-json\/wp\/v2\/users\/4"}],"replies":[{"embeddable":true,"href":"https:\/\/www.freiburg-schwarzwald.de\/blog\/wp-json\/wp\/v2\/comments?post=17350"}],"version-history":[{"count":0,"href":"https:\/\/www.freiburg-schwarzwald.de\/blog\/wp-json\/wp\/v2\/posts\/17350\/revisions"}],"wp:attachment":[{"href":"https:\/\/www.freiburg-schwarzwald.de\/blog\/wp-json\/wp\/v2\/media?parent=17350"}],"wp:term":[{"taxonomy":"category","embeddable":true,"href":"https:\/\/www.freiburg-schwarzwald.de\/blog\/wp-json\/wp\/v2\/categories?post=17350"},{"taxonomy":"post_tag","embeddable":true,"href":"https:\/\/www.freiburg-schwarzwald.de\/blog\/wp-json\/wp\/v2\/tags?post=17350"}],"curies":[{"name":"wp","href":"https:\/\/api.w.org\/{rel}","templated":true}]}}