{"id":17345,"date":"2012-12-10T09:43:43","date_gmt":"2012-12-10T08:43:43","guid":{"rendered":"https:\/\/www.freiburg-schwarzwald.de\/blog\/?p=17345"},"modified":"2012-12-10T09:45:37","modified_gmt":"2012-12-10T08:45:37","slug":"weihnachtslieder-interpretation","status":"publish","type":"post","link":"https:\/\/www.freiburg-schwarzwald.de\/blog\/weihnachtslieder-interpretation\/","title":{"rendered":"Weihnachtslieder &#8211; Interpretation"},"content":{"rendered":"<p>Interpretation von Weihnachtsliedern:\u00a0Advents- und Weihnachtslieder werden gern <a title=\"Musikvereine\" href=\"https:\/\/www.freiburg-schwarzwald.de\/blog\/vereine\/musikvereine\/\">gesungen<\/a>; ihr Text aber wird oft falsch verstanden. Warum ist das Jesulein \u201es\u00fc\u00df&#8220;? Was ist das f\u00fcr ein Schiff, das da geladen kommt? Was wird an <a title=\"Weihnachten\" href=\"https:\/\/www.freiburg-schwarzwald.de\/blog\/religion\/kirchen\/weihnachten\/\">Weihnachten<\/a> geweiht? Der Referent erkl\u00e4rt die Texte und er\u00f6ffnet \u00fcberraschende Einsichten. Das Bildungswerk der Senioren St. Barbara l\u00e4dt hierzu am Dienstag, 11.12.12 um 15.00 Uhr\u00a0ins Gemeindeheim St. Barbara, Freiburg-Littenweiler, Ebneter Weg (bei Reinhold Schneider Schule)\u00a0ein. Referent ist Prof. Dr. Konrad Kunze, Freiburg.<\/p>\n","protected":false},"excerpt":{"rendered":"<p>Interpretation von Weihnachtsliedern:\u00a0Advents- und Weihnachtslieder werden gern gesungen; ihr Text aber wird oft falsch verstanden. Warum ist das Jesulein \u201es\u00fc\u00df&#8220;? Was ist das f\u00fcr ein Schiff, das da geladen kommt? Was wird an Weihnachten geweiht? Der Referent erkl\u00e4rt die Texte &hellip; <a href=\"https:\/\/www.freiburg-schwarzwald.de\/blog\/weihnachtslieder-interpretation\/\">Weiterlesen <span class=\"meta-nav\">&rarr;<\/span><\/a><\/p>\n","protected":false},"author":4,"featured_media":0,"comment_status":"open","ping_status":"closed","sticky":false,"template":"","format":"standard","meta":{"footnotes":""},"categories":[18,97,120],"tags":[477,468],"class_list":["post-17345","post","type-post","status-publish","format-standard","hentry","category-bildung","category-liedermacher","category-musik","tag-lied","tag-weihnacht"],"_links":{"self":[{"href":"https:\/\/www.freiburg-schwarzwald.de\/blog\/wp-json\/wp\/v2\/posts\/17345","targetHints":{"allow":["GET"]}}],"collection":[{"href":"https:\/\/www.freiburg-schwarzwald.de\/blog\/wp-json\/wp\/v2\/posts"}],"about":[{"href":"https:\/\/www.freiburg-schwarzwald.de\/blog\/wp-json\/wp\/v2\/types\/post"}],"author":[{"embeddable":true,"href":"https:\/\/www.freiburg-schwarzwald.de\/blog\/wp-json\/wp\/v2\/users\/4"}],"replies":[{"embeddable":true,"href":"https:\/\/www.freiburg-schwarzwald.de\/blog\/wp-json\/wp\/v2\/comments?post=17345"}],"version-history":[{"count":0,"href":"https:\/\/www.freiburg-schwarzwald.de\/blog\/wp-json\/wp\/v2\/posts\/17345\/revisions"}],"wp:attachment":[{"href":"https:\/\/www.freiburg-schwarzwald.de\/blog\/wp-json\/wp\/v2\/media?parent=17345"}],"wp:term":[{"taxonomy":"category","embeddable":true,"href":"https:\/\/www.freiburg-schwarzwald.de\/blog\/wp-json\/wp\/v2\/categories?post=17345"},{"taxonomy":"post_tag","embeddable":true,"href":"https:\/\/www.freiburg-schwarzwald.de\/blog\/wp-json\/wp\/v2\/tags?post=17345"}],"curies":[{"name":"wp","href":"https:\/\/api.w.org\/{rel}","templated":true}]}}