{"id":17287,"date":"2012-12-08T15:37:36","date_gmt":"2012-12-08T14:37:36","guid":{"rendered":"https:\/\/www.freiburg-schwarzwald.de\/blog\/?p=17287"},"modified":"2016-02-01T10:53:49","modified_gmt":"2016-02-01T09:53:49","slug":"tageszeitung-ist-unverzichtbar","status":"publish","type":"post","link":"https:\/\/www.freiburg-schwarzwald.de\/blog\/tageszeitung-ist-unverzichtbar\/","title":{"rendered":"Tageszeitung ist unverzichtbar"},"content":{"rendered":"<p>Die <a title=\"BZ\" href=\"https:\/\/www.freiburg-schwarzwald.de\/blog\/kultur\/medien\/zeitung\/bz\/\">Badische Zeitung<\/a>\u00a0berichtet von der globalisierten Welt, vom eigenen Land, von der regionalen Umgebung bis zur eigenen Stadt oder dem eigenen Dorf. Sie vermittelt damit <a title=\"Heimat\" href=\"https:\/\/www.freiburg-schwarzwald.de\/blog\/regio\/heimat\/\">Heimat<\/a>, die badische Heimat, die so einzigartig, wie komplex und differenziert ist und immer ein besonderes Fleckchen Erde. Ohne T\u00fcmelei und Ausgrenzung will sie das badische Lebensgef\u00fchl und die badische Sicht der Dinge vermitteln. <!--more-->Dabei geht die Zeitung mit der Zeit, bleibt modern, nicht modisch. In den vergangenen Jahren haben sich die elektronischen Angebote rasant entwickelt. Als Zeitungshaus k\u00f6nnten wir ohne unseren Internetauftritt gar nicht mehr \u00fcberall pr\u00e4sent sein. Die \u00e4u\u00dfere Form \u2013 ob gedruckt oder digital \u2013 wird deshalb zunehmend zweitrangig. Wichtig ist die Servicefunktion, die guter <a title=\"Zeitung\" href=\"https:\/\/www.freiburg-schwarzwald.de\/blog\/kultur\/medien\/zeitung\/\">Journalismus<\/a> erf\u00fcllt&#8230;..<br \/>\nAlles von Christian Hodeige vom 8.12.2012 bitte lesen auf<br \/>\n<a href=\"https:\/\/www.badische-zeitung.de\/warum-die-tageszeitung-unverzichtbar-ist\">www.badische-zeitung.de\/warum-die-tageszeitung-unverzichtbar-ist<\/a><\/p>\n<p><strong>Die BZ ist politisch korrekt<\/strong><br \/>\nIch teile den Optimismus Herrn Hodeiges nicht. Die Badische Zeitung geht den Weg der Frankfurter Rundschau und der Financial Times. Sie ist politisch korrekt, und das hei\u00dft heute links. Sie blendet einen wichtigen Teil der Realit\u00e4t weitgehend aus &#8211; darunter die Positionen der Eurokritiker, den Linksradikalismus, die Probleme mit Multikulti und erzeugt eine Scheinrealit\u00e4t. Die Leser, die mit beiden Beinen im Leben stehen, lassen sich das nicht endlos gefallen. Versucht die Realit\u00e4t per online-Kommentar dennoch durchzudringen, wird sie oft genug zensiert (neudeutsch: editiert). Wie wahrscheinlich auch dieser Beitrag.<br \/>\n8.12.2012, Martin Mattm\u00fcller<\/p>\n<p><strong>Kein Tag ohne die BZ<\/strong><br \/>\n&#8230;gemotze hin oder her, richtig recht machen kann man es eh keinem, ich bin froh solch ein regionales blatt zu haben. selbst im urlaub bin ich immer \u00fcber die heimat informiert. f\u00fcr mich w\u00e4re ein tag ohne die BZ ganz einfach ein schei\u00df tag!<br \/>\n8.12.2012, Patrik Zenker<\/p>\n<p><strong>Wenn jeder entscheiden k\u00f6nnte g\u00e4be es soviele unterschiedliche Zeitungen wie Abonnenten, n\u00e4mlich 140.000!<\/strong><br \/>\nWas soll das ganze gemeckere \u00fcber die BZ? Dem einen ist sie zu politisch dem anderen zu neutral. Ein Anderer sagt die Redakteure w\u00fcrden zu wenig Stellung beziehen und gleichzeitig seien sie zu unpolitisch. Dem einen ist sie viel zu links dem andern zu weit rechts. Und ja Rechtschreibfehler machen die ja sowieso viel zu viel. (mal ehrlich: wer von uns kann noch fehlerfrei schreiben im Zeitalter von SMS und Internet? Sieht man ja an den ganzen vermurksten Kommentaren).<br \/>\nWenn jeder entscheiden k\u00f6nnte, g\u00e4be es soviele unterschiedliche Zeitungen wie Abonnenten, n\u00e4mlich 140.000 ! Klar gibt es im Internet derzeit (fast) alles kostenlos, aber diese Zeiten werden bald vorbei sein. Sonst wird ja wirklich f\u00fcr jeden Scheixxx Geld ausgegeben, sogar f\u00fcr Klingelt\u00f6ne. Ich pers\u00f6nlich bin gerne bereit, f\u00fcr eine gute Zeitung, gute Artikel und fundierte Recherche zu bezahlen. Die (gedruckte) BZ geh\u00f6rt bei mir auf den Fr\u00fchst\u00fcckstisch wie Brot und Marmelade und die gibts halt auch nicht kostenlos!<br \/>\n8.12.2012, Robin B\u00fchler<\/p>\n","protected":false},"excerpt":{"rendered":"<p>Die Badische Zeitung\u00a0berichtet von der globalisierten Welt, vom eigenen Land, von der regionalen Umgebung bis zur eigenen Stadt oder dem eigenen Dorf. Sie vermittelt damit Heimat, die badische Heimat, die so einzigartig, wie komplex und differenziert ist und immer ein &hellip; <a href=\"https:\/\/www.freiburg-schwarzwald.de\/blog\/tageszeitung-ist-unverzichtbar\/\">Weiterlesen <span class=\"meta-nav\">&rarr;<\/span><\/a><\/p>\n","protected":false},"author":4,"featured_media":0,"comment_status":"open","ping_status":"closed","sticky":false,"template":"","format":"standard","meta":{"footnotes":""},"categories":[139,80,11],"tags":[439,438],"class_list":["post-17287","post","type-post","status-publish","format-standard","hentry","category-heimat","category-medien","category-regio","tag-journalist","tag-zeitung"],"_links":{"self":[{"href":"https:\/\/www.freiburg-schwarzwald.de\/blog\/wp-json\/wp\/v2\/posts\/17287","targetHints":{"allow":["GET"]}}],"collection":[{"href":"https:\/\/www.freiburg-schwarzwald.de\/blog\/wp-json\/wp\/v2\/posts"}],"about":[{"href":"https:\/\/www.freiburg-schwarzwald.de\/blog\/wp-json\/wp\/v2\/types\/post"}],"author":[{"embeddable":true,"href":"https:\/\/www.freiburg-schwarzwald.de\/blog\/wp-json\/wp\/v2\/users\/4"}],"replies":[{"embeddable":true,"href":"https:\/\/www.freiburg-schwarzwald.de\/blog\/wp-json\/wp\/v2\/comments?post=17287"}],"version-history":[{"count":0,"href":"https:\/\/www.freiburg-schwarzwald.de\/blog\/wp-json\/wp\/v2\/posts\/17287\/revisions"}],"wp:attachment":[{"href":"https:\/\/www.freiburg-schwarzwald.de\/blog\/wp-json\/wp\/v2\/media?parent=17287"}],"wp:term":[{"taxonomy":"category","embeddable":true,"href":"https:\/\/www.freiburg-schwarzwald.de\/blog\/wp-json\/wp\/v2\/categories?post=17287"},{"taxonomy":"post_tag","embeddable":true,"href":"https:\/\/www.freiburg-schwarzwald.de\/blog\/wp-json\/wp\/v2\/tags?post=17287"}],"curies":[{"name":"wp","href":"https:\/\/api.w.org\/{rel}","templated":true}]}}