{"id":17262,"date":"2012-12-08T16:18:34","date_gmt":"2012-12-08T15:18:34","guid":{"rendered":"https:\/\/www.freiburg-schwarzwald.de\/blog\/?p=17262"},"modified":"2012-12-08T16:19:56","modified_gmt":"2012-12-08T15:19:56","slug":"engagierte-freiburger-geehrt","status":"publish","type":"post","link":"https:\/\/www.freiburg-schwarzwald.de\/blog\/engagierte-freiburger-geehrt\/","title":{"rendered":"Engagierte Freiburger geehrt"},"content":{"rendered":"<p>Stellvertretend f\u00fcr die Gesamtheit der <a title=\"Engagement\" href=\"https:\/\/www.freiburg-schwarzwald.de\/blog\/engagement\/\">Engagierten<\/a> in Freiburg hat B\u00fcrgermeister Ulrich von Kirchbach am\u00a06.12.2012 drei Personen und zwei Projekte aus Anlass des Internationalen Tags des <a title=\"Ehrenamt\" href=\"https:\/\/www.freiburg-schwarzwald.de\/blog\/engagement\/ehrenamt\/\">Ehrenamts<\/a> ausgezeichnet. Au\u00dferdem wurden der Wilhelm-Oberle-Sozialpreis und der AOK-Pr\u00e4ventionspreis vergeben. &#8222;Das b\u00fcrgerschaftliche Engagement geh\u00f6rt zu den tragenden S\u00e4ulen unserer Gesellschaft&#8220;, so Kirchbach. Jeder Dritte in Freiburg \u00fcber 14 Jahren engagiere sich in irgendeiner Weise ehrenamtlich. <!--more-->Aus 40 Vorschl\u00e4gen hatte eine Jury folgende\u00a0Geehrte der Stadt Freiburg ausgew\u00e4hlt.\u00a0<\/p>\n<ul>\n<li>Matthias Schmidt, der sich seit 1998 im Natur- und Artenschutz und da vor allem f\u00fcr die Alpensegler engagiert.<\/li>\n<li>Brigitte Kammerer ist im <a title=\"Soziales\" href=\"https:\/\/www.freiburg-schwarzwald.de\/blog\/selbsthilfe\/soziales\/\">Sozialverband VdK <\/a>und vertritt seit 1999 in verschiedenen Gremien die Interessen von Behinderten, chronisch Kranken, Rentnern und anderen.<\/li>\n<li>Horst Luppe ist seit 1979 in der Freiburger Friedensbewegung aktiv und setzt sich als Mitbegr\u00fcnder des Freiburger Friedensb\u00fcros f\u00fcr ein Leben ohne Krieg ein.<\/li>\n<li>&#8222;Sprint&#8220; (Sprachliche und soziale Integration von Kindern mit Migrationshintergrund) wurde 2006 als Sozialprojekt der <a title=\"Stiftungen\" href=\"https:\/\/www.freiburg-schwarzwald.de\/blog\/business\/stiftungen\/\">B\u00fcrgerstiftung<\/a> und der Adolf-Reichwein-Schule begr\u00fcndet.<\/li>\n<li>Ausgezeichnet wurde auch das Mehrgenerationenhaus Weingarten, Begegnungshaus f\u00fcr alle Generationen.<\/li>\n<li>Den Wilhelm-Oberle-Sozialpreis bekam der Dienstagsclub als \u00fcberparteilicher und \u00fcberkonfessioneller Treffpunkt.<\/li>\n<li>Und den AOK-Preis &#8222;Pr\u00e4ventives gesundheitsbewusstes Engagement&#8220; erhielt die Bewohnervertretung im Breisacher Hof. <!-- RSPEAK_STOP --><\/li>\n<\/ul>\n","protected":false},"excerpt":{"rendered":"<p>Stellvertretend f\u00fcr die Gesamtheit der Engagierten in Freiburg hat B\u00fcrgermeister Ulrich von Kirchbach am\u00a06.12.2012 drei Personen und zwei Projekte aus Anlass des Internationalen Tags des Ehrenamts ausgezeichnet. Au\u00dferdem wurden der Wilhelm-Oberle-Sozialpreis und der AOK-Pr\u00e4ventionspreis vergeben. &#8222;Das b\u00fcrgerschaftliche Engagement geh\u00f6rt zu &hellip; <a href=\"https:\/\/www.freiburg-schwarzwald.de\/blog\/engagierte-freiburger-geehrt\/\">Weiterlesen <span class=\"meta-nav\">&rarr;<\/span><\/a><\/p>\n","protected":false},"author":4,"featured_media":0,"comment_status":"open","ping_status":"closed","sticky":false,"template":"","format":"standard","meta":{"footnotes":""},"categories":[54,36],"tags":[717,289],"class_list":["post-17262","post","type-post","status-publish","format-standard","hentry","category-ehrenamt","category-engagement","tag-ehrenamt","tag-preis"],"_links":{"self":[{"href":"https:\/\/www.freiburg-schwarzwald.de\/blog\/wp-json\/wp\/v2\/posts\/17262","targetHints":{"allow":["GET"]}}],"collection":[{"href":"https:\/\/www.freiburg-schwarzwald.de\/blog\/wp-json\/wp\/v2\/posts"}],"about":[{"href":"https:\/\/www.freiburg-schwarzwald.de\/blog\/wp-json\/wp\/v2\/types\/post"}],"author":[{"embeddable":true,"href":"https:\/\/www.freiburg-schwarzwald.de\/blog\/wp-json\/wp\/v2\/users\/4"}],"replies":[{"embeddable":true,"href":"https:\/\/www.freiburg-schwarzwald.de\/blog\/wp-json\/wp\/v2\/comments?post=17262"}],"version-history":[{"count":0,"href":"https:\/\/www.freiburg-schwarzwald.de\/blog\/wp-json\/wp\/v2\/posts\/17262\/revisions"}],"wp:attachment":[{"href":"https:\/\/www.freiburg-schwarzwald.de\/blog\/wp-json\/wp\/v2\/media?parent=17262"}],"wp:term":[{"taxonomy":"category","embeddable":true,"href":"https:\/\/www.freiburg-schwarzwald.de\/blog\/wp-json\/wp\/v2\/categories?post=17262"},{"taxonomy":"post_tag","embeddable":true,"href":"https:\/\/www.freiburg-schwarzwald.de\/blog\/wp-json\/wp\/v2\/tags?post=17262"}],"curies":[{"name":"wp","href":"https:\/\/api.w.org\/{rel}","templated":true}]}}