{"id":17239,"date":"2012-12-08T15:07:02","date_gmt":"2012-12-08T14:07:02","guid":{"rendered":"https:\/\/www.freiburg-schwarzwald.de\/blog\/?p=17239"},"modified":"2012-12-08T15:58:44","modified_gmt":"2012-12-08T14:58:44","slug":"blauwal-freiburg-mulhouse","status":"publish","type":"post","link":"https:\/\/www.freiburg-schwarzwald.de\/blog\/blauwal-freiburg-mulhouse\/","title":{"rendered":"Blauwal Freiburg-Mulhouse"},"content":{"rendered":"<p>Nach 30j\u00e4hriger Unterbrechung gibt es ab Sonntag 9.12.2012 wieder eine direkte\u00a0S-Bahn-Verbindung zwischen Freiburg und Mulhouse. Der &#8222;Blauwal&#8220; genannte Zug f\u00e4hrt 7mal t\u00e4glich von FR \u00fcber M\u00fcllheim nach <a title=\"Mulhouse\" href=\"https:\/\/www.freiburg-schwarzwald.de\/blog\/regio\/elsass\/mulhouse\/\">Mulhouse<\/a> und zur\u00fcck. Fahrpreis einfach mit Regiokarte 4,30 Euro. 23 Mio Euro investierte F in die eingleisige <a title=\"Verkehr\" href=\"https:\/\/www.freiburg-schwarzwald.de\/blog\/regio\/verkehr\/\">Bahnstrecke<\/a> von Neuenburg nach Mulhouse, 2,3 Mio Euro steckte die EU \u00fcber das Interreg-Projekt in die automatische Grenzblock Signaltechnik. Ab Sept 2013 wird der TGV Freiburg direkt mit Paris verbinden. <!--more--><\/p>\n<p><strong>S-Bahnverbindung von FR nach Mulhouse und weiter\u00a0nach Paris und Marseille<\/strong><br \/>\nMulhouse besitzt einen Schnellzug-Bahnhof. &#8222;Die Anschl\u00fcsse des Blauwals an die TGV nach Paris sind ordentlich, an die Z\u00fcgen nach S\u00fcden sind sie leider nicht ganz optimal&#8220;, sagt Siegfried Klausmann vom Reiseb\u00fcro Gleisnost. Der TGV braucht nach Marseille von Mulhouse aus keine f\u00fcnf Stunden.<br \/>\nAlles vom 7.12.2012 bitte lesen auf<br \/>\n<a href=\"https:\/\/www.badische-zeitung.de\/freiburg\/s-bahn-verbindung-nach-mulhouse-nimmt-fahrt-auf--66645372.html\">https:\/\/www.badische-zeitung.de\/freiburg\/s-bahn-verbindung-nach-mulhouse-nimmt-fahrt-auf&#8211;66645372.html<\/a><\/p>\n<p><strong>D\u00e9couverte A partir du dimanche 9\u00a0d\u00e9cembre &#8211; Fribourg en train<br \/>\n<\/strong>D\u00e8s ce dimanche 9\u00a0d\u00e9cembre, la ligne ferroviaire Mulhouse-Mulheim-Fribourg sera rouverte et accessible au quotidien. L\u2019occasion pour les habitants du Sud-Alsace de d\u00e9couvrir plus facilement nos voisins de Fribourg. Dans le cadre d\u2019un \u00e9change entre les DNA et la Badische Zeitung, voil\u00e0 une balade \u00e0 lire sur la ville de Fribourg.<br \/>\n7.12.2012 <a href=\"https:\/\/www.dna.fr\/edition-de-mulhouse-et-thann\/2012\/12\/07\/fribourg-en-train\">https:\/\/www.dna.fr\/edition-de-mulhouse-et-thann\/2012\/12\/07\/fribourg-en-train<\/a><\/p>\n","protected":false},"excerpt":{"rendered":"<p>Nach 30j\u00e4hriger Unterbrechung gibt es ab Sonntag 9.12.2012 wieder eine direkte\u00a0S-Bahn-Verbindung zwischen Freiburg und Mulhouse. Der &#8222;Blauwal&#8220; genannte Zug f\u00e4hrt 7mal t\u00e4glich von FR \u00fcber M\u00fcllheim nach Mulhouse und zur\u00fcck. Fahrpreis einfach mit Regiokarte 4,30 Euro. 23 Mio Euro investierte &hellip; <a href=\"https:\/\/www.freiburg-schwarzwald.de\/blog\/blauwal-freiburg-mulhouse\/\">Weiterlesen <span class=\"meta-nav\">&rarr;<\/span><\/a><\/p>\n","protected":false},"author":4,"featured_media":0,"comment_status":"open","ping_status":"closed","sticky":false,"template":"","format":"standard","meta":{"footnotes":""},"categories":[273,191],"tags":[436],"class_list":["post-17239","post","type-post","status-publish","format-standard","hentry","category-einsenbahn","category-elsass","tag-zug"],"_links":{"self":[{"href":"https:\/\/www.freiburg-schwarzwald.de\/blog\/wp-json\/wp\/v2\/posts\/17239","targetHints":{"allow":["GET"]}}],"collection":[{"href":"https:\/\/www.freiburg-schwarzwald.de\/blog\/wp-json\/wp\/v2\/posts"}],"about":[{"href":"https:\/\/www.freiburg-schwarzwald.de\/blog\/wp-json\/wp\/v2\/types\/post"}],"author":[{"embeddable":true,"href":"https:\/\/www.freiburg-schwarzwald.de\/blog\/wp-json\/wp\/v2\/users\/4"}],"replies":[{"embeddable":true,"href":"https:\/\/www.freiburg-schwarzwald.de\/blog\/wp-json\/wp\/v2\/comments?post=17239"}],"version-history":[{"count":0,"href":"https:\/\/www.freiburg-schwarzwald.de\/blog\/wp-json\/wp\/v2\/posts\/17239\/revisions"}],"wp:attachment":[{"href":"https:\/\/www.freiburg-schwarzwald.de\/blog\/wp-json\/wp\/v2\/media?parent=17239"}],"wp:term":[{"taxonomy":"category","embeddable":true,"href":"https:\/\/www.freiburg-schwarzwald.de\/blog\/wp-json\/wp\/v2\/categories?post=17239"},{"taxonomy":"post_tag","embeddable":true,"href":"https:\/\/www.freiburg-schwarzwald.de\/blog\/wp-json\/wp\/v2\/tags?post=17239"}],"curies":[{"name":"wp","href":"https:\/\/api.w.org\/{rel}","templated":true}]}}