{"id":17162,"date":"2012-12-03T17:51:23","date_gmt":"2012-12-03T16:51:23","guid":{"rendered":"https:\/\/www.freiburg-schwarzwald.de\/blog\/?p=17162"},"modified":"2013-01-09T14:06:15","modified_gmt":"2013-01-09T13:06:15","slug":"werkstatt-brand-in-neustadt","status":"publish","type":"post","link":"https:\/\/www.freiburg-schwarzwald.de\/blog\/werkstatt-brand-in-neustadt\/","title":{"rendered":"Werkstatt-Brand in Neustadt"},"content":{"rendered":"<p>F\u00fcr jeden der vierzehn, denen sie am vergangenen Montagnachmittag in der brennenden <a title=\"Caritaswerkstaetten\" href=\"https:\/\/www.freiburg-schwarzwald.de\/blog\/religion\/kirchen\/caritas\/caritaswerkstaetten\/\">Behindertenwerkstatt<\/a> zwei km westlich von hier nicht mehr haben helfen k\u00f6nnen, haben Frauen und M\u00e4nner der Rettungskr\u00e4fte zuvor im \u00f6kume-nischen Trauergottesdienst eine Kerze angez\u00fcndet und einen Vornamen genannt: Elisabeth, Gerlinde, Marianne, Helga, Ingeborg, Michaela, Elisabeth, Barbara, Huberta, Johannes, Martin, Marianne, Hermann und Renate. <!--more-->Es waren dreizehn der <a title=\"Caritas\" href=\"https:\/\/www.freiburg-schwarzwald.de\/blog\/religion\/kirchen\/caritas\/\">Caritas<\/a>-Sch\u00fctzlinge, die \u2013 wie der Neust\u00e4dter Stadtpfarrer Johannes Herrmann die Trauergemeinde erinnerte \u2013 mit Holzarbeiten besch\u00e4ftigt waren, die auf dem Adventsmarkt verkauft werden sollten, als der Tod sie holte. Dreizehn und eine ihrer Betreuerinnen&#8230;&#8230;<br \/>\nAlles vom 3.12.2012 von Stefan Hupka bitte lesen auf<br \/>\n<a href=\"https:\/\/www.badische-zeitung.de\/titisee-neustadt\/trost-fuer-die-untroestlichen--66400293.html\">https:\/\/www.badische-zeitung.de\/titisee-neustadt\/trost-fuer-die-untroestlichen&#8211;66400293.html<\/a><\/p>\n<p>&#8222;Die Katastrophe von Neustadt \u2013 Gefahren f\u00fcr ein Modell&#8220;, Leitartikel von Stefan Hupka (Politik, 28. November):<br \/>\n<a href=\"https:\/\/www.badische-zeitung.de\/kommentare-1\/leitartikel-gefahren-fuer-ein-modell--66175232.html\">https:\/\/www.badische-zeitung.de\/kommentare-1\/leitartikel-gefahren-fuer-ein-modell&#8211;66175232.html<\/a>\u00a0<\/p>\n<p>&nbsp;<\/p>\n<p><strong>Brandkatastrophe in Neustadt: Behinderte nehmen Arbeit wieder auf<br \/>\n<\/strong>Rund sechs Wochen nach der Brandkatastrophe in der Caritas-Werkstatt in Neustadt haben die meisten Behinderten ihre Arbeit in Ersatzr\u00e4umen wieder aufgenommen. F\u00fcnf Psychologen begleiten den Neustart.<br \/>\nAlels vom 9.1.2013 bitte lesen auf<br \/>\n<a href=\"https:\/\/www.badische-zeitung.de\/brandkatastrophe-in-neustadt-behinderte-nehmen-arbeit-wieder-auf\">https:\/\/www.badische-zeitung.de\/brandkatastrophe-in-neustadt-behinderte-nehmen-arbeit-wieder-auf<\/a>\u00a0<\/p>\n<p><strong>Paradigmenwechsel von &#8222;Behinderte&#8220; \u00fcber &#8222;behinderte Menschen&#8220; zu &#8222;Menschen mit Behinderung&#8220;<\/strong><br \/>\nEs ist durchaus nicht politisch korrekt von &#8222;Behinderten&#8220; zu sprechen. Menschen mit Behinderung haben jahrzehntelang daf\u00fcr gek\u00e4mpft, nicht auf ihre Behinderung reduziert zu werden, was sich auch in einem begrifflichen Paradigmenwechsel von &#8222;Behinderte&#8220; \u00fcber &#8222;behinderte Menschen&#8220; zu &#8222;Menschen mit Behinderung&#8220; \u00e4u\u00dferte. In diesem Zusammenhang weise ich u.a. auf die Arbeit des Netzwerks People First Deutschland hin, siehe <a href=\"https:\/\/www.people1.de\/\" target=\"_blank\">https:\/\/www.people1.de<\/a>. \u00a0Ihre \u00c4u\u00dferungen f\u00fchren uns, den professionellen Fachkr\u00e4ften in der Arbeit mit Menschen mit Behinderung, aber auch allen in diesem Bereich t\u00e4tigen PolitikerInnen, weiteren Fachkr\u00e4ften und schlie\u00dflich den Menschen mit Behinderung selbst vor Augen, dass wir noch lange nicht da angelant sind, wo wir hinm\u00f6chten: die Belange von Menschen mit Behinderung in die gesellschaftliche Mitte zu tragen. H\u00e4tten wir das bisher erreicht, w\u00fcrden wohl auch Sie (und die Redakteure der BZ) nicht von &#8222;Behinderten&#8220; und &#8222;Behindertenwerkst\u00e4tten&#8220; (offiziell: Werkstatt f\u00fcr behinderte Menschen (WfbM) oder auch Werkstatt f\u00fcr Menschen mit Behinderung) sprechen. Es wartet also noch viel Arbeit auf uns, um der Vision einer inklusiven Gesellschaft ein kleines St\u00fcckchen n\u00e4her zu kommen&#8230;<br \/>\n9.1.2013, Mathias Schulz<\/p>\n<p><strong>Was hatte dieser Ofen in der Werkstatt zu suchen?<\/strong><strong><br \/>\n<\/strong>Voller berechtigter Angst vor Verantwortung wird eine Tatsache sch\u00f6n gef\u00e4rbt, die von jedem denkenden Menschen als str\u00e4flicher Leichtsinn erkannt wird. Wie kann man einen mobilen Gasofen mit zwangsl\u00e4ufig, wenn auch wahrscheinlich mechanisch gesch\u00fctztem, offenen Heizregister von einer gleichfalls mobilen, wahrscheinlich anmontierten Gasflasche gespeist, in einem geschlossenen Raum, in dem sich Behinderte aufhalten, zum Einsatz bringen? Unbewusste Fehlbedienungen von Menschen, die sich mit dieser Technik nicht auskennen, reichen aus, ein Ungl\u00fcck dieser schrecklichen Dimension auszul\u00f6sen. Die Frage, warum in einem doch noch als Neubau zu bezeichnenden Geb\u00e4ude, das sicherlich \u00fcber eine zentrale Heizung verf\u00fcgt, au\u00dferdem noch mobile Heizk\u00f6rper aufgestellt wurden, bleibt offen. Traurig!<br \/>\n7.12.2012, Hans Frieder Huber, Kirchzarten<\/p>\n<p><strong>Au\u00dferhalb der Werkst\u00e4tten keine M\u00f6glichkeiten?<\/strong><br \/>\nAlle Fassungslosigkeit \u00fcber das schreckliche Ereignis in der Behindertenwerkstatt von Neustadt muss unbedingt ihren Platz und ihre Zeit haben. Doch sollte diese Best\u00fcrzung nicht auch die Presse zu gedanklicher Nachl\u00e4ssigkeit verleiten. Als solche Gedankenlosigkeit werte ich eine Passage des Leitartikels von Herrn Hupka, in der er die Werkst\u00e4tten als &#8222;Segen&#8220; bezeichnet, da sie den Besch\u00e4ftigten Gemeinschaft, Freundschaften und &#8222;das Bewusstsein, vollwertige Mitglieder der Gesellschaft zu sein,&#8220; br\u00e4chten. \u00c4u\u00dferungen dieser Art sind nicht nur abwegig, sondern gef\u00e4hrlich. Sie zementieren ein System der Segregation und Ausgrenzung, denn sie legen einen fatalen Umkehrschluss nahe: Au\u00dferhalb der Werkst\u00e4tten sei es f\u00fcr die behinderten Menschen unm\u00f6glich, Gemeinschaft, Freundschaft und das Gef\u00fchl der Vollwertigkeit (auch im Arbeitsleben) zu erfahren.<br \/>\n5.12.2012, Kai Fischer, Freiburg<\/p>\n<p><strong>Polizeisprecher Karl-Heinz Schmid verurteilt Sensationslust mancher Medien<br \/>\n<\/strong>BZ: Worauf f\u00fchren Sie den medialen, sagen wir mal, Wildwuchs zur\u00fcck?<br \/>\nSchmid: Die Medienwelt ist durchs Internet deutlich beschleunigt worden. Jeder m\u00f6chte der Erste sein und hat nur noch seine Interessen im Blick. Der Perspektivwechsel f\u00fcr die Interessen des anderen gelingt oft nicht mehr. Der Zwang &#8222;Schnelligkeit vor Gr\u00fcndlichkeit&#8220; ist bei vielen deutlich sp\u00fcrbar. Es gilt meiner Meinung nach, innezuhalten und zur Gr\u00fcndlichkeit zur\u00fcckzukehren. &#8230;.. Alles vom 7.12.2012 bitte lesen auf<br \/>\n<a href=\"https:\/\/www.badische-zeitung.de\/suedwest-1\/polizeisprecher-schmid-verurteilt-sensationslust-mancher-medien--66651915.html\">www.badische-zeitung.de\/suedwest-1\/polizeisprecher-schmid-verurteilt-sensationslust-mancher-medien&#8211;66651915.html<\/a>\u00a0<\/p>\n<p><strong>Tats\u00e4chlich geht es der Presse doch nicht wirklich um Information, es geht doch einfach nur um Geld!<\/strong><br \/>\nWem n\u00fctzt es denn, zu wissen, wem der Ofen geh\u00f6rt&#8230; Es ist schon erb\u00e4rmlich, dass man vorm notleidenden Nachbarn solange die Augen verschlie\u00dft, bis er medientr\u00e4chtig verstorben ist. Die Arbeit der gesunden wie behinderten Menschen h\u00e4tte zu sensationsfreien Zeiten durchaus ebenso viel Aufmerksamkeit verdient. Dar\u00fcber hinaus w\u00e4re sie dann wom\u00f6glich ein Anreiz f\u00fcr Andere gewesen, \u00fcber den Tellerrand hinauszuschauen und selber was Soziales zu tun. So aber sind wir mit einer weiteren Sensation bedient worden und sollen jetzt noch jemanden geliefert bekommen, auf den wir mit dem Finger zeigen k\u00f6nnen. Wie gesagt , erb\u00e4rmlich&#8230; auch, dass wir das mitmachen!<br \/>\nCornelia Koglin, 8.12.2012<\/p>\n","protected":false},"excerpt":{"rendered":"<p>F\u00fcr jeden der vierzehn, denen sie am vergangenen Montagnachmittag in der brennenden Behindertenwerkstatt zwei km westlich von hier nicht mehr haben helfen k\u00f6nnen, haben Frauen und M\u00e4nner der Rettungskr\u00e4fte zuvor im \u00f6kume-nischen Trauergottesdienst eine Kerze angez\u00fcndet und einen Vornamen genannt: &hellip; <a href=\"https:\/\/www.freiburg-schwarzwald.de\/blog\/werkstatt-brand-in-neustadt\/\">Weiterlesen <span class=\"meta-nav\">&rarr;<\/span><\/a><\/p>\n","protected":false},"author":4,"featured_media":0,"comment_status":"open","ping_status":"closed","sticky":false,"template":"","format":"standard","meta":{"footnotes":""},"categories":[56],"tags":[359],"class_list":["post-17162","post","type-post","status-publish","format-standard","hentry","category-behinderung","tag-inklusion"],"_links":{"self":[{"href":"https:\/\/www.freiburg-schwarzwald.de\/blog\/wp-json\/wp\/v2\/posts\/17162","targetHints":{"allow":["GET"]}}],"collection":[{"href":"https:\/\/www.freiburg-schwarzwald.de\/blog\/wp-json\/wp\/v2\/posts"}],"about":[{"href":"https:\/\/www.freiburg-schwarzwald.de\/blog\/wp-json\/wp\/v2\/types\/post"}],"author":[{"embeddable":true,"href":"https:\/\/www.freiburg-schwarzwald.de\/blog\/wp-json\/wp\/v2\/users\/4"}],"replies":[{"embeddable":true,"href":"https:\/\/www.freiburg-schwarzwald.de\/blog\/wp-json\/wp\/v2\/comments?post=17162"}],"version-history":[{"count":0,"href":"https:\/\/www.freiburg-schwarzwald.de\/blog\/wp-json\/wp\/v2\/posts\/17162\/revisions"}],"wp:attachment":[{"href":"https:\/\/www.freiburg-schwarzwald.de\/blog\/wp-json\/wp\/v2\/media?parent=17162"}],"wp:term":[{"taxonomy":"category","embeddable":true,"href":"https:\/\/www.freiburg-schwarzwald.de\/blog\/wp-json\/wp\/v2\/categories?post=17162"},{"taxonomy":"post_tag","embeddable":true,"href":"https:\/\/www.freiburg-schwarzwald.de\/blog\/wp-json\/wp\/v2\/tags?post=17162"}],"curies":[{"name":"wp","href":"https:\/\/api.w.org\/{rel}","templated":true}]}}