{"id":17123,"date":"2012-12-07T14:21:30","date_gmt":"2012-12-07T13:21:30","guid":{"rendered":"https:\/\/www.freiburg-schwarzwald.de\/blog\/?p=17123"},"modified":"2012-12-07T14:21:30","modified_gmt":"2012-12-07T13:21:30","slug":"weihnachtsbeleuchtung-mit-led","status":"publish","type":"post","link":"https:\/\/www.freiburg-schwarzwald.de\/blog\/weihnachtsbeleuchtung-mit-led\/","title":{"rendered":"Weihnachtsbeleuchtung mit LED"},"content":{"rendered":"<p>Bei <a title=\"Weihnachten\" href=\"https:\/\/www.freiburg-schwarzwald.de\/blog\/religion\/kirchen\/weihnachten\/\">Weihnachtsbeleuchtung<\/a> mit LED <a title=\"Energiesparen\" href=\"https:\/\/www.freiburg-schwarzwald.de\/blog\/energie\/energiesparen\/\">Strom sparen<\/a>:\u00a0EWK gibt hilfreiche Energiespartipps \u2013 Kostenlos Strommessger\u00e4t auszuleihen.\u00a0Lichterketten und besonders Lichtschl\u00e4uche k\u00f6nnen viel Strom verbrauchen. Ein zehn Meter langer Lichtschlauch mit Gl\u00fchlampen verbraucht in vier bis f\u00fcnf Wochen so viel Strom, wie ein moderner 140-Liter-K\u00fchlschrank im gesamten Jahr. Eine stromeffiziente und umweltschonende Alternative<!--more--> zu den herk\u00f6mmlichen Lichterketten und -schl\u00e4uchen bietet die Weihnachtsbeleuchtung mit LED (Licht emittierenden Dioden). LED-Lichterketten ben\u00f6tigen bis zu 90 Prozent weniger Strom als herk\u00f6mmliche Gl\u00fchlampen und leuchten ebenso stimmungsvoll, halten rund hundertmal l\u00e4nger und sind wesentlich robuster. Und wer farbige LEDs bevorzugt, der spart richtig, denn das wei\u00dfe LED-Licht ben\u00f6tigt mehr Energie als das farbige.\u00a0Auch f\u00fcr die Beleuchtung im Au\u00dfenbereich sind LEDs bestens geeignet: Sie \u00fcberstehen sogar Temperaturen bis zu 35 Grad minus. Wer die Lichterketten tags\u00fcber ausschaltet und nur in den Abendstunden in Betrieb nimmt, kann zus\u00e4tzlich Geld sparen. Das Ein- und Ausschalten kann eine handels\u00fcbliche Zeitschaltuhr \u00fcbernehmen, die zwischen Lichterschmuck und Steckdose geschaltet ist. Wie bei anderen elektrischen Ger\u00e4ten sollte man auch beim Kauf von Lichterketten auf Pr\u00fcfsiegel achten: Schlechte Qualit\u00e4t und falscher Umgang mit Lichterketten geh\u00f6ren in der Adventszeit zu den h\u00e4ufigsten Brandursachen. Wer genau wissen will, wie viel Strom die eigene Lichterkette verbraucht, kann sich kostenlos ein Strommessger\u00e4t bei der EWK GmbH ausleihen. Nachfragen und Infos sind bei der Energie- und Wasserversorgung Kirchzarten (EWK) GmbH, Hauptstra\u00dfe 24, Kirchzarten, Tel: 07661 393-58 oder im Internet unter <a href=\"https:\/\/www.ewk-gmbh.de\">www.ewk-gmbh.de<\/a> \u00a0\u00a0m\u00f6glich.<br \/>\n7.12.2012, Gerhard L\u00fcck, <a href=\"https:\/\/www.dreisamtaeler.de\">www.dreisamtaeler.de<\/a><\/p>\n","protected":false},"excerpt":{"rendered":"<p>Bei Weihnachtsbeleuchtung mit LED Strom sparen:\u00a0EWK gibt hilfreiche Energiespartipps \u2013 Kostenlos Strommessger\u00e4t auszuleihen.\u00a0Lichterketten und besonders Lichtschl\u00e4uche k\u00f6nnen viel Strom verbrauchen. Ein zehn Meter langer Lichtschlauch mit Gl\u00fchlampen verbraucht in vier bis f\u00fcnf Wochen so viel Strom, wie ein moderner 140-Liter-K\u00fchlschrank &hellip; <a href=\"https:\/\/www.freiburg-schwarzwald.de\/blog\/weihnachtsbeleuchtung-mit-led\/\">Weiterlesen <span class=\"meta-nav\">&rarr;<\/span><\/a><\/p>\n","protected":false},"author":4,"featured_media":0,"comment_status":"open","ping_status":"closed","sticky":false,"template":"","format":"standard","meta":{"footnotes":""},"categories":[132],"tags":[239,468],"class_list":["post-17123","post","type-post","status-publish","format-standard","hentry","category-strom","tag-energiesparen","tag-weihnacht"],"_links":{"self":[{"href":"https:\/\/www.freiburg-schwarzwald.de\/blog\/wp-json\/wp\/v2\/posts\/17123","targetHints":{"allow":["GET"]}}],"collection":[{"href":"https:\/\/www.freiburg-schwarzwald.de\/blog\/wp-json\/wp\/v2\/posts"}],"about":[{"href":"https:\/\/www.freiburg-schwarzwald.de\/blog\/wp-json\/wp\/v2\/types\/post"}],"author":[{"embeddable":true,"href":"https:\/\/www.freiburg-schwarzwald.de\/blog\/wp-json\/wp\/v2\/users\/4"}],"replies":[{"embeddable":true,"href":"https:\/\/www.freiburg-schwarzwald.de\/blog\/wp-json\/wp\/v2\/comments?post=17123"}],"version-history":[{"count":0,"href":"https:\/\/www.freiburg-schwarzwald.de\/blog\/wp-json\/wp\/v2\/posts\/17123\/revisions"}],"wp:attachment":[{"href":"https:\/\/www.freiburg-schwarzwald.de\/blog\/wp-json\/wp\/v2\/media?parent=17123"}],"wp:term":[{"taxonomy":"category","embeddable":true,"href":"https:\/\/www.freiburg-schwarzwald.de\/blog\/wp-json\/wp\/v2\/categories?post=17123"},{"taxonomy":"post_tag","embeddable":true,"href":"https:\/\/www.freiburg-schwarzwald.de\/blog\/wp-json\/wp\/v2\/tags?post=17123"}],"curies":[{"name":"wp","href":"https:\/\/api.w.org\/{rel}","templated":true}]}}