{"id":17117,"date":"2012-12-07T13:37:55","date_gmt":"2012-12-07T12:37:55","guid":{"rendered":"https:\/\/www.freiburg-schwarzwald.de\/blog\/?p=17117"},"modified":"2012-12-07T13:39:45","modified_gmt":"2012-12-07T12:39:45","slug":"vdk-oberried-sozialrecht","status":"publish","type":"post","link":"https:\/\/www.freiburg-schwarzwald.de\/blog\/vdk-oberried-sozialrecht\/","title":{"rendered":"VdK Oberried &#8211; Sozialrecht"},"content":{"rendered":"<p>In einer sich schnell wandelnden Gesellschaft ist es wichtig, einen starken <a title=\"Soziales\" href=\"https:\/\/www.freiburg-schwarzwald.de\/blog\/selbsthilfe\/soziales\/\">Sozialpartner<\/a> an seiner Seite zu haben. Ob <a title=\"Betreuung\" href=\"https:\/\/www.freiburg-schwarzwald.de\/blog\/selbsthilfe\/soziales\/betreuung\/\">Renten<\/a>&#8211; oder Gesundheitspolitik, Pflegereform, Behinderten- oder Arbeitsmarktpolitik: Der Sozialverband VdK Deutschland setzt sich seit 60 Jahren erfolgreich f\u00fcr die Interessen seiner Mitglieder ein. Sie profitieren von der umfassenden Erfahrung, der Fachkompetenz und der bundesweiten Pr\u00e4senz des gr\u00f6\u00dften Sozialverbands in Deutschland.<!--more--> Rentnerinnen und Rentner, chronisch Kranke, Menschen mit Behinderungen, Patienten, pflegebed\u00fcrftige Menschen und ihre Angeh\u00f6rigen, \u00e4ltere Arbeitnehmer, Arbeitslose, Hartz-IV- und Grundsicherungsempf\u00e4nger d\u00fcrfen nicht ins soziale Abseits gedr\u00e4ngt werden. Deshalb versteht sich der VdK als Anwalt dieser Menschen in der Bundes- und Landespolitik genauso wie in den Kommunen. Er k\u00e4mpft f\u00fcr soziale Gerechtigkeit, f\u00fcr Gleichstellung und gegen soziale Benachteiligungen. Als starke Lobby der Mitglieder nimmt der VdK Einfluss auf die Sozialgesetzgebung in Bund und L\u00e4ndern.\u00a0<br \/>\nDer VdK-Ortsverband Oberried traf sich jetzt zu seiner j\u00e4hrlichen Hauptversammlung im \u201eGasthaus Sch\u00fctzen\u201c in Weilersbach. Der Vorsitzende Werner Widmann konnte neben den Mitgliedern auch B\u00fcrgermeister Franz-Josef Winterhalter, Gemeinder\u00e4te und Vereinsvertreter sowie den VdK-Kreisvorsitzenden Dieter L\u00f6sch begr\u00fc\u00dfen. Nach der Totenehrung gab es die obligatorischen Berichte der Schriftf\u00fchrerin Traudel Papperger und des Kassierers Erich Schwarz. F\u00fcr dessen gute Kassenf\u00fchrung gab\u2019s ein Lob von Kassenpr\u00fcfer Konrad Huber. Der Vorsitzende Werner Widmann berichtete von den Schwerpunkten der Oberrieder VdK-Arbeit, zu denen beispielsweise Mitgliederbetreuung, \u00d6ffentlichkeitsarbeit oder die Mitwirkung im Oberrieder Gemeindeleben geh\u00f6ren. Nach seinem Dank f\u00fcr die gute Arbeit leitete B\u00fcrgermeister Winterhalter die Vorstandswahlen, aus denen Widmann auch als neuer Chef hervorging. Dem Gru\u00dfwort des Kreisvorsitzenden L\u00f6sch folgten Ehrungen verdienter Mitglieder.<\/p>\n<p><a href=\"https:\/\/www.freiburg-schwarzwald.de\/blog\/vdk-oberried-sozialrecht\/vdk-oberried2012dez\/\" rel=\"attachment wp-att-17120\"><img loading=\"lazy\" decoding=\"async\" class=\"alignnone size-thumbnail wp-image-17120\" title=\"vdk-oberried2012dez\" src=\"https:\/\/www.freiburg-schwarzwald.de\/blog\/wp-content\/uploads\/2012\/12\/vdk-oberried2012dez-180x119.jpg\" alt=\"\" width=\"180\" height=\"119\" srcset=\"https:\/\/www.freiburg-schwarzwald.de\/blog\/wp-content\/uploads\/2012\/12\/vdk-oberried2012dez-180x119.jpg 180w, https:\/\/www.freiburg-schwarzwald.de\/blog\/wp-content\/uploads\/2012\/12\/vdk-oberried2012dez.jpg 640w\" sizes=\"auto, (max-width: 180px) 100vw, 180px\" \/><\/a><\/p>\n<p>Neuer Vorstand und G\u00e4ste stellten sich zum Gruppenfoto: Franz-Josef Winterhalter, B\u00fcrgermeister; Christel Kaiser, Hinterbliebenen-\/Frauenvertreterin; Werner Widmann, 1. Vorsitzender; Traudel Papperger, Schriftf\u00fchrerin\/Vertrauensperson; Liesel Steinhart und Hedwig Wiestler, Beisitzerinnen; Erich Schwarz, Kassierer; Margaretha Z\u00e4hringer, Stellv. Vorsitzende; Konrad Huber, 1. Revisor; Dieter L\u00f6sch, Kreisverbandsvorsitzender und Burghart Kaiser, 2. Revisor (v.l.). Nicht auf dem Foto sind Alfons Maier, Vertrauensperson Sonderf\u00fcrsorge und Rentner und Herbert Wissler, Beisitzer.\u00a0Foto: Barbara Odrich-Rees<br \/>\n5.12.2012, Gerhard L\u00fcck, <a href=\"https:\/\/www.dreisamtaeler.de\">www.dreisamtaeler.de<\/a><\/p>\n<p>&nbsp;<\/p>\n","protected":false},"excerpt":{"rendered":"<p>In einer sich schnell wandelnden Gesellschaft ist es wichtig, einen starken Sozialpartner an seiner Seite zu haben. Ob Renten&#8211; oder Gesundheitspolitik, Pflegereform, Behinderten- oder Arbeitsmarktpolitik: Der Sozialverband VdK Deutschland setzt sich seit 60 Jahren erfolgreich f\u00fcr die Interessen seiner Mitglieder &hellip; <a href=\"https:\/\/www.freiburg-schwarzwald.de\/blog\/vdk-oberried-sozialrecht\/\">Weiterlesen <span class=\"meta-nav\">&rarr;<\/span><\/a><\/p>\n","protected":false},"author":4,"featured_media":0,"comment_status":"open","ping_status":"closed","sticky":false,"template":"","format":"standard","meta":{"footnotes":""},"categories":[102,9,6],"tags":[190,478],"class_list":["post-17117","post","type-post","status-publish","format-standard","hentry","category-senioren","category-soziales","category-vereine","tag-alter","tag-vdk"],"_links":{"self":[{"href":"https:\/\/www.freiburg-schwarzwald.de\/blog\/wp-json\/wp\/v2\/posts\/17117","targetHints":{"allow":["GET"]}}],"collection":[{"href":"https:\/\/www.freiburg-schwarzwald.de\/blog\/wp-json\/wp\/v2\/posts"}],"about":[{"href":"https:\/\/www.freiburg-schwarzwald.de\/blog\/wp-json\/wp\/v2\/types\/post"}],"author":[{"embeddable":true,"href":"https:\/\/www.freiburg-schwarzwald.de\/blog\/wp-json\/wp\/v2\/users\/4"}],"replies":[{"embeddable":true,"href":"https:\/\/www.freiburg-schwarzwald.de\/blog\/wp-json\/wp\/v2\/comments?post=17117"}],"version-history":[{"count":0,"href":"https:\/\/www.freiburg-schwarzwald.de\/blog\/wp-json\/wp\/v2\/posts\/17117\/revisions"}],"wp:attachment":[{"href":"https:\/\/www.freiburg-schwarzwald.de\/blog\/wp-json\/wp\/v2\/media?parent=17117"}],"wp:term":[{"taxonomy":"category","embeddable":true,"href":"https:\/\/www.freiburg-schwarzwald.de\/blog\/wp-json\/wp\/v2\/categories?post=17117"},{"taxonomy":"post_tag","embeddable":true,"href":"https:\/\/www.freiburg-schwarzwald.de\/blog\/wp-json\/wp\/v2\/tags?post=17117"}],"curies":[{"name":"wp","href":"https:\/\/api.w.org\/{rel}","templated":true}]}}