{"id":17103,"date":"2012-12-07T11:43:52","date_gmt":"2012-12-07T10:43:52","guid":{"rendered":"https:\/\/www.freiburg-schwarzwald.de\/blog\/?p=17103"},"modified":"2012-12-07T13:27:50","modified_gmt":"2012-12-07T12:27:50","slug":"nachhaltigkeitspreis-fuer-fr","status":"publish","type":"post","link":"https:\/\/www.freiburg-schwarzwald.de\/blog\/nachhaltigkeitspreis-fuer-fr\/","title":{"rendered":"Nachhaltigkeitspreis fuer FR"},"content":{"rendered":"<p>Der Deutsche Nachhaltigkeitspreis wird in Zusammenarbeit mit der Bundesregierung, dem Rat f\u00fcr <a title=\"Nachhaltigkeit\" href=\"https:\/\/www.freiburg-schwarzwald.de\/blog\/natur\/klima\/nachhaltigkeit\/\">Nachhaltige Entwicklung<\/a>, Wirtschaftsvereinigungen, kommunalen Spitzenverb\u00e4nden und Forschungseinrichtungen verliehen. 2012 zum 5. Mal an Unternehmen und erstmalig auch an Kommunen. 119 St\u00e4dte bewarben sich in drei Gr\u00f6\u00dfen-Kategorien. Als nachhaltigste Gro\u00dfst\u00e4dte wurden ausgezeichnet <a title=\"Freiburg\" href=\"https:\/\/www.freiburg-schwarzwald.de\/blog\/regio\/freiburg\/\">Freiburg<\/a> vor Augsburg und Ulm.<!--more--><\/p>\n<p>Nachhaltige St\u00e4dte mittlerer Gr\u00f6\u00dfe sind Ludwigsburg vor Pirmasens und T\u00fcbingen. Nachhaltige Gemeinden sind Altheim, Bernstorf und Pfaffenhofen an der Ilm.\u00a0Beurteilt wurde, wie sie im Rahmen ihrer M\u00f6glichkeiten an Herausforderungen zum Beispiel in puncto Klima, Mobilit\u00e4t und Stadtentwicklung herangehen.<img decoding=\"async\" title=\"Weiterlesen \u2026\" src=\"https:\/\/www.freiburg-schwarzwald.de\/blog\/wp-includes\/js\/tinymce\/plugins\/wordpress\/img\/trans.gif\" alt=\"\" \/><br \/>\n<a href=\"https:\/\/www.nachhaltigkeitspreis.de\">www.nachhaltigkeitspreis.de<\/a><br \/>\n<a href=\"https:\/\/www.nachhaltigkeitspreis.de\/1118-0-Stadt-Freiburg-im-Breisgau.html\">https:\/\/www.nachhaltigkeitspreis.de\/1118-0-Stadt-Freiburg-im-Breisgau.html<\/a>\u00a0<\/p>\n<p><strong>Nachhaltig nachdenkliches Lob zum Nachhaltigkeitspreis<\/strong><br \/>\nFreiburg hat gestern den Deutschen Nachhaltigkeitspreis in der Kategorie Gro\u00dfst\u00e4dte gewonnen. Die Jury \u00fcberzeugten im Fall Freiburg &#8222;die Konzepte zur Nachhaltigkeit sowie die bereits erreichten Ziele&#8220;. Der Freiburger Ortsverband des Bund f\u00fcr Umwelt und Naturschutz Deutschland und der <a title=\"BUND\" href=\"https:\/\/www.freiburg-schwarzwald.de\/blog\/natur\/umwelt\/bund\/\">BUND<\/a> Regionalverband gratulieren den engagierten B\u00fcrgerInnen und der Stadt Freiburg f\u00fcr diese erneute Auszeichnung. Die Freiburger B\u00fcrgerinnen und B\u00fcrger, Umweltorganisationen und Umweltfirmen, aber auch eine engagierte Verwaltung und Stadtpolitik\u00a0haben in Sachen Umwelt und Nachhaltigkeit in Freiburg manches erreicht\u00a0 und es gibt auch viele Gr\u00fcnde, stolz auf das Erreichte zu sein. Dieser\u00a0Erfolg hat seine Wurzeln auch in den erfolgreichen \u00f6kologischen\u00a0Konflikten der Vergangenheit, beispielsweise im Wyhler Wald. Freiburg ist in wichtigen Teilbereichen tats\u00e4chlich ein wenig nachhaltiger als viele andere Kommunen. Die Stadt ist auf dem richtigen Weg die ersten<br \/>\nSchritte gegangen. Gerade aber in den Bereichen Verkehrs- und Siedlungspolitik und Fl\u00e4chenverbrauch gibt es noch viel zu tun und auch die Debatte um die <a title=\"Neuhaeuser\" href=\"https:\/\/www.freiburg-schwarzwald.de\/blog\/regio\/orte\/neuhaeuser\/\">Kappler Altlasten<\/a>\u00a0zeigt, dass noch viele Probleme zu l\u00f6sen sind. Der<br \/>\nRohstoff- und Energieverbrauch, die CO2 &#8211; Produktion der FreiburgerInnen ist auch nicht ansatzweise nachhaltig und zukunftsf\u00e4hig und l\u00e4sst sich keinesfalls auf den &#8222;Rest der Welt&#8220; \u00fcbertragen.<br \/>\nEigentlich d\u00fcrften in Deutschland keine &#8222;Nachhaltigkeitspreise&#8220; verliehen werden. Nachhaltig und zukunftsf\u00e4hig ist in Deutschland noch\u00a0 keine Kommune. Es gibt, auch in Freiburg, vorsichtige Schritte in Richtung Nachhaltigkeit. Es gibt f\u00fcr den BUND in Freiburg keinen Grund, die H\u00e4nde in den Scho\u00df zu legen, denn von echter Nachhaltigkeit und<br \/>\ntats\u00e4chlicher Zukunftsf\u00e4higkeit ist auch die Green City noch weit entfernt.<br \/>\n7.12.2012, Susanne Miethaner, Vorsitzende, Ortsverband Freiburg<br \/>\nAxel Mayer, Gesch\u00e4ftsf\u00fchrer, Regionalverband S\u00fcdlicher Oberrhein<\/p>\n<p>Umweltpolitischer Jahresr\u00fcckblick:<br \/>\n<a href=\"https:\/\/vorort.bund.net\/suedlicher-oberrhein\/2012-umweltpolitischer-jahresrueckblick.html\">https:\/\/vorort.bund.net\/suedlicher-oberrhein\/2012-umweltpolitischer-jahresrueckblick.html<\/a><\/p>\n","protected":false},"excerpt":{"rendered":"<p>Der Deutsche Nachhaltigkeitspreis wird in Zusammenarbeit mit der Bundesregierung, dem Rat f\u00fcr Nachhaltige Entwicklung, Wirtschaftsvereinigungen, kommunalen Spitzenverb\u00e4nden und Forschungseinrichtungen verliehen. 2012 zum 5. Mal an Unternehmen und erstmalig auch an Kommunen. 119 St\u00e4dte bewarben sich in drei Gr\u00f6\u00dfen-Kategorien. Als nachhaltigste &hellip; <a href=\"https:\/\/www.freiburg-schwarzwald.de\/blog\/nachhaltigkeitspreis-fuer-fr\/\">Weiterlesen <span class=\"meta-nav\">&rarr;<\/span><\/a><\/p>\n","protected":false},"author":4,"featured_media":0,"comment_status":"open","ping_status":"closed","sticky":false,"template":"","format":"standard","meta":{"footnotes":""},"categories":[49,141],"tags":[41,289],"class_list":["post-17103","post","type-post","status-publish","format-standard","hentry","category-freiburg","category-nachhaltigkeit","tag-nachhaltig","tag-preis"],"_links":{"self":[{"href":"https:\/\/www.freiburg-schwarzwald.de\/blog\/wp-json\/wp\/v2\/posts\/17103","targetHints":{"allow":["GET"]}}],"collection":[{"href":"https:\/\/www.freiburg-schwarzwald.de\/blog\/wp-json\/wp\/v2\/posts"}],"about":[{"href":"https:\/\/www.freiburg-schwarzwald.de\/blog\/wp-json\/wp\/v2\/types\/post"}],"author":[{"embeddable":true,"href":"https:\/\/www.freiburg-schwarzwald.de\/blog\/wp-json\/wp\/v2\/users\/4"}],"replies":[{"embeddable":true,"href":"https:\/\/www.freiburg-schwarzwald.de\/blog\/wp-json\/wp\/v2\/comments?post=17103"}],"version-history":[{"count":0,"href":"https:\/\/www.freiburg-schwarzwald.de\/blog\/wp-json\/wp\/v2\/posts\/17103\/revisions"}],"wp:attachment":[{"href":"https:\/\/www.freiburg-schwarzwald.de\/blog\/wp-json\/wp\/v2\/media?parent=17103"}],"wp:term":[{"taxonomy":"category","embeddable":true,"href":"https:\/\/www.freiburg-schwarzwald.de\/blog\/wp-json\/wp\/v2\/categories?post=17103"},{"taxonomy":"post_tag","embeddable":true,"href":"https:\/\/www.freiburg-schwarzwald.de\/blog\/wp-json\/wp\/v2\/tags?post=17103"}],"curies":[{"name":"wp","href":"https:\/\/api.w.org\/{rel}","templated":true}]}}