{"id":17097,"date":"2012-12-04T21:43:50","date_gmt":"2012-12-04T20:43:50","guid":{"rendered":"https:\/\/www.freiburg-schwarzwald.de\/blog\/?p=17097"},"modified":"2012-12-06T21:51:38","modified_gmt":"2012-12-06T20:51:38","slug":"frauen-des-sc-spenden","status":"publish","type":"post","link":"https:\/\/www.freiburg-schwarzwald.de\/blog\/frauen-des-sc-spenden\/","title":{"rendered":"Frauen des SC spenden"},"content":{"rendered":"<p>Ganz oben auf der Trib\u00fcne im M\u00f6slestadion hatten einige Sch\u00fcler und Sch\u00fclerinnen der <a title=\"Down-Syndrom\" href=\"https:\/\/www.freiburg-schwarzwald.de\/blog\/selbsthilfe\/behinderung\/down-syndrom\/\">Eduard-Spranger-Schule<\/a> in Emmendingen Platz genommen. Der perfekte Ort, um das gesamte Spielfeld zu \u00fcberblicken. Die Partie zwischen den <a title=\"SCfreiburg\" href=\"https:\/\/www.freiburg-schwarzwald.de\/blog\/sport\/sportvereine\/scfreiburg\/\">SC<\/a>-Frauen und dem FF USV Jena war in vollem Gange und die jungen Fans unterst\u00fctzen die Freiburgerinnen mit lauten Anfeuerungsrufen und st\u00fcrmischem Applaus als Lohn f\u00fcr ihre guten Aktionen. In der Halbzeitpause wechselten die Sch\u00fcler die Position und fanden sich unten auf dem Spielfeld wieder,<!--more--> denn dort \u00fcbergab Birgit Bauer, Abteilungsleiterin f\u00fcr Frauen- und M\u00e4dchenfu\u00dfball des SC Freiburg, (4.v.l.) einen Scheck \u00fcber 1.000.- Euro an den Vorsitzenden des F\u00f6rdervereins der Eduard-Spranger-Schule, Alfred Haas. 800.- Euro waren im ersten Heimspiel der laufenden Saison durch eine Tombola erl\u00f6st worden. Der Betrag wurde vom SC Freiburg aufgerundet.\u00a0<\/p>\n<p><a href=\"https:\/\/www.freiburg-schwarzwald.de\/blog\/frauen-des-sc-spenden\/sc-frauen2012\/\" rel=\"attachment wp-att-17099\"><img loading=\"lazy\" decoding=\"async\" class=\"alignnone size-thumbnail wp-image-17099\" title=\"sc-frauen2012\" src=\"https:\/\/www.freiburg-schwarzwald.de\/blog\/wp-content\/uploads\/2012\/12\/sc-frauen2012-180x99.jpg\" alt=\"\" width=\"180\" height=\"99\" srcset=\"https:\/\/www.freiburg-schwarzwald.de\/blog\/wp-content\/uploads\/2012\/12\/sc-frauen2012-180x99.jpg 180w, https:\/\/www.freiburg-schwarzwald.de\/blog\/wp-content\/uploads\/2012\/12\/sc-frauen2012.jpg 640w\" sizes=\"auto, (max-width: 180px) 100vw, 180px\" \/><\/a>\u00a0SC-Frauenmannschaft mit Spende &#8211; Bild: SC<\/p>\n<p>In der Eduard-Spranger-Schule in Emmendingen werden zurzeit 123 Sch\u00fcler und Sch\u00fclerinnen mit geistiger Behinderung unterrichtet. Die Sch\u00fclerinnen und Sch\u00fcler, die im M\u00f6slestadion mitfieberten sahen an diesem Tag nicht nur ein packenden Spiel, sie freuten sich auch sichtlich \u00fcber den 2:0 Heimerfolg der SC-Frauen.<br \/>\n4.12.2012, Gisela Heizler-Ries , <a href=\"https:\/\/www.dreisamtaeler.de\">www.dreisamtaeler.de<\/a><\/p>\n","protected":false},"excerpt":{"rendered":"<p>Ganz oben auf der Trib\u00fcne im M\u00f6slestadion hatten einige Sch\u00fcler und Sch\u00fclerinnen der Eduard-Spranger-Schule in Emmendingen Platz genommen. Der perfekte Ort, um das gesamte Spielfeld zu \u00fcberblicken. Die Partie zwischen den SC-Frauen und dem FF USV Jena war in vollem &hellip; <a href=\"https:\/\/www.freiburg-schwarzwald.de\/blog\/frauen-des-sc-spenden\/\">Weiterlesen <span class=\"meta-nav\">&rarr;<\/span><\/a><\/p>\n","protected":false},"author":4,"featured_media":0,"comment_status":"open","ping_status":"closed","sticky":false,"template":"","format":"standard","meta":{"footnotes":""},"categories":[56,161],"tags":[187,270],"class_list":["post-17097","post","type-post","status-publish","format-standard","hentry","category-behinderung","category-spende","tag-sc","tag-gift"],"_links":{"self":[{"href":"https:\/\/www.freiburg-schwarzwald.de\/blog\/wp-json\/wp\/v2\/posts\/17097","targetHints":{"allow":["GET"]}}],"collection":[{"href":"https:\/\/www.freiburg-schwarzwald.de\/blog\/wp-json\/wp\/v2\/posts"}],"about":[{"href":"https:\/\/www.freiburg-schwarzwald.de\/blog\/wp-json\/wp\/v2\/types\/post"}],"author":[{"embeddable":true,"href":"https:\/\/www.freiburg-schwarzwald.de\/blog\/wp-json\/wp\/v2\/users\/4"}],"replies":[{"embeddable":true,"href":"https:\/\/www.freiburg-schwarzwald.de\/blog\/wp-json\/wp\/v2\/comments?post=17097"}],"version-history":[{"count":0,"href":"https:\/\/www.freiburg-schwarzwald.de\/blog\/wp-json\/wp\/v2\/posts\/17097\/revisions"}],"wp:attachment":[{"href":"https:\/\/www.freiburg-schwarzwald.de\/blog\/wp-json\/wp\/v2\/media?parent=17097"}],"wp:term":[{"taxonomy":"category","embeddable":true,"href":"https:\/\/www.freiburg-schwarzwald.de\/blog\/wp-json\/wp\/v2\/categories?post=17097"},{"taxonomy":"post_tag","embeddable":true,"href":"https:\/\/www.freiburg-schwarzwald.de\/blog\/wp-json\/wp\/v2\/tags?post=17097"}],"curies":[{"name":"wp","href":"https:\/\/api.w.org\/{rel}","templated":true}]}}