{"id":17076,"date":"2012-12-05T17:52:23","date_gmt":"2012-12-05T16:52:23","guid":{"rendered":"https:\/\/www.freiburg-schwarzwald.de\/blog\/?p=17076"},"modified":"2012-12-05T17:54:08","modified_gmt":"2012-12-05T16:54:08","slug":"ehrenamt-real-jugend-virtuell","status":"publish","type":"post","link":"https:\/\/www.freiburg-schwarzwald.de\/blog\/ehrenamt-real-jugend-virtuell\/","title":{"rendered":"Ehrenamt real &#8211; Jugend virtuell?"},"content":{"rendered":"<p>Ohne <a title=\"Engagement\" href=\"https:\/\/www.freiburg-schwarzwald.de\/blog\/engagement\/\">Ehrenamt<\/a> l\u00e4uft nichts. Am Tag des Ehrenamts w\u00fcrdigt die Stadt engagierte B\u00fcrger &#8211; Wie holt man die Jugend ins Boot? Heute ist der Internationale Tag des Ehrenamts. Ohne dieses <a title=\"Ehrenamt\" href=\"https:\/\/www.freiburg-schwarzwald.de\/blog\/engagement\/ehrenamt\/\">Engagement<\/a> w\u00fcrde eine Stadt wie Freiburg kollabieren. Stellvertretend werden einzelne Personen und Projekte am Donnerstag in einem Festakt geehrt. Die<br \/>\nAuswahl d\u00fcrfte der Jury diesmal nicht leicht gefallen sein. Doch wie wird es in Zukunft sein?<!--more--><\/p>\n<p>Jeder dritte Freiburger ist ehrenamtlich engagiert. Oft erweist sich das Engagement nach Feierabend als\u00a0 aufw\u00e4ndiger Zusatz-Job. Dabei bekommen die Freiwilligen weder Geld noch gro\u00dfe \u00f6ffentliche Anerkennung. Doch das schreckt die Freiburger nicht ab. Die M\u00f6glichkeiten, sich\u00a0 einzubringen, sind so breit gef\u00e4chert wie das st\u00e4dtische Leben selbst: Die Palette reicht von der Bahnhofsmission, \u00fcber Bachpatenschaften bis hin zur Freiwilligen Feuerwehr. Von der Justiz, dem Breitensport bis zur Seniorenbetreuung. Dazu kommen die B\u00fcrgervereine, die DRK-Freiwilligen und die Tiersch\u00fctzer. Kaum ein Bereich k\u00e4me ohne die Ehrenamtlichen aus, ohne sie w\u00fcrde das Gemeinwesen in sich zusammenfallen. Bei Blutspendeaktionen fehlte das Personal, den Sportvereinen die Betreuer und vielen Stadtteilen fehlte es an Leben.<br \/>\n&#8222;Zum Gl\u00fcck haben wir in der Stadt eine gro\u00dfe Kultur des gesellschaftlichen Engagements, die historisch tief verwurzelt ist&#8220;, sagt Gerhard Rieger von der Stabsstelle B\u00fcrgerschaftliches Engagement. Die Stadt versuche diese Aktivit\u00e4ten so gut zu unterst\u00fctzen wie es gehe. Um die st\u00e4dtische Wertsch\u00e4tzung auszudr\u00fccken, ehrt Sozialb\u00fcrgermeister Ulrich von Kirchbach morgen Abend im B\u00fcrgerhaus Seepark stellvertretend drei Personen und zwei Projekte. Es\u00a0 wird ein festlicher Akt vor 400 geladenen Personen. Ein stellvertretendes Dankesch\u00f6n von offizieller Seite f\u00fcr ein funktionierendes Netzwerk der Mitmenschlichkeit. Doch wird das ehrenamtliche Prinzip auch noch von den nachr\u00fcckenden Generationen gelebt werden?<br \/>\nVielerorts zeichnet sich ein holpriger Generationenwechsel ab. Wenn beispielsweise ein Alt-Freiburger, der sich seit 30 Jahren in seinem Stadtteil engagiert, auf einen hinzugezogenen\u00a0 30-J\u00e4hrigen trifft, k\u00f6nnen sich erhebliche kulturelle Differenzen auftun. Ein Problem ist zudem, dass Jugendliche ein eher verstaubtes Bild vom Ehrenamt vor Augen haben. Bereiche wie die Freiwillige Feuerwehr bekommen das bereits zu sp\u00fcren.<br \/>\n&#8222;Nat\u00fcrlich brauchen wir die Jugend. In diese Richtung m\u00fcssen wir unseren Blick richten&#8220;, sagt Rieger. Es gehe darum, Br\u00fccken zu schlagen. Doch wird das gelingen? Rieger sieht dies zwiesp\u00e4ltig: Daf\u00fcr spricht die starke kulturelle Auspr\u00e4gung des ehrenamtlichen Engagements in Freiburg sowie der Drang des Menschen, sich neuen Dingen zu stellen, die der Beruf oder die Ausbildung\u00a0 nicht hergeben. Andererseits registriert auch Rieger die\u00a0 weit verbreitete &#8222;<a title=\"Social-Networking\" href=\"https:\/\/www.freiburg-schwarzwald.de\/blog\/kultur\/internet\/social-networking\/\">Daumen-rauf-Daumen-runter&#8220;-Kultur im Stil von Facebook.<\/a><\/p>\n<p>Geht ein junger Mensch, der sich haupts\u00e4chlich im <a title=\"Social-Networking\" href=\"https:\/\/www.freiburg-schwarzwald.de\/blog\/kultur\/internet\/social-networking\/\">virtuellen sozialen Netzwerk<\/a>\u00a0bewegt, auch irgendwann raus in die reale Gesellschaft und packt Dinge an, um etwas zu ver\u00e4ndern? Gerhard Rieger, der Ehrenamt-Beauftragte der Stadt Freiburg l\u00e4sst leise Zweifel durchblicken. Andererseits stimmen ihn junge Leute, f\u00fcr die es Herausforderung und Erf\u00fcllung zugleich ist, beispielsweise alten Menschen zu helfen, hoffnungsfroh.<br \/>\nKlar ist jedoch, dass es\u00a0 mehr Anreize braucht, seine Zeit kostenlos der Allgemeinheit\u00a0 zur Verf\u00fcgung zu stellen. Dass sich ehrenamtliches Engagement gut im Lebenslauf macht, ist sicher hilfreich &#8211; doch reicht das allein? In den Sportvereinen wird es auch in Zukunft keine Probleme geben, doch wer l\u00f6scht Feuer, hilft beim Blutspenden oder unterst\u00fctzt die Alten?<br \/>\nAus Sicht von Ernst Lavori, dem Vorsitzender der Arbeitsgemeinschaft Freiburger B\u00fcrgervereine, m\u00fcsste es mehr finanzielle Unterst\u00fctzung geben. &#8222;Land und Stadt geben zu wenig Geld. Mit 2.000 Euro im Jahr kann ein Verein nicht viel stemmen&#8220;, sagt Lavori. Ohne massive eigene Mittel ginge es in vielen Bereichen gar nicht. &#8222;Das f\u00fchrt dazu, dass wer ein Ehrenamt aus\u00fcben m\u00f6chte,\u00a0 Geld mitbringen muss. Manche wollen sich das nicht leisten, andere k\u00f6nnen es nicht&#8220;, wei\u00df er. Ein weiteres Problem sei es, dass sich die Hauptarbeit oft auf wenige Schultern verteile. &#8222;Wenn das Engagement breiter w\u00e4re, k\u00f6nnte man noch viel mehr leisten&#8220;, sagt er. Die Frage, warum er trotz solcher Hemmnisse seit \u00fcber 20 Jahren dabei ist, beantwortet er pragmatisch: &#8222;Ich sehe einfach die Notwendigkeit etwas zu tun, weil ohne ehrenamtliches Engagement in einigen Bereichen gar nichts gemacht w\u00fcrde. Es ist aber auch reizvoll, Dinge m\u00f6glich zu machen.&#8220;<br \/>\n5.12.2012,\u00a0Sven Meyer, <a href=\"https:\/\/www.freiburger-wochenbericht.de\">www.freiburger-wochenbericht.de<\/a><\/p>\n","protected":false},"excerpt":{"rendered":"<p>Ohne Ehrenamt l\u00e4uft nichts. Am Tag des Ehrenamts w\u00fcrdigt die Stadt engagierte B\u00fcrger &#8211; Wie holt man die Jugend ins Boot? Heute ist der Internationale Tag des Ehrenamts. Ohne dieses Engagement w\u00fcrde eine Stadt wie Freiburg kollabieren. Stellvertretend werden einzelne &hellip; <a href=\"https:\/\/www.freiburg-schwarzwald.de\/blog\/ehrenamt-real-jugend-virtuell\/\">Weiterlesen <span class=\"meta-nav\">&rarr;<\/span><\/a><\/p>\n","protected":false},"author":4,"featured_media":0,"comment_status":"open","ping_status":"closed","sticky":false,"template":"","format":"standard","meta":{"footnotes":""},"categories":[54,60],"tags":[288,388],"class_list":["post-17076","post","type-post","status-publish","format-standard","hentry","category-ehrenamt","category-jugend","tag-nachbarschaft","tag-social"],"_links":{"self":[{"href":"https:\/\/www.freiburg-schwarzwald.de\/blog\/wp-json\/wp\/v2\/posts\/17076","targetHints":{"allow":["GET"]}}],"collection":[{"href":"https:\/\/www.freiburg-schwarzwald.de\/blog\/wp-json\/wp\/v2\/posts"}],"about":[{"href":"https:\/\/www.freiburg-schwarzwald.de\/blog\/wp-json\/wp\/v2\/types\/post"}],"author":[{"embeddable":true,"href":"https:\/\/www.freiburg-schwarzwald.de\/blog\/wp-json\/wp\/v2\/users\/4"}],"replies":[{"embeddable":true,"href":"https:\/\/www.freiburg-schwarzwald.de\/blog\/wp-json\/wp\/v2\/comments?post=17076"}],"version-history":[{"count":0,"href":"https:\/\/www.freiburg-schwarzwald.de\/blog\/wp-json\/wp\/v2\/posts\/17076\/revisions"}],"wp:attachment":[{"href":"https:\/\/www.freiburg-schwarzwald.de\/blog\/wp-json\/wp\/v2\/media?parent=17076"}],"wp:term":[{"taxonomy":"category","embeddable":true,"href":"https:\/\/www.freiburg-schwarzwald.de\/blog\/wp-json\/wp\/v2\/categories?post=17076"},{"taxonomy":"post_tag","embeddable":true,"href":"https:\/\/www.freiburg-schwarzwald.de\/blog\/wp-json\/wp\/v2\/tags?post=17076"}],"curies":[{"name":"wp","href":"https:\/\/api.w.org\/{rel}","templated":true}]}}