{"id":16465,"date":"2012-11-29T13:39:59","date_gmt":"2012-11-29T12:39:59","guid":{"rendered":"https:\/\/www.freiburg-schwarzwald.de\/blog\/?p=16465"},"modified":"2012-11-30T12:54:46","modified_gmt":"2012-11-30T11:54:46","slug":"junkfood-nein-am-gymnasium","status":"publish","type":"post","link":"https:\/\/www.freiburg-schwarzwald.de\/blog\/junkfood-nein-am-gymnasium\/","title":{"rendered":"Junkfood nein am Gymnasium"},"content":{"rendered":"<p>Am Wentzinger wie Rotteck bietet die Mensa <a title=\"Ernaehrung\" href=\"https:\/\/www.freiburg-schwarzwald.de\/blog\/natur\/ernaehrung\/\">gesundes Essen <\/a>an &#8211; auch das Vesper von daheim kann da gegessen werden.\u00a0\u00a0Am Rotteck darf Fastfood nicht aufs Schulgel\u00e4nde . Am Angell gilt seit 2009:\u00a0\u00a0&#8222;Was an Fastfood au\u00dfen gekauft wird, wird auch au\u00dfen gegessen&#8220;. St.Ursula setzt auf Argumente. Goethe-Sch\u00fcler k\u00f6nnen die Uni-Mensa nutzen. Fakt ist: 15% alles Kinder sind <a title=\"Zucker\" href=\"https:\/\/www.freiburg-schwarzwald.de\/blog\/selbsthilfe\/sucht\/zucker\/\">fettleibig<\/a> und werden es lebenslang bleiben.\u00a0<!--more--><\/p>\n<p><strong>Was Sch\u00fcler essen &#8211; Eltern kochen nicht,\u00a0Omas fehlen<\/strong><br \/>\nEin Verbot fuer bestimmtes mitgebrachtes Essen ist natuerlich nie schoen. Doch was hilft es, wenn Eltern sich nicht mehr aktiv darum kuemmern, was ihre Kinder verzehren, sondern vielleicht noch die Schule dafuer verantwortlich machen. Je mehr Eltern ihren Erziehungsauftrag nicht mehr wahrnehmen oder vielleicht auch aktiv an die Schulen abgeben, desto mehr muss eben mit genau diesem Vorgehen der Schulen gerechnet werden. Eine Pizza ist ja nicht schlechthin das Uebel, aber wohl die generelle Fehlernaehrung. Je weniger sich Eltern dafuer Zeit nehmen wollen oder vielleicht auch Zeit nehmen koennen, und je weniger Omas hier zur Kompensation der Defizite zur Verfuegung stehen (bei uns sagte man die &#8222;Oma fuer&#8217;s Grobe&#8220;), desto mehr ist eben von seiten der Schulen gefragt. Denn sie werden die Ersten sein, die spaeter sich Kritik gefallen lassen muessen.<br \/>\n29.11.2012, Dietrich V\u00f6lker<\/p>\n<p>Junkfood = minderwertige Nahrung<\/p>\n<p><strong>Gesundes essen &#8211; St\u00e4dtische Schulen entscheiden selbst<\/strong><br \/>\nVerbot hin oder her: Das entscheiden die st\u00e4dtischen Schulen selbst, sagte Bildungsb\u00fcrgermeisterin Gerda Stuchlik und erkl\u00e4rte das Ziel der Stadt als Schultr\u00e4ger: &#8222;Wir wollen \u00fcberall Cafeterien, die gutes Essen anbieten.&#8220; Dabei nimmt sie jetzt die Kleinen in den Blick. &#8222;Wir werden dem Gemeinderat vorschlagen, sie nach und nach auch in Grundschulen einzurichten.&#8220; Mit dem Bedarf an Mittagsbetreuung steigt der an Mittagstisch.\u00a0<br \/>\nAlles vom 29.11.2012 bitte lesen auf<br \/>\n<a href=\"https:\/\/www.badische-zeitung.de\/freiburg\/fastfood-verbot-am-freiburger-rotteck-gymnasium--66220747.html\">https:\/\/www.badische-zeitung.de\/freiburg\/fastfood-verbot-am-freiburger-rotteck-gymnasium&#8211;66220747.html<\/a><\/p>\n","protected":false},"excerpt":{"rendered":"<p>Am Wentzinger wie Rotteck bietet die Mensa gesundes Essen an &#8211; auch das Vesper von daheim kann da gegessen werden.\u00a0\u00a0Am Rotteck darf Fastfood nicht aufs Schulgel\u00e4nde . Am Angell gilt seit 2009:\u00a0\u00a0&#8222;Was an Fastfood au\u00dfen gekauft wird, wird auch au\u00dfen &hellip; <a href=\"https:\/\/www.freiburg-schwarzwald.de\/blog\/junkfood-nein-am-gymnasium\/\">Weiterlesen <span class=\"meta-nav\">&rarr;<\/span><\/a><\/p>\n","protected":false},"author":4,"featured_media":0,"comment_status":"open","ping_status":"closed","sticky":false,"template":"","format":"standard","meta":{"footnotes":""},"categories":[154,158,60,245,95],"tags":[475,476],"class_list":["post-16465","post","type-post","status-publish","format-standard","hentry","category-ernaehrung","category-gesund","category-jugend","category-obst","category-schulen","tag-food","tag-mensa"],"_links":{"self":[{"href":"https:\/\/www.freiburg-schwarzwald.de\/blog\/wp-json\/wp\/v2\/posts\/16465","targetHints":{"allow":["GET"]}}],"collection":[{"href":"https:\/\/www.freiburg-schwarzwald.de\/blog\/wp-json\/wp\/v2\/posts"}],"about":[{"href":"https:\/\/www.freiburg-schwarzwald.de\/blog\/wp-json\/wp\/v2\/types\/post"}],"author":[{"embeddable":true,"href":"https:\/\/www.freiburg-schwarzwald.de\/blog\/wp-json\/wp\/v2\/users\/4"}],"replies":[{"embeddable":true,"href":"https:\/\/www.freiburg-schwarzwald.de\/blog\/wp-json\/wp\/v2\/comments?post=16465"}],"version-history":[{"count":0,"href":"https:\/\/www.freiburg-schwarzwald.de\/blog\/wp-json\/wp\/v2\/posts\/16465\/revisions"}],"wp:attachment":[{"href":"https:\/\/www.freiburg-schwarzwald.de\/blog\/wp-json\/wp\/v2\/media?parent=16465"}],"wp:term":[{"taxonomy":"category","embeddable":true,"href":"https:\/\/www.freiburg-schwarzwald.de\/blog\/wp-json\/wp\/v2\/categories?post=16465"},{"taxonomy":"post_tag","embeddable":true,"href":"https:\/\/www.freiburg-schwarzwald.de\/blog\/wp-json\/wp\/v2\/tags?post=16465"}],"curies":[{"name":"wp","href":"https:\/\/api.w.org\/{rel}","templated":true}]}}