{"id":16447,"date":"2012-11-29T09:56:59","date_gmt":"2012-11-29T08:56:59","guid":{"rendered":"https:\/\/www.freiburg-schwarzwald.de\/blog\/?p=16447"},"modified":"2012-11-29T09:56:59","modified_gmt":"2012-11-29T08:56:59","slug":"paecklebus-an-der-kajo","status":"publish","type":"post","link":"https:\/\/www.freiburg-schwarzwald.de\/blog\/paecklebus-an-der-kajo\/","title":{"rendered":"Paecklebus an der KaJo"},"content":{"rendered":"<p>Weihnachtseink\u00e4ufe in der <a title=\"Freiburg\" href=\"https:\/\/www.freiburg-schwarzwald.de\/blog\/regio\/freiburg\/\">Innenstadt<\/a> k\u00f6nnen an Samstagen im Dezember\u00a0bis 20.30 Uhr im P\u00e4cklebus geparkt werden. Der umgebaute Linienbus an der Ecke Kaiser-Joseph-Stra\u00dfe\/Engelstra\u00dfe gegen\u00fcber Buchhandlung Thalia\/Herder bietet Platz f\u00fcr alle Eink\u00e4ufe, die zwischengelagert werden sollen. F\u00fcr 70 Cent pro Kunde Taschen, T\u00fcten und K\u00f6rbe von 9.30 Uhr an den ganzen Tag \u00fcber aufbewahren.\u00a0Der P\u00e4cklebus als Service der Aktionsgemeinschaft z\u00b4Friburg in der Stadt\u00a0 wird an Adventssamstagen von mehr als 500 Kunden genutzt. An regul\u00e4ren Samstagen lagern rund 300 Kunden Ihre Eink\u00e4ufe in dem alten Linienbus.<br \/>\n<a href=\"https:\/\/www.zfriburginderstadt.eu\">www.zfriburginderstadt.eu<\/a><\/p>\n","protected":false},"excerpt":{"rendered":"<p>Weihnachtseink\u00e4ufe in der Innenstadt k\u00f6nnen an Samstagen im Dezember\u00a0bis 20.30 Uhr im P\u00e4cklebus geparkt werden. Der umgebaute Linienbus an der Ecke Kaiser-Joseph-Stra\u00dfe\/Engelstra\u00dfe gegen\u00fcber Buchhandlung Thalia\/Herder bietet Platz f\u00fcr alle Eink\u00e4ufe, die zwischengelagert werden sollen. F\u00fcr 70 Cent pro Kunde Taschen, &hellip; <a href=\"https:\/\/www.freiburg-schwarzwald.de\/blog\/paecklebus-an-der-kajo\/\">Weiterlesen <span class=\"meta-nav\">&rarr;<\/span><\/a><\/p>\n","protected":false},"author":4,"featured_media":0,"comment_status":"open","ping_status":"closed","sticky":false,"template":"","format":"standard","meta":{"footnotes":""},"categories":[49,23],"tags":[87],"class_list":["post-16447","post","type-post","status-publish","format-standard","hentry","category-freiburg","category-handel","tag-lokal-handeln"],"_links":{"self":[{"href":"https:\/\/www.freiburg-schwarzwald.de\/blog\/wp-json\/wp\/v2\/posts\/16447","targetHints":{"allow":["GET"]}}],"collection":[{"href":"https:\/\/www.freiburg-schwarzwald.de\/blog\/wp-json\/wp\/v2\/posts"}],"about":[{"href":"https:\/\/www.freiburg-schwarzwald.de\/blog\/wp-json\/wp\/v2\/types\/post"}],"author":[{"embeddable":true,"href":"https:\/\/www.freiburg-schwarzwald.de\/blog\/wp-json\/wp\/v2\/users\/4"}],"replies":[{"embeddable":true,"href":"https:\/\/www.freiburg-schwarzwald.de\/blog\/wp-json\/wp\/v2\/comments?post=16447"}],"version-history":[{"count":0,"href":"https:\/\/www.freiburg-schwarzwald.de\/blog\/wp-json\/wp\/v2\/posts\/16447\/revisions"}],"wp:attachment":[{"href":"https:\/\/www.freiburg-schwarzwald.de\/blog\/wp-json\/wp\/v2\/media?parent=16447"}],"wp:term":[{"taxonomy":"category","embeddable":true,"href":"https:\/\/www.freiburg-schwarzwald.de\/blog\/wp-json\/wp\/v2\/categories?post=16447"},{"taxonomy":"post_tag","embeddable":true,"href":"https:\/\/www.freiburg-schwarzwald.de\/blog\/wp-json\/wp\/v2\/tags?post=16447"}],"curies":[{"name":"wp","href":"https:\/\/api.w.org\/{rel}","templated":true}]}}