{"id":16386,"date":"2012-11-28T19:13:53","date_gmt":"2012-11-28T18:13:53","guid":{"rendered":"https:\/\/www.freiburg-schwarzwald.de\/blog\/?p=16386"},"modified":"2012-11-28T19:31:41","modified_gmt":"2012-11-28T18:31:41","slug":"kirchzartener-fototage-2012","status":"publish","type":"post","link":"https:\/\/www.freiburg-schwarzwald.de\/blog\/kirchzartener-fototage-2012\/","title":{"rendered":"KirchzARTener FOTOtage 2012"},"content":{"rendered":"<p>Das kommende Wochenende steht im Kurhaus <a title=\"Kirchzarten\" href=\"https:\/\/www.freiburg-schwarzwald.de\/blog\/regio\/orte\/kirchzarten\/\">Kirchzarten<\/a> ganz im Zeichen hochwertiger Fotografie, veranstaltet vom <a title=\"Fotografie\" href=\"https:\/\/www.freiburg-schwarzwald.de\/blog\/business\/dienste\/fotografie\/\">Fotoclub Dreisamtal<\/a>. Am Samstag, dem 1. und Sonntag, dem 2. Dezember zeigen von 10 bis 18 Uhr unter dem Motto \u201eKirchzARTener FOTOsalon\u201c \u00fcber 60 Fotografen ihre Arbeiten. Gleichzeitig pr\u00e4sentieren unter dem Stichwort \u201eRegiofoto\u201c die mit den Dreisamt\u00e4ler Foto-Experten befreundeten Fotoclubs aus M\u00fcnzingen (CH) und Riedisheim (F) ihre interessantesten Fotos. <!--more-->Am Sonntagabend um 17 Uhr findet zum Abschluss der Fototage die Pr\u00e4mierung der besten Fotos der \u201eProfis\u201c statt. Und es werden zur gleichen Zeit die Sieger des Fotowettbewerbs \u201eZeige mir dein Dreisamtal\u201c, der seit dem 16. November in der Sparkasse Kirchzarten l\u00e4uft, ausgezeichnet. Noch mehr Fotos sind seit dem 21. November bei \u201e<a title=\"Testo\" href=\"https:\/\/www.freiburg-schwarzwald.de\/blog\/business\/industrie\/testo\/\">Testo Industrial Services<\/a>\u201c w\u00e4hrend der B\u00fcrozeiten zu sehen. Hier zeigt Fotoclubmitglied Dusan Minarik unter dem Titel \u201e3ART\u201c interessante Werke aus seinem K\u00fcnstlerschaffen.<br \/>\n28.11.2012, Gerhard L\u00fcck, <a href=\"https:\/\/www.dreisamtaeler.de\">www.dreisamtaeler.de<\/a><\/p>\n<p><a href=\"https:\/\/www.freiburg-schwarzwald.de\/blog\/kirchzartener-fototage-2012\/minarik-foto121128\/\" rel=\"attachment wp-att-16387\"><img loading=\"lazy\" decoding=\"async\" title=\"minarik-foto121128\" src=\"https:\/\/www.freiburg-schwarzwald.de\/blog\/wp-content\/uploads\/2012\/11\/minarik-foto121128-180x120.jpg\" alt=\"\" width=\"180\" height=\"120\" \/><\/a>\u00a0<br \/>\n<strong><\/strong><\/p>\n<p>Mit der Infrarottechnik schuf Dusan Minarik beeindruckende Schwarz-Wei\u00df-Aufnahmen z.B. an der Talvogtei in Kirchzarten.\u00a0Foto: Gerhard L\u00fcck<\/p>\n<p><strong>Dusan Minarik stellt mit \u201e3ART\u201c zum zweiten Mal bei \u201eTesto Industriel Services\u201c aus<br \/>\n<\/strong>Schon manche Kunstausstellung hat Elke Vollmer bei \u201eTesto Industriel Services\u201c er\u00f6ffnet. Manchmal sei auch \u201eKunst in Form von Fotografie\u201c dabei gewesen. Und bereits zum zweiten Mal nach 2010 seien jetzt bis Ende Januar 2013 wieder Fotografien von Dusan Minarik anzuschauen. Zur Vernissage begr\u00fc\u00dfte sie zahlreiche G\u00e4ste, die gleich gro\u00dfes Interesse an den \u00fcber drei Etagen ausgestellten Werken zeigten.\u00a0Manfred Sch\u00e4fer, Vorsitzender des Fotoclubs Dreisamtal, dem Dusan Minarik seit 1989 angeh\u00f6rt und in dessen Vorstand er mitarbeitet, stellte fest, dass der 1942 in Br\u00fcnn in Tschechien geborene Fotograf in die Fu\u00dfstapfen seines Vaters getreten sei. Der hatte ein Fotoatelier und war vor allem auf die Portrait-Fotografie von K\u00fcnstlern und Schauspielern spezialisiert. Vaters leicht brennbare Zelluloidfilme h\u00e4tten den jungen Dusan zu manch abenteuerlichem Experiment ermuntert. \u201eDiese Experimentierfreude\u201c, so Sch\u00e4fer, \u201eimmer Neues in der Fotografie auszuprobieren, ist ihm bis heute erhalten geblieben.\u201c Und so sei ihm die \u201enormale\u201c Fotografie zu wenig, Herausforderungen in Motiv- und Technikwahl m\u00fcssten sein. Und als Verfechter der analogen Fotografie habe er sich dennoch mit der digitalen Technik angefreundet, wandle quasi zwischen zwei Welten. In der Ausstellung \u201e3ART\u201c zeigt Dusan Minarik ein Spektrum aus drei\u00dfig Jahren. Bei Aufnahmen aus den 90er Jahren kommen seine Leidenschaft der Astronomie und sein Interesse an Sciencefictionb\u00fcchern und -filmen zum Ausdruck. Mit ausgefeilten Beleuchtungen und R\u00fcckprojektionen schuf er \u201ePhantastische Welten\u201c. Dusan Minarik ist ein Meister der analogen Schwarz-Wei\u00df-Fotografie. Bei Landschaftsaufnahmen setzte er die Infrarottechnik als neue Herausforderung ein. Es erfordert viel Erfahrung im Umgang mit Film, Kamera und Chemie, um eine gewisse Luftigkeit und Leichtigkeit zu erzeugen. Und dass Dusan Minarik auch ein Meister der \u201erein digitalen Dunkelkammer\u201c, dem Studio, ist, zeigen seine neusten Arbeiten, die reich an Formen, Farben und Details Fr\u00f6hlichkeit ausstrahlen.\u00a0<br \/>\n28.11.2012<\/p>\n","protected":false},"excerpt":{"rendered":"<p>Das kommende Wochenende steht im Kurhaus Kirchzarten ganz im Zeichen hochwertiger Fotografie, veranstaltet vom Fotoclub Dreisamtal. Am Samstag, dem 1. und Sonntag, dem 2. Dezember zeigen von 10 bis 18 Uhr unter dem Motto \u201eKirchzARTener FOTOsalon\u201c \u00fcber 60 Fotografen ihre &hellip; <a href=\"https:\/\/www.freiburg-schwarzwald.de\/blog\/kirchzartener-fototage-2012\/\">Weiterlesen <span class=\"meta-nav\">&rarr;<\/span><\/a><\/p>\n","protected":false},"author":4,"featured_media":0,"comment_status":"open","ping_status":"closed","sticky":false,"template":"","format":"standard","meta":{"footnotes":""},"categories":[227,13,6],"tags":[397,429],"class_list":["post-16386","post","type-post","status-publish","format-standard","hentry","category-fotografie","category-kultur","category-vereine","tag-ausstellung","tag-foto"],"_links":{"self":[{"href":"https:\/\/www.freiburg-schwarzwald.de\/blog\/wp-json\/wp\/v2\/posts\/16386","targetHints":{"allow":["GET"]}}],"collection":[{"href":"https:\/\/www.freiburg-schwarzwald.de\/blog\/wp-json\/wp\/v2\/posts"}],"about":[{"href":"https:\/\/www.freiburg-schwarzwald.de\/blog\/wp-json\/wp\/v2\/types\/post"}],"author":[{"embeddable":true,"href":"https:\/\/www.freiburg-schwarzwald.de\/blog\/wp-json\/wp\/v2\/users\/4"}],"replies":[{"embeddable":true,"href":"https:\/\/www.freiburg-schwarzwald.de\/blog\/wp-json\/wp\/v2\/comments?post=16386"}],"version-history":[{"count":0,"href":"https:\/\/www.freiburg-schwarzwald.de\/blog\/wp-json\/wp\/v2\/posts\/16386\/revisions"}],"wp:attachment":[{"href":"https:\/\/www.freiburg-schwarzwald.de\/blog\/wp-json\/wp\/v2\/media?parent=16386"}],"wp:term":[{"taxonomy":"category","embeddable":true,"href":"https:\/\/www.freiburg-schwarzwald.de\/blog\/wp-json\/wp\/v2\/categories?post=16386"},{"taxonomy":"post_tag","embeddable":true,"href":"https:\/\/www.freiburg-schwarzwald.de\/blog\/wp-json\/wp\/v2\/tags?post=16386"}],"curies":[{"name":"wp","href":"https:\/\/api.w.org\/{rel}","templated":true}]}}