{"id":16380,"date":"2012-11-28T19:03:15","date_gmt":"2012-11-28T18:03:15","guid":{"rendered":"https:\/\/www.freiburg-schwarzwald.de\/blog\/?p=16380"},"modified":"2012-11-28T19:08:30","modified_gmt":"2012-11-28T18:08:30","slug":"uli-fuehre-singt-hebel","status":"publish","type":"post","link":"https:\/\/www.freiburg-schwarzwald.de\/blog\/uli-fuehre-singt-hebel\/","title":{"rendered":"Uli Fuehre singt Hebel"},"content":{"rendered":"<p>Neuvertonungen von Johann Peter Hebels Gedichten auf CD und in der Rainhof-Scheune: Normalerweise sind Preise eine Anerkennung f\u00fcr eine geleistete Arbeit. Als Uli F\u00fchre 2010 zum 250. Geburtstag von <a title=\"Dichter\" href=\"https:\/\/www.freiburg-schwarzwald.de\/blog\/kultur\/dichter\/\">Johann Peter Hebel<\/a> den \u201eHebel Dank\u201c in L\u00f6rrach bekam, nahm er das zum Anlass, dessen Gedichte neu zu vertonen. So wurde die Auszeichnung zu einem Impuls, Neues zu schaffen. Es entstand ein <a title=\"Liedermacher\" href=\"https:\/\/www.freiburg-schwarzwald.de\/blog\/kultur\/dichter\/liedermacher\/\">Liederzyklus<\/a> mit bekannten und unbekannteren Hebelgedichten. \u201eHans und Verene\u201c bekamen das Gewand einer Bluesballade. <!--more-->Der allzeit vergn\u00fcgte \u201eTabakraucher\u201c kommt als Swing-Nummer daher und \u201eTrost\u201c erklingt als melancholische Ballade. Nat\u00fcrlich darf der \u201eMann im Mond\u201c nicht fehlen, aber auch \u201eDer K\u00e4fer\u201c und \u201eDas Spinnlein\u201c haben eine songhafte Form gefunden. Hebels Texte wirken auf den ersten Blick volkst\u00fcmlich, weisen aber in ihrer Komplexit\u00e4t weit \u00fcber das Regionale hinaus. Zwischen den Liedern liest F\u00fchre immer wieder Geschichten aus dem rheinischen Hausfreund. Uli F\u00fchre wird u.a. von der Cellistin Monika Ecker begleitet, die mit ihrem warmen Celloton die Zuh\u00f6rer in andere Welten spielt. Die CD ist zum Preis von 16,80 Euro im Handel erh\u00e4ltlich. Und am 7. Dezember ist Uli F\u00fchre mit \u201eDank Hebel\u201c um 20 Uhr in der Rainhof-Scheune live zu erleben.<br \/>\n28.11.2012, Gerhard L\u00fcck, <a href=\"https:\/\/www.dreisamtaeler.de\">www.dreisamtaeler.de<\/a><\/p>\n<p>\u00a0<a href=\"https:\/\/www.freiburg-schwarzwald.de\/blog\/uli-fuehre-singt-hebel\/fuehre-uli121128\/\" rel=\"attachment wp-att-16383\"><img loading=\"lazy\" decoding=\"async\" class=\"alignnone size-thumbnail wp-image-16383\" title=\"fuehre-uli121128\" src=\"https:\/\/www.freiburg-schwarzwald.de\/blog\/wp-content\/uploads\/2012\/11\/fuehre-uli121128-180x120.jpg\" alt=\"\" width=\"180\" height=\"120\" srcset=\"https:\/\/www.freiburg-schwarzwald.de\/blog\/wp-content\/uploads\/2012\/11\/fuehre-uli121128-180x120.jpg 180w, https:\/\/www.freiburg-schwarzwald.de\/blog\/wp-content\/uploads\/2012\/11\/fuehre-uli121128.jpg 640w\" sizes=\"auto, (max-width: 180px) 100vw, 180px\" \/><\/a><\/p>\n<p>Uli F\u00fchre, 1957 in L\u00f6rrach geboren, Musikstudium, lebt als Kursleiter, Komponist und alemannischer Kleink\u00fcnstler in Buchenbach. Foto: Hellmuth Wolff<\/p>\n","protected":false},"excerpt":{"rendered":"<p>Neuvertonungen von Johann Peter Hebels Gedichten auf CD und in der Rainhof-Scheune: Normalerweise sind Preise eine Anerkennung f\u00fcr eine geleistete Arbeit. Als Uli F\u00fchre 2010 zum 250. Geburtstag von Johann Peter Hebel den \u201eHebel Dank\u201c in L\u00f6rrach bekam, nahm er &hellip; <a href=\"https:\/\/www.freiburg-schwarzwald.de\/blog\/uli-fuehre-singt-hebel\/\">Weiterlesen <span class=\"meta-nav\">&rarr;<\/span><\/a><\/p>\n","protected":false},"author":4,"featured_media":0,"comment_status":"open","ping_status":"closed","sticky":false,"template":"","format":"standard","meta":{"footnotes":""},"categories":[212,120],"tags":[313,443],"class_list":["post-16380","post","type-post","status-publish","format-standard","hentry","category-alemannisch","category-musik","tag-mundart","tag-termin"],"_links":{"self":[{"href":"https:\/\/www.freiburg-schwarzwald.de\/blog\/wp-json\/wp\/v2\/posts\/16380","targetHints":{"allow":["GET"]}}],"collection":[{"href":"https:\/\/www.freiburg-schwarzwald.de\/blog\/wp-json\/wp\/v2\/posts"}],"about":[{"href":"https:\/\/www.freiburg-schwarzwald.de\/blog\/wp-json\/wp\/v2\/types\/post"}],"author":[{"embeddable":true,"href":"https:\/\/www.freiburg-schwarzwald.de\/blog\/wp-json\/wp\/v2\/users\/4"}],"replies":[{"embeddable":true,"href":"https:\/\/www.freiburg-schwarzwald.de\/blog\/wp-json\/wp\/v2\/comments?post=16380"}],"version-history":[{"count":0,"href":"https:\/\/www.freiburg-schwarzwald.de\/blog\/wp-json\/wp\/v2\/posts\/16380\/revisions"}],"wp:attachment":[{"href":"https:\/\/www.freiburg-schwarzwald.de\/blog\/wp-json\/wp\/v2\/media?parent=16380"}],"wp:term":[{"taxonomy":"category","embeddable":true,"href":"https:\/\/www.freiburg-schwarzwald.de\/blog\/wp-json\/wp\/v2\/categories?post=16380"},{"taxonomy":"post_tag","embeddable":true,"href":"https:\/\/www.freiburg-schwarzwald.de\/blog\/wp-json\/wp\/v2\/tags?post=16380"}],"curies":[{"name":"wp","href":"https:\/\/api.w.org\/{rel}","templated":true}]}}