{"id":16151,"date":"2012-11-23T19:07:10","date_gmt":"2012-11-23T18:07:10","guid":{"rendered":"https:\/\/www.freiburg-schwarzwald.de\/blog\/?p=16151"},"modified":"2012-11-23T19:07:10","modified_gmt":"2012-11-23T18:07:10","slug":"dreisamgarten-ebnet-ist-weg","status":"publish","type":"post","link":"https:\/\/www.freiburg-schwarzwald.de\/blog\/dreisamgarten-ebnet-ist-weg\/","title":{"rendered":"Dreisamgarten Ebnet ist weg"},"content":{"rendered":"<p>Anfang 2011 wird ein brachliegender <a title=\"Garten\" href=\"https:\/\/www.freiburg-schwarzwald.de\/blog\/natur\/garten\/\">Garten<\/a> an der Nepomukbr\u00fccke in <a title=\"Ebnet\" href=\"https:\/\/www.freiburg-schwarzwald.de\/blog\/regio\/freiburg\/ebnet\/\">FR-Ebnet <\/a>nach Neuverpachtung hergerichtet: Blumen, Gem\u00fcse, Bienen,\u00a0Sandsteinmauern, Gartenh\u00fctte. Spazierg\u00e4nger freuen sich (Schw\u00e4tzchen), Schulkinder freuen sich (<a title=\"Imker\" href=\"https:\/\/www.freiburg-schwarzwald.de\/blog\/business\/handwerk\/imker\/\">Imkerei<\/a>), Umweltler freuen sich (<a title=\"Recycling\" href=\"https:\/\/www.freiburg-schwarzwald.de\/blog\/natur\/umwelt\/recycling\/\">Recycling<\/a>), nur der Eigent\u00fcmer nicht (Mauern).\u00a0Vermittlungsversuche durch Ortsvorsteher, Schlo\u00dfherr, Freunde, Vereine, &#8230; scheitern.\u00a0Nun wird alles per LKW abtransportiert und der <a title=\"Dreisamgarten\" href=\"https:\/\/www.freiburg-schwarzwald.de\/blog\/natur\/garten\/dreisamgarten\/\">sch\u00f6ne Dreisamgarten<\/a> wieder zur Brache.\u00a0Traurig, was rechtens ist, weil es rechtens ist.<\/p>\n","protected":false},"excerpt":{"rendered":"<p>Anfang 2011 wird ein brachliegender Garten an der Nepomukbr\u00fccke in FR-Ebnet nach Neuverpachtung hergerichtet: Blumen, Gem\u00fcse, Bienen,\u00a0Sandsteinmauern, Gartenh\u00fctte. Spazierg\u00e4nger freuen sich (Schw\u00e4tzchen), Schulkinder freuen sich (Imkerei), Umweltler freuen sich (Recycling), nur der Eigent\u00fcmer nicht (Mauern).\u00a0Vermittlungsversuche durch Ortsvorsteher, Schlo\u00dfherr, Freunde, Vereine, &hellip; <a href=\"https:\/\/www.freiburg-schwarzwald.de\/blog\/dreisamgarten-ebnet-ist-weg\/\">Weiterlesen <span class=\"meta-nav\">&rarr;<\/span><\/a><\/p>\n","protected":false},"author":4,"featured_media":0,"comment_status":"open","ping_status":"closed","sticky":false,"template":"","format":"standard","meta":{"footnotes":""},"categories":[36,140,203],"tags":[288,142,146],"class_list":["post-16151","post","type-post","status-publish","format-standard","hentry","category-engagement","category-garten","category-recycling","tag-nachbarschaft","tag-renaturierung","tag-schulgarten"],"_links":{"self":[{"href":"https:\/\/www.freiburg-schwarzwald.de\/blog\/wp-json\/wp\/v2\/posts\/16151","targetHints":{"allow":["GET"]}}],"collection":[{"href":"https:\/\/www.freiburg-schwarzwald.de\/blog\/wp-json\/wp\/v2\/posts"}],"about":[{"href":"https:\/\/www.freiburg-schwarzwald.de\/blog\/wp-json\/wp\/v2\/types\/post"}],"author":[{"embeddable":true,"href":"https:\/\/www.freiburg-schwarzwald.de\/blog\/wp-json\/wp\/v2\/users\/4"}],"replies":[{"embeddable":true,"href":"https:\/\/www.freiburg-schwarzwald.de\/blog\/wp-json\/wp\/v2\/comments?post=16151"}],"version-history":[{"count":0,"href":"https:\/\/www.freiburg-schwarzwald.de\/blog\/wp-json\/wp\/v2\/posts\/16151\/revisions"}],"wp:attachment":[{"href":"https:\/\/www.freiburg-schwarzwald.de\/blog\/wp-json\/wp\/v2\/media?parent=16151"}],"wp:term":[{"taxonomy":"category","embeddable":true,"href":"https:\/\/www.freiburg-schwarzwald.de\/blog\/wp-json\/wp\/v2\/categories?post=16151"},{"taxonomy":"post_tag","embeddable":true,"href":"https:\/\/www.freiburg-schwarzwald.de\/blog\/wp-json\/wp\/v2\/tags?post=16151"}],"curies":[{"name":"wp","href":"https:\/\/api.w.org\/{rel}","templated":true}]}}