{"id":16143,"date":"2012-11-23T16:38:37","date_gmt":"2012-11-23T15:38:37","guid":{"rendered":"https:\/\/www.freiburg-schwarzwald.de\/blog\/?p=16143"},"modified":"2012-11-23T16:40:54","modified_gmt":"2012-11-23T15:40:54","slug":"wiehre-altbau-oeko-vauban","status":"publish","type":"post","link":"https:\/\/www.freiburg-schwarzwald.de\/blog\/wiehre-altbau-oeko-vauban\/","title":{"rendered":"Wiehre = Altbau-Oeko-Vauban?"},"content":{"rendered":"<p>&#8222;<a title=\"Oeko\" href=\"https:\/\/www.freiburg-schwarzwald.de\/blog\/natur\/landwirt\/oeko\/\">\u00d6ko<\/a>&#8211;<a title=\"Vauban\" href=\"https:\/\/www.freiburg-schwarzwald.de\/blog\/regio\/freiburg\/vauban\/\">Vauban<\/a> im Altbauviertel? B\u00fcrger aktiv f\u00fcr Stadtteil-Leitlinien STELL Wiehre zu Verkehr und <a title=\"Energie\" href=\"https:\/\/www.freiburg-schwarzwald.de\/blog\/energie\/\">Energie<\/a> und Umwelt&#8220;\u00a0<br \/>\nhei\u00dft das Thema beim Samstags-Forum Regio Freiburg am\u00a01.12.2012 von 10.30 bis 12.45 Uhr in der Universit\u00e4t Freiburg,\u00a0H\u00f6rsaal 1015 des Kollegiengeb\u00e4udes 1. Hannes Bark und weitere Aktive der Arbeitskreise Energie- <a title=\"Umwelt\" href=\"https:\/\/www.freiburg-schwarzwald.de\/blog\/natur\/umwelt\/\">Umwelt <\/a>und Verkehr der B\u00fcrgervereine Oberwiehre-Waldsee e.V. sowie Mittel- und Unterwiehre e.V. berichten mit Lichtbildern. F\u00fcr die anschlie\u00dfende F\u00fchrung <!--more-->um 12:45 Uhr ab H\u00f6rsaal zur Energiewende und zu Verkehr\/Mobilit\u00e4t in Freiburg-Wiehre sind Anmeldungen erbeten bis zum 30.11. 12 Uhr an <a href=\"mailto:ecotrinova@web.de\">ecotrinova@web.de<\/a> oder T. 0761-2168730 beim Treffpunkt Freiburg.<br \/>\nDer Eintritt ist frei. Schirmherrin ist die Freiburger Umweltb\u00fcrgermeisterin Gerda Stuchlik. .<br \/>\nVeranstalter sind ECOtrinova e.V. und u-asta Umweltreferat an der Universit\u00e4t, unterst\u00fctzt vom Agenda 21-B\u00fcro Freiburg, B\u00fcrgerverein Oberwiehre-Waldsee e.V. und B\u00fcrgerverein Mittel- und Unterwiehre e.V., Klimab\u00fcndnis Freiburg, Landesnaturschutzverband LNV e.V. und Weiteren.<\/p>\n<p><strong>Stadtteile im Wandel &#8211; wird die Wiehre ein &#8222;Altbau-\u00d6ko-Vauban&#8220;?<\/strong><br \/>\nBei den Stadtteilleitlinien STELL Freiburg-Wiehre ist etwas sehr Bemerkenswertes\u00a0 und auf andere Stadtteile gro\u00dfenteils \u00dcbertragbares geschehen, rund ein Jahr lang mit vielen\u00a0Arbeitskreisen und Plenen der B\u00fcrgervereine in der Wiehre, nun kurz vor \u00dcbergabe an den Gemeinderat mit weitreichenden B\u00fcrger-Vorschl\u00e4gen. Es geht um die Zukunftsf\u00e4higkeit von Stadtteilen und Kommunen insgesamt. Zu drei Sachgebieten, Verkehr- Energie-Umwelt, gibt es nun beim Samstags-Forum Regio Freiburg f\u00fcr alle Interessierten auch au\u00dferhalb der Wiehre Vorstellungen und Kurzf\u00fchrungen. Unter anderem in Gundelfingen i.Br. und sp\u00e4ter in weiteren Freiburger Stadtteilen laufen \u00e4hnliche Verfahren. In der Wiehre besteht auch ein Zusammenhang mit dem st\u00e4dtischen Kooperationsprojekt<br \/>\n&#8222;Kraftwerk Wiehre. Strom und W\u00e4rme vor Ort&#8220; zur Energiewende.<br \/>\n23.11.2012, <a title=\"Ecotrinova\" href=\"https:\/\/www.freiburg-schwarzwald.de\/blog\/vereine\/ecotrinova\/\">ECOtrinova<\/a><\/p>\n","protected":false},"excerpt":{"rendered":"<p>&#8222;\u00d6ko&#8211;Vauban im Altbauviertel? B\u00fcrger aktiv f\u00fcr Stadtteil-Leitlinien STELL Wiehre zu Verkehr und Energie und Umwelt&#8220;\u00a0 hei\u00dft das Thema beim Samstags-Forum Regio Freiburg am\u00a01.12.2012 von 10.30 bis 12.45 Uhr in der Universit\u00e4t Freiburg,\u00a0H\u00f6rsaal 1015 des Kollegiengeb\u00e4udes 1. Hannes Bark und weitere &hellip; <a href=\"https:\/\/www.freiburg-schwarzwald.de\/blog\/wiehre-altbau-oeko-vauban\/\">Weiterlesen <span class=\"meta-nav\">&rarr;<\/span><\/a><\/p>\n","protected":false},"author":4,"featured_media":0,"comment_status":"open","ping_status":"closed","sticky":false,"template":"","format":"standard","meta":{"footnotes":""},"categories":[181,135,173,68,6,91],"tags":[239,287],"class_list":["post-16143","post","type-post","status-publish","format-standard","hentry","category-buergerbeteiligung","category-energiepolitik","category-sparsamkeit","category-umwelt","category-vereine","category-wohnen","tag-energiesparen","tag-neubau"],"_links":{"self":[{"href":"https:\/\/www.freiburg-schwarzwald.de\/blog\/wp-json\/wp\/v2\/posts\/16143","targetHints":{"allow":["GET"]}}],"collection":[{"href":"https:\/\/www.freiburg-schwarzwald.de\/blog\/wp-json\/wp\/v2\/posts"}],"about":[{"href":"https:\/\/www.freiburg-schwarzwald.de\/blog\/wp-json\/wp\/v2\/types\/post"}],"author":[{"embeddable":true,"href":"https:\/\/www.freiburg-schwarzwald.de\/blog\/wp-json\/wp\/v2\/users\/4"}],"replies":[{"embeddable":true,"href":"https:\/\/www.freiburg-schwarzwald.de\/blog\/wp-json\/wp\/v2\/comments?post=16143"}],"version-history":[{"count":0,"href":"https:\/\/www.freiburg-schwarzwald.de\/blog\/wp-json\/wp\/v2\/posts\/16143\/revisions"}],"wp:attachment":[{"href":"https:\/\/www.freiburg-schwarzwald.de\/blog\/wp-json\/wp\/v2\/media?parent=16143"}],"wp:term":[{"taxonomy":"category","embeddable":true,"href":"https:\/\/www.freiburg-schwarzwald.de\/blog\/wp-json\/wp\/v2\/categories?post=16143"},{"taxonomy":"post_tag","embeddable":true,"href":"https:\/\/www.freiburg-schwarzwald.de\/blog\/wp-json\/wp\/v2\/tags?post=16143"}],"curies":[{"name":"wp","href":"https:\/\/api.w.org\/{rel}","templated":true}]}}