{"id":16088,"date":"2012-11-22T18:48:15","date_gmt":"2012-11-22T17:48:15","guid":{"rendered":"https:\/\/www.freiburg-schwarzwald.de\/blog\/?p=16088"},"modified":"2012-11-22T19:21:34","modified_gmt":"2012-11-22T18:21:34","slug":"ehc-fr-prostata-movember","status":"publish","type":"post","link":"https:\/\/www.freiburg-schwarzwald.de\/blog\/ehc-fr-prostata-movember\/","title":{"rendered":"EHC FR &#8211; Prostata &#8211; Movember"},"content":{"rendered":"<p>Jedes Jahr im November inspiriert <em>Movember.de<\/em> tausende <a title=\"Maenner\" href=\"https:\/\/www.freiburg-schwarzwald.de\/blog\/selbsthilfe\/maenner\/\">M\u00e4nner<\/a> weltweit, sich f\u00fcr den guten Zweck einen Schnurrbart wachsen zu lassen und so zum Mo Bro zu werden. Unterst\u00fctzt durch ihre Mo Sistas st\u00e4rken die M\u00e4nner so das Bewusstsein f\u00fcr\u00a0\u00a0<a title=\"Prostata\" href=\"https:\/\/www.freiburg-schwarzwald.de\/blog\/selbsthilfe\/krebs\/prostata\/\">Prostatakrebs<\/a> und sammeln Spendengelder. In 2012 macht auch der <a title=\"Sportvereine\" href=\"https:\/\/www.freiburg-schwarzwald.de\/blog\/sport\/sportvereine\/\">EHC Freiburg <\/a>mit &#8211; unterst\u00fctzen auch Sie das EHC Team \u00fcber <a title=\"\" href=\"https:\/\/www.movember.de\/\" target=\"_blank\">www.movember.de<\/a>: Dort nach dem Team suchen und online spenden \u2013 oder in bar bei einem der Heimspiele am 23. und 30. November.<!--more--><\/p>\n<p>Der elfte Monat im Jahr hei\u00dft ab sofort Movember.\u00a0Seit den Anf\u00e4ngen in Melbourne 2003 hat sich Movember zu einer globalen Bewegung entwickelt und bereits \u00fcber 1.9 Millionen Mo Bros und Mo Sistas dazu motiviert, teilzunehmen.\u00a0 &#8222;Movember&#8220; steht f\u00fcr &#8222;November&#8220; +\u00a0&#8222;moustache&#8220; oder kurz &#8222;mo&#8220; f\u00fcr Schnauzbart. Vorgehensweise: Am 1.11. kahl rasieren und dann 30 Tage lang denr Schnauzer p\u00e4ppeln.<br \/>\n<a href=\"https:\/\/www.movember.de\/\">www.movember.de<\/a> oder direkt <a href=\"https:\/\/de.movember.com\/?home\">https:\/\/de.movember.com\/?home<\/a>\u00a0<br \/>\n<a href=\"https:\/\/www.ehcf.de\/\">https:\/\/www.ehcf.de<\/a><\/p>\n<p><strong>Ein Schnauzer f\u00fcr den guten Zweck<\/strong><br \/>\nDer Schnauzbart war das letzte Mal in den 80ern modern. Trotzdem lassen sich Klante, Rie\u00dfle und Soccio vom EHC Freiburg seit zwei Wochen die Haare auf der Oberlippe wachsen: Sie beteiligen sich an der weltweiten Charity-Aktion &#8222;Movember&#8220;. Den ganzen Monat \u00fcber lassen sich die Teilnehmer einen Schnauzer stehen. Die Aufmerksamkeit, die sie so auf sich ziehen, wollen sie nutzen, um Geld f\u00fcr die <a title=\"Krebs\" href=\"https:\/\/www.freiburg-schwarzwald.de\/blog\/selbsthilfe\/krebs\/\">Prostatakrebsforschung<\/a> und -vorsorge zu sammeln.<br \/>\nAlles vom 22.11.2012 bitte lesen auf<br \/>\n<a href=\"https:\/\/www.badische-zeitung.de\/freiburg\/ein-schnauzer-fuer-den-guten-zweck--65872484.html\">https:\/\/www.badische-zeitung.de\/freiburg\/ein-schnauzer-fuer-den-guten-zweck&#8211;65872484.html<\/a>\u00a0<a href=\"https:\/\/www.ehcf.de\/\">\/<\/a>\u00a0<\/p>\n<p>&nbsp;<\/p>\n","protected":false},"excerpt":{"rendered":"<p>Jedes Jahr im November inspiriert Movember.de tausende M\u00e4nner weltweit, sich f\u00fcr den guten Zweck einen Schnurrbart wachsen zu lassen und so zum Mo Bro zu werden. Unterst\u00fctzt durch ihre Mo Sistas st\u00e4rken die M\u00e4nner so das Bewusstsein f\u00fcr\u00a0\u00a0Prostatakrebs und sammeln &hellip; <a href=\"https:\/\/www.freiburg-schwarzwald.de\/blog\/ehc-fr-prostata-movember\/\">Weiterlesen <span class=\"meta-nav\">&rarr;<\/span><\/a><\/p>\n","protected":false},"author":4,"featured_media":0,"comment_status":"open","ping_status":"closed","sticky":false,"template":"","format":"standard","meta":{"footnotes":""},"categories":[62,124],"tags":[70,718],"class_list":["post-16088","post","type-post","status-publish","format-standard","hentry","category-krebs","category-sportvereine-vereine","tag-jugendsport","tag-krebs"],"_links":{"self":[{"href":"https:\/\/www.freiburg-schwarzwald.de\/blog\/wp-json\/wp\/v2\/posts\/16088","targetHints":{"allow":["GET"]}}],"collection":[{"href":"https:\/\/www.freiburg-schwarzwald.de\/blog\/wp-json\/wp\/v2\/posts"}],"about":[{"href":"https:\/\/www.freiburg-schwarzwald.de\/blog\/wp-json\/wp\/v2\/types\/post"}],"author":[{"embeddable":true,"href":"https:\/\/www.freiburg-schwarzwald.de\/blog\/wp-json\/wp\/v2\/users\/4"}],"replies":[{"embeddable":true,"href":"https:\/\/www.freiburg-schwarzwald.de\/blog\/wp-json\/wp\/v2\/comments?post=16088"}],"version-history":[{"count":0,"href":"https:\/\/www.freiburg-schwarzwald.de\/blog\/wp-json\/wp\/v2\/posts\/16088\/revisions"}],"wp:attachment":[{"href":"https:\/\/www.freiburg-schwarzwald.de\/blog\/wp-json\/wp\/v2\/media?parent=16088"}],"wp:term":[{"taxonomy":"category","embeddable":true,"href":"https:\/\/www.freiburg-schwarzwald.de\/blog\/wp-json\/wp\/v2\/categories?post=16088"},{"taxonomy":"post_tag","embeddable":true,"href":"https:\/\/www.freiburg-schwarzwald.de\/blog\/wp-json\/wp\/v2\/tags?post=16088"}],"curies":[{"name":"wp","href":"https:\/\/api.w.org\/{rel}","templated":true}]}}