{"id":16057,"date":"2012-11-22T16:10:25","date_gmt":"2012-11-22T15:10:25","guid":{"rendered":"https:\/\/www.freiburg-schwarzwald.de\/blog\/?p=16057"},"modified":"2012-11-22T16:10:25","modified_gmt":"2012-11-22T15:10:25","slug":"sc-profi-makiadi-im-kiga","status":"publish","type":"post","link":"https:\/\/www.freiburg-schwarzwald.de\/blog\/sc-profi-makiadi-im-kiga\/","title":{"rendered":"SC-Profi Makiadi im Kiga"},"content":{"rendered":"<p>Die Freude war nat\u00fcrlich gro\u00df im Kindergarten <a title=\"Littenweiler\" href=\"https:\/\/www.freiburg-schwarzwald.de\/blog\/regio\/freiburg\/littenweiler\/\">St. Barbara in Littenweiler<\/a>, als der <a title=\"SCfreiburg\" href=\"https:\/\/www.freiburg-schwarzwald.de\/blog\/sport\/sportvereine\/scfreiburg\/\">SC Spieler<\/a>\u00a0Cedrick Makiadi zu Besuch war. \u201eUnsere \u201aRote Gruppe\u2019 ist schon seit jeher richtig fu\u00dfballverr\u00fcckt\u201c erz\u00e4hlt Kinder\u00adgartenleiterin Beate Klaus. \u201eUnd seit der EM zieht sich das Thema Fu\u00dfball wie ein roter Faden durch unsere Arbeit\u201c. \u201eUnd wenn man das Gl\u00fcck hat, einen Erstligisten \u201avor der Haust\u00fcre\u2019 zu haben, besucht man mit den Kindergartenkindern nat\u00fcrlich auch einmal eine Trainingseinheit des SC Freiburg\u201c, so Erzieherin Tina Danner.<!--more--> \u201eDort kamen wir auch mit den Verantwortlichen in Kontakt und nachdem wir mit den Kindern einen Einladungsbrief geschrieben hatten, wurde uns ein Spielerbesuch angeboten\u201c. Am Donnerstag vorvergangener Woche war es dann soweit und Cedrick Makiadi, der selbst mit seiner Familie in Littenweiler wohnt, stand vor der T\u00fcr. Begeistert empfingen ihn die Kleinen, die teilweise stilecht mit SC Trikots, Fu\u00dfballschuhen und selbst Stutzen und Knieschonern bekleidet waren. Auch das SC Maskottchen \u201eF\u00fcchsle\u201c war dabei und verteilte eifrig Autogrammkarten und kleine Geschenke. In einer Fragerunde durften die Kindergartenkinder den SC-Profi interviewen und Tom wollte wissen, wie man denn diese tollen Tricks hinbekommt. \u201e\u00dcben, \u00fcben, immer viel \u00fcben\u201c erkl\u00e4rte Makiadi und erz\u00e4hlte aus seinem Fu\u00dfballerleben und dem Trainingsalltag. Charlotte \u00fcberreichte ihm eine selbst gezeichnete Flagge des Kongo, denn die Kinder wussten, dass dies das Heimatland des SC-Profis ist. Als Nele fragte, ob er denn auch im Ballett sein, antwortete Makiadi lachend \u201eIch selbst habe es noch nicht probiert, aber meine kleine Tochter hat Ballettunterricht\u201c. Anschlie\u00dfend erhielten alle Kinder eine Autogrammkarte und zahlreiche SC-Trikots und M\u00fctzen mussten unterschrieben werden. Nachdem Makiadi den Kindern aus dem Buch \u201eConny spielt Fu\u00dfball\u201c vorgelesen hatte, ging es mit begeistertem Jubel raus auf die Kindergartenwiese zum gemeinsamen Fu\u00dfballspielen. Zwei Mannschaften zu bilden gelang dem Sportclubspieler jedoch nicht, da nat\u00fcrlich alle mit ihm in einer Mannschaft spielen wollten und so jagen alle gemeinsam einer Kugel hinterher, womit der Ausdruck \u201eSpiel auf ein Tor\u201c eine v\u00f6llig neue Bedeutung bekam. Alle hatten dennoch m\u00e4chtig viel Spa\u00df und als sich Cedrick Makiadi nach einigen gemeinsamen La-Ola-Wellen und unter kr\u00e4ftigem Applaus verabschiedete, sagte Tom zum Abschied \u201eIch wei\u00df\u2019 warum du jetzt gehen muss, du musst ja wieder \u00fcben\u201c.<br \/>\n22.11.2012, Gisela Heizler-Ries, <a href=\"https:\/\/www.dreisamtaeler.de\">www.dreisamtaeler.de<\/a><\/p>\n<p>&nbsp;<\/p>\n<p>Mit einer La Ola Welle und lautem Jubel bedankten sich die Kindergartenkinder bei SC Profi Cedrick Makiadi f\u00fcr seinen Besuch.\u00a0\u00a0\u00a0\u00a0 <em>Foto: Gisela Heizler-Ries<\/em><\/p>\n","protected":false},"excerpt":{"rendered":"<p>Die Freude war nat\u00fcrlich gro\u00df im Kindergarten St. Barbara in Littenweiler, als der SC Spieler\u00a0Cedrick Makiadi zu Besuch war. \u201eUnsere \u201aRote Gruppe\u2019 ist schon seit jeher richtig fu\u00dfballverr\u00fcckt\u201c erz\u00e4hlt Kinder\u00adgartenleiterin Beate Klaus. \u201eUnd seit der EM zieht sich das Thema &hellip; <a href=\"https:\/\/www.freiburg-schwarzwald.de\/blog\/sc-profi-makiadi-im-kiga\/\">Weiterlesen <span class=\"meta-nav\">&rarr;<\/span><\/a><\/p>\n","protected":false},"author":4,"featured_media":0,"comment_status":"open","ping_status":"closed","sticky":false,"template":"","format":"standard","meta":{"footnotes":""},"categories":[93,204],"tags":[366,721,187],"class_list":["post-16057","post","type-post","status-publish","format-standard","hentry","category-kindergarten","category-scfreiburg","tag-fussball","tag-kindergarten","tag-sc"],"_links":{"self":[{"href":"https:\/\/www.freiburg-schwarzwald.de\/blog\/wp-json\/wp\/v2\/posts\/16057","targetHints":{"allow":["GET"]}}],"collection":[{"href":"https:\/\/www.freiburg-schwarzwald.de\/blog\/wp-json\/wp\/v2\/posts"}],"about":[{"href":"https:\/\/www.freiburg-schwarzwald.de\/blog\/wp-json\/wp\/v2\/types\/post"}],"author":[{"embeddable":true,"href":"https:\/\/www.freiburg-schwarzwald.de\/blog\/wp-json\/wp\/v2\/users\/4"}],"replies":[{"embeddable":true,"href":"https:\/\/www.freiburg-schwarzwald.de\/blog\/wp-json\/wp\/v2\/comments?post=16057"}],"version-history":[{"count":0,"href":"https:\/\/www.freiburg-schwarzwald.de\/blog\/wp-json\/wp\/v2\/posts\/16057\/revisions"}],"wp:attachment":[{"href":"https:\/\/www.freiburg-schwarzwald.de\/blog\/wp-json\/wp\/v2\/media?parent=16057"}],"wp:term":[{"taxonomy":"category","embeddable":true,"href":"https:\/\/www.freiburg-schwarzwald.de\/blog\/wp-json\/wp\/v2\/categories?post=16057"},{"taxonomy":"post_tag","embeddable":true,"href":"https:\/\/www.freiburg-schwarzwald.de\/blog\/wp-json\/wp\/v2\/tags?post=16057"}],"curies":[{"name":"wp","href":"https:\/\/api.w.org\/{rel}","templated":true}]}}