{"id":16055,"date":"2012-11-22T16:05:32","date_gmt":"2012-11-22T15:05:32","guid":{"rendered":"https:\/\/www.freiburg-schwarzwald.de\/blog\/?p=16055"},"modified":"2012-11-22T17:01:48","modified_gmt":"2012-11-22T16:01:48","slug":"kapellenwegfuehrer-als-buch","status":"publish","type":"post","link":"https:\/\/www.freiburg-schwarzwald.de\/blog\/kapellenwegfuehrer-als-buch\/","title":{"rendered":"Kapellenwegfuehrer als Buch"},"content":{"rendered":"<div>\n<p>Der Hochschwarzwald steht wie keine andere Region f\u00fcr die Kombination von Natur,\u00a0Genuss und Tradition. Ein wichtiger Schwerpunkt in der <a title=\"Tourismus\" href=\"https:\/\/www.freiburg-schwarzwald.de\/blog\/tourismus\/\">Tourismusarbei<\/a>t liegt in der F\u00f6rderung und Erhaltung der Schwarzw\u00e4lder Kultur und Tradition. Der neue Hochschwarzwald Kapellenwegf\u00fchrer \u201ehochspirituell\u201c mit 27 <a title=\"Wandern\" href=\"https:\/\/www.freiburg-schwarzwald.de\/blog\/sport\/wandern\/\">Wandertouren<\/a> wandelt auf traditionsreichen Spuren zu 100 Kirchen und <a title=\"Kapellen\" href=\"https:\/\/www.freiburg-schwarzwald.de\/blog\/religion\/kirchen\/kapellen\/\">Kapellen<\/a>. Die stillen Zeitzeugen spenden dem Wanderer auch heute noch Ruhe, Besinnung und Trost.<!--more--><\/p>\n<\/div>\n<p><strong>Der Stempelpass \u2013 mehr als eine sch\u00f6ne Erinnerung<br \/>\n<\/strong>Die k\u00fcrzeste der 27 ausgewiesenen Touren geht \u00fcber sechs Kilometer, die l\u00e4ngste ist mit \u00fcber 18 Kilometern f\u00fcr die ausdauernden Wanderer gedacht. Die Brosch\u00fcre mit 119 Seiten beschreibt diese Wege mit H\u00f6henprofil und Kartenmaterial. Der F\u00fchrer enth\u00e4lt als Besonderheit neben zahlreichen Tourentipps und Karten\u00fcbersichten auch einen Stempelpass. Mit den modern an\u00admutenden Stempelsymbolen kann der Wanderer die von ihm besuchten Kirchen und Kapellen dokumentieren und sich sp\u00e4ter noch daran erfreuen. Die medita\u00adtiven Texte von Pfarrer Wegner geben \u201espirituelle Impulse\u201c zum Innehalten und regen zum Nachdenken an.<\/p>\n<p><strong>Gemeinsam entdecken<br \/>\n<\/strong>Die Hochschwarzwald Tourismus GmbH und das \u00f6kumenische Redaktionsteam mit Pfarrer Johannes Buchm\u00fcller, Pfarrer J\u00f6rg Wegner, Pfarrer Michael Knaus und Pastoralreferent Thilo Kn\u00f6ller f\u00fchrt Wanderer und Kulturinteressierte mit dem ersten Kapellenwegf\u00fchrer zu diesen zum Teil versteckten Perlen des Hochschwarzwaldes. Der Kapellenwegf\u00fchrer ist bei den Seelsorgeeinheiten im Hochschwarzwald und bei den 13 Tourist-Informationen der Hochschwarzwald Tourismus GmbH f\u00fcr 4.- Euro erh\u00e4ltlich.<br \/>\n<a href=\"https:\/\/www.dreisamtaeler.de\">www.dreisamtaeler.de<\/a><\/p>\n","protected":false},"excerpt":{"rendered":"<p>Der Hochschwarzwald steht wie keine andere Region f\u00fcr die Kombination von Natur,\u00a0Genuss und Tradition. Ein wichtiger Schwerpunkt in der Tourismusarbeit liegt in der F\u00f6rderung und Erhaltung der Schwarzw\u00e4lder Kultur und Tradition. Der neue Hochschwarzwald Kapellenwegf\u00fchrer \u201ehochspirituell\u201c mit 27 Wandertouren wandelt &hellip; <a href=\"https:\/\/www.freiburg-schwarzwald.de\/blog\/kapellenwegfuehrer-als-buch\/\">Weiterlesen <span class=\"meta-nav\">&rarr;<\/span><\/a><\/p>\n","protected":false},"author":4,"featured_media":0,"comment_status":"open","ping_status":"closed","sticky":false,"template":"","format":"standard","meta":{"footnotes":""},"categories":[100,284,7],"tags":[331,380],"class_list":["post-16055","post","type-post","status-publish","format-standard","hentry","category-buch","category-kapellen","category-tourismus","tag-tourist","tag-wanderweg"],"_links":{"self":[{"href":"https:\/\/www.freiburg-schwarzwald.de\/blog\/wp-json\/wp\/v2\/posts\/16055","targetHints":{"allow":["GET"]}}],"collection":[{"href":"https:\/\/www.freiburg-schwarzwald.de\/blog\/wp-json\/wp\/v2\/posts"}],"about":[{"href":"https:\/\/www.freiburg-schwarzwald.de\/blog\/wp-json\/wp\/v2\/types\/post"}],"author":[{"embeddable":true,"href":"https:\/\/www.freiburg-schwarzwald.de\/blog\/wp-json\/wp\/v2\/users\/4"}],"replies":[{"embeddable":true,"href":"https:\/\/www.freiburg-schwarzwald.de\/blog\/wp-json\/wp\/v2\/comments?post=16055"}],"version-history":[{"count":0,"href":"https:\/\/www.freiburg-schwarzwald.de\/blog\/wp-json\/wp\/v2\/posts\/16055\/revisions"}],"wp:attachment":[{"href":"https:\/\/www.freiburg-schwarzwald.de\/blog\/wp-json\/wp\/v2\/media?parent=16055"}],"wp:term":[{"taxonomy":"category","embeddable":true,"href":"https:\/\/www.freiburg-schwarzwald.de\/blog\/wp-json\/wp\/v2\/categories?post=16055"},{"taxonomy":"post_tag","embeddable":true,"href":"https:\/\/www.freiburg-schwarzwald.de\/blog\/wp-json\/wp\/v2\/tags?post=16055"}],"curies":[{"name":"wp","href":"https:\/\/api.w.org\/{rel}","templated":true}]}}