{"id":15969,"date":"2012-11-21T11:43:08","date_gmt":"2012-11-21T10:43:08","guid":{"rendered":"https:\/\/www.freiburg-schwarzwald.de\/blog\/?p=15969"},"modified":"2012-11-21T11:44:04","modified_gmt":"2012-11-21T10:44:04","slug":"stopp-gewalt-gegen-frauen-16","status":"publish","type":"post","link":"https:\/\/www.freiburg-schwarzwald.de\/blog\/stopp-gewalt-gegen-frauen-16\/","title":{"rendered":"Stopp Gewalt gegen Frauen: 16"},"content":{"rendered":"<div id=\"container\">\n<div id=\"content\">\n<div>\n<div id=\"fontScale\"><!-- RSPEAK_STOP --><!-- RSPEAK_START -->16 Aktionstage mit Programm:\u00a0Egal ob Freiburg oder Freetown \u2013 die Verletzung von <a title=\"Frauen\" href=\"https:\/\/www.freiburg-schwarzwald.de\/blog\/selbsthilfe\/frauen\/\">Frauenrechten<\/a> kennt keine Grenzen. Zwangsheirat und -prostitution sowie Verschleppung und <a title=\"Sexuellermissbrauch\" href=\"https:\/\/www.freiburg-schwarzwald.de\/blog\/selbsthilfe\/krise\/sexuellermissbrauch\/\">Vergewaltigung<\/a> von Frauen sind in vielen Regionen allgegenw\u00e4rtige Probleme. In Freiburg hat sich deshalb unter der Federf\u00fchrung des Vereins Amica ein Aktionsb\u00fcndnis aus Frauen- und Menschenrechtsgruppen gebildet, das an der weltweiten Kampagne &#8222;16 Tage \u2013 Stopp <a title=\"Gewalt\" href=\"https:\/\/www.freiburg-schwarzwald.de\/blog\/selbsthilfe\/krise\/gewalt\/\">Gewalt<\/a> gegen Frauen&#8220; teilnimmt. <!--more-->Die gemeinsame Veranstaltungsreihe beginnt in Freiburg am 24. November, einen Tag vor dem Internationalen Tag zur Beseitigung von Gewalt gegen Frauen, mit einer Mahnwache von 12 bis 13 Uhr an der Ecke Bertold-\/Niemensstra\u00dfe. Trotz der Initiative der UNO, die diesen Tag vor 13 Jahren ausgerufen hat, sei die Situation von Frauen in Krisengebieten weiterhin kritisch, so Heide G\u00f6ttner vom Verein Amica. Eine Ausstellung \u00fcber die Gewalt gegen Frauen im Balkan, Kaukasus und Nahen Osten wird am 25. November um 19 Uhr zum Auftakt der Aktionstage in der Galerie des Kommunalen Kinos, Urachstra\u00dfe 40, er\u00f6ffnet, sie geht bis 10. Dezember. Weiter gibt es unter anderem einen frauengeschichtlichen Stadtrundgang (28.11.), einen Dokumentarfilm \u00fcber Frauen in Kenia (29.11.) und eine interdisziplin\u00e4re Fachtagung &#8222;Zehn Jahre Gewaltschutzgesetz&#8220; (5.12.). Enden wird die Veranstaltungsreihe am UNO-Tag der Menschenrechte, 10. Dezember, mit einer Diskussion und Bilanz im BZ-Haus an der Bertoldstra\u00dfe unter dem Motto &#8222;Frauenrechte sind Menschenrechte&#8220;.\u00a0<br \/>\n21.11.2012,\u00a0Gesamtes Programm auf <a title=\"\" href=\"https:\/\/www.amica-ev.org\/\" target=\"_blank\">https:\/\/www.amica-ev.org<\/a><\/div>\n<\/div>\n<\/div>\n<\/div>\n","protected":false},"excerpt":{"rendered":"<p>16 Aktionstage mit Programm:\u00a0Egal ob Freiburg oder Freetown \u2013 die Verletzung von Frauenrechten kennt keine Grenzen. Zwangsheirat und -prostitution sowie Verschleppung und Vergewaltigung von Frauen sind in vielen Regionen allgegenw\u00e4rtige Probleme. In Freiburg hat sich deshalb unter der Federf\u00fchrung des &hellip; <a href=\"https:\/\/www.freiburg-schwarzwald.de\/blog\/stopp-gewalt-gegen-frauen-16\/\">Weiterlesen <span class=\"meta-nav\">&rarr;<\/span><\/a><\/p>\n","protected":false},"author":4,"featured_media":0,"comment_status":"open","ping_status":"closed","sticky":false,"template":"","format":"standard","meta":{"footnotes":""},"categories":[52,59,65],"tags":[732],"class_list":["post-15969","post","type-post","status-publish","format-standard","hentry","category-einewelt","category-frauen","category-sexuellermissbrauch","tag-gewalt"],"_links":{"self":[{"href":"https:\/\/www.freiburg-schwarzwald.de\/blog\/wp-json\/wp\/v2\/posts\/15969","targetHints":{"allow":["GET"]}}],"collection":[{"href":"https:\/\/www.freiburg-schwarzwald.de\/blog\/wp-json\/wp\/v2\/posts"}],"about":[{"href":"https:\/\/www.freiburg-schwarzwald.de\/blog\/wp-json\/wp\/v2\/types\/post"}],"author":[{"embeddable":true,"href":"https:\/\/www.freiburg-schwarzwald.de\/blog\/wp-json\/wp\/v2\/users\/4"}],"replies":[{"embeddable":true,"href":"https:\/\/www.freiburg-schwarzwald.de\/blog\/wp-json\/wp\/v2\/comments?post=15969"}],"version-history":[{"count":0,"href":"https:\/\/www.freiburg-schwarzwald.de\/blog\/wp-json\/wp\/v2\/posts\/15969\/revisions"}],"wp:attachment":[{"href":"https:\/\/www.freiburg-schwarzwald.de\/blog\/wp-json\/wp\/v2\/media?parent=15969"}],"wp:term":[{"taxonomy":"category","embeddable":true,"href":"https:\/\/www.freiburg-schwarzwald.de\/blog\/wp-json\/wp\/v2\/categories?post=15969"},{"taxonomy":"post_tag","embeddable":true,"href":"https:\/\/www.freiburg-schwarzwald.de\/blog\/wp-json\/wp\/v2\/tags?post=15969"}],"curies":[{"name":"wp","href":"https:\/\/api.w.org\/{rel}","templated":true}]}}