{"id":15929,"date":"2012-11-20T16:13:14","date_gmt":"2012-11-20T15:13:14","guid":{"rendered":"https:\/\/www.freiburg-schwarzwald.de\/blog\/?p=15929"},"modified":"2012-11-20T16:26:39","modified_gmt":"2012-11-20T15:26:39","slug":"bgh-gegen-zwangsbehandlung","status":"publish","type":"post","link":"https:\/\/www.freiburg-schwarzwald.de\/blog\/bgh-gegen-zwangsbehandlung\/","title":{"rendered":"BGH gegen Zwangsbehandlung"},"content":{"rendered":"<p>Ein Urteil des <a title=\"Justiz\" href=\"https:\/\/www.freiburg-schwarzwald.de\/blog\/selbsthilfe\/soziales\/justiz\/\">Bundesgerichtshofs<\/a> (BGH) hat im Juli klargestellt: Eine Behandlung von betreuten Menschen wider deren Willen ist gesetzeswidrig. &#8230; rund 50 000 <a title=\"Psyche\" href=\"https:\/\/www.freiburg-schwarzwald.de\/blog\/selbsthilfe\/psyche\/\">psychisch kranke Menschen <\/a>in Deutschland seien von der neuen Rechtslage betroffen, sch\u00e4tzt die Deutsche Gesellschaft f\u00fcr Psychiatrie, Psychotherapie und Nervenheilkunde (DGPPN). Aufgrund von Krankheiten wie <a title=\"Demenz\" href=\"https:\/\/www.freiburg-schwarzwald.de\/blog\/selbsthilfe\/chronisch\/demenz\/\">Demenz<\/a>, Schizophrenie oder schweren Psychosen k\u00f6nnten sie ihre Zustimmung zur Therapie nicht mehr selbst geben.<!--more--><\/p>\n<p>Alles vom 20.11.2012 bitte lesen auf<br \/>\n<a href=\"https:\/\/www.badische-zeitung.de\/gesundheit-ernaehrung\/therapie-wider-willen--65777538.html\">https:\/\/www.badische-zeitung.de\/gesundheit-ernaehrung\/therapie-wider-willen&#8211;65777538.html<\/a>\u00a0<\/p>\n<p><strong>Dieses Urteil ist ein Skandal<\/strong><br \/>\nDieses Urteil ist f\u00fcr jeden, der sich nur ein wenig mit psychiatrischen Krankheiten auskennt ein Skandal. Hat irgendeiner dieser Richter Erfahrung mit derartigen Erkrankungen? Wie kann ein an einem psychotischen Schub akut Erkrankter dar\u00fcber entscheiden ob er Medikamente ben\u00f6tigt? Nicht jede psychiatrische Erkrankung muss chronisch verlaufen und eine fr\u00fche Therapie kann mit dar\u00fcber entscheiden, ob der Patient die Psychose \u00fcberwinden kann oder zum Dauerpsychiatriepatienten wird. Das ist entsetzlich.\u00a0Ich habe eine Mitarbeiterin durch Selbstmord verloren, weil der behandelnde Arzt sich von ihr \u00fcberzeugen lie\u00df, auf einen freiwilligen Klinikplatz zu warten, statt die unter massiven Wahnvorstellungen leidende Frau sofort zwangseinzuweisen. Er beauftragte den Ehemann, auf sie zu achten, doch auch dieser musste einmal schlafen. Sie war in den guten Phasen eine lebensfrohe, intelligente, fr\u00f6hliche junge Frau, die ihre paranoide Schizophrenie mit medikament\u00f6ser Behandlung in den Griff h\u00e4tte bekommen k\u00f6nnen. Statt dessen ist sie jetzt tot. Wenn dieses Gesetz nicht novelliert wird, dann drohen viele Selbstmorde und Psychiater, die den Job an den Nagel h\u00e4ngen.<br \/>\n20.11.2012, Maria Traxler<\/p>\n<p><strong>Die k\u00f6nnen es wohl nicht. Andere k\u00f6nnen es<br \/>\n<\/strong>siehe: <a href=\"https:\/\/psychiatrienogo.wordpress.com\/2012\/11\/15\/1-5\" target=\"_blank\">https:\/\/psychiatrienogo.wordpress.com\/2012\/11\/15\/1-5<\/a><\/p>\n<p>&nbsp;<\/p>\n","protected":false},"excerpt":{"rendered":"<p>Ein Urteil des Bundesgerichtshofs (BGH) hat im Juli klargestellt: Eine Behandlung von betreuten Menschen wider deren Willen ist gesetzeswidrig. &#8230; rund 50 000 psychisch kranke Menschen in Deutschland seien von der neuen Rechtslage betroffen, sch\u00e4tzt die Deutsche Gesellschaft f\u00fcr Psychiatrie, &hellip; <a href=\"https:\/\/www.freiburg-schwarzwald.de\/blog\/bgh-gegen-zwangsbehandlung\/\">Weiterlesen <span class=\"meta-nav\">&rarr;<\/span><\/a><\/p>\n","protected":false},"author":4,"featured_media":0,"comment_status":"open","ping_status":"closed","sticky":false,"template":"","format":"standard","meta":{"footnotes":""},"categories":[371,64],"tags":[727,47,321],"class_list":["post-15929","post","type-post","status-publish","format-standard","hentry","category-justiz","category-psyche","tag-demenz","tag-klinik","tag-sozialpsychatrie"],"_links":{"self":[{"href":"https:\/\/www.freiburg-schwarzwald.de\/blog\/wp-json\/wp\/v2\/posts\/15929","targetHints":{"allow":["GET"]}}],"collection":[{"href":"https:\/\/www.freiburg-schwarzwald.de\/blog\/wp-json\/wp\/v2\/posts"}],"about":[{"href":"https:\/\/www.freiburg-schwarzwald.de\/blog\/wp-json\/wp\/v2\/types\/post"}],"author":[{"embeddable":true,"href":"https:\/\/www.freiburg-schwarzwald.de\/blog\/wp-json\/wp\/v2\/users\/4"}],"replies":[{"embeddable":true,"href":"https:\/\/www.freiburg-schwarzwald.de\/blog\/wp-json\/wp\/v2\/comments?post=15929"}],"version-history":[{"count":0,"href":"https:\/\/www.freiburg-schwarzwald.de\/blog\/wp-json\/wp\/v2\/posts\/15929\/revisions"}],"wp:attachment":[{"href":"https:\/\/www.freiburg-schwarzwald.de\/blog\/wp-json\/wp\/v2\/media?parent=15929"}],"wp:term":[{"taxonomy":"category","embeddable":true,"href":"https:\/\/www.freiburg-schwarzwald.de\/blog\/wp-json\/wp\/v2\/categories?post=15929"},{"taxonomy":"post_tag","embeddable":true,"href":"https:\/\/www.freiburg-schwarzwald.de\/blog\/wp-json\/wp\/v2\/tags?post=15929"}],"curies":[{"name":"wp","href":"https:\/\/api.w.org\/{rel}","templated":true}]}}