{"id":15923,"date":"2012-11-20T13:26:34","date_gmt":"2012-11-20T12:26:34","guid":{"rendered":"https:\/\/www.freiburg-schwarzwald.de\/blog\/?p=15923"},"modified":"2012-11-20T14:16:16","modified_gmt":"2012-11-20T13:16:16","slug":"dfg-franco-allemand-40-jahre","status":"publish","type":"post","link":"https:\/\/www.freiburg-schwarzwald.de\/blog\/dfg-franco-allemand-40-jahre\/","title":{"rendered":"DFG Franco-Allemand 40 Jahre"},"content":{"rendered":"<p><!-- RSPEAK_STOP -->In ihrem Artikel &#8222;Zwei Sprachen, eine Schule: 40 Jahre Deutsch-Franz\u00f6sisches <a title=\"Schulen\" href=\"https:\/\/www.freiburg-schwarzwald.de\/blog\/bildung\/schulen\/\">Gymnasium<\/a>&#8220; gibt die BZ einen Eindruck \u00fcber die nun 40-j\u00e4hrige Geschichte des Deutsch-Franz\u00f6sischen Gymnasiums Freiburg. Der dargestellte Standpunkt der Rektoren und Rektorinnen zum Thema 40 Jahre DFG ist zweifelsohne interessant, doch fehlt im Artikel vollkommen die Sichtweise der Sch\u00fcler. Was unsere Schule ausmacht, ist auch das Erlernen des Franz\u00f6sischen als Partnersprache. Aber viel zentraler ist doch, dass wir Sch\u00fcler t\u00e4glich in Ber\u00fchrung mit einer anderen Kultur und Denkweise sind. <!--more-->Wir leben das &#8222;Franco-Allemand&#8220; jeden Tag. &#8222;Juhu, on a frei!&#8220; und andere Ausdrucksformen stellen nicht nur Integration auf sprachlicher Ebene, sondern noch viel mehr dar: Wir wechseln die Mentalit\u00e4t von einer Unterrichtsstunde auf die andere und erfahren das immer wieder als gro\u00dfe Bereicherung. Wir leben die Bikulturalit\u00e4t! Dieses doch recht zentrale Element unseres Gymnasiums ist in Zeiten von Eurokrise und Co. wichtiger denn je. Hoffen wir, dass es die n\u00e4chsten 40 Jahre so weitergeht.<br \/>\nGunter Grimm, Schallstadt,Sch\u00fclersprecher am DFG<\/p>\n<p><strong>Zwei Sprachen, eine Schule: 40 Jahre Deutsch-Franz\u00f6sisches Gymnasium<br \/>\n<\/strong>Heute kommen t\u00e4glich rund 850 Sch\u00fclerinnen und Sch\u00fcler ins Deutsch-Franz\u00f6sische Gymnasium (DFG) in der Runzstra\u00dfe und die \u00c4lteren lernen in allen F\u00e4chern zweisprachig. Gleich blieb, dass die Schulleitung immer doppelt besetzt ist, deutsch und franz\u00f6sisch. Wie erlebten und erleben Rektoren und Rektorinnen ihre Schule? &#8230;.<br \/>\nAlles vom 12.11.2012 bitte lesen auf<br \/>\n<a href=\"https:\/\/www.badische-zeitung.de\/freiburg\/zwei-sprachen-eine-schule-40-jahre-deutsch-franzoesisches-gymnasium--65534452.html\">https:\/\/www.badische-zeitung.de\/freiburg\/zwei-sprachen-eine-schule-40-jahre-deutsch-franzoesisches-gymnasium&#8211;65534452.html<\/a><\/p>\n","protected":false},"excerpt":{"rendered":"<p>In ihrem Artikel &#8222;Zwei Sprachen, eine Schule: 40 Jahre Deutsch-Franz\u00f6sisches Gymnasium&#8220; gibt die BZ einen Eindruck \u00fcber die nun 40-j\u00e4hrige Geschichte des Deutsch-Franz\u00f6sischen Gymnasiums Freiburg. Der dargestellte Standpunkt der Rektoren und Rektorinnen zum Thema 40 Jahre DFG ist zweifelsohne interessant, &hellip; <a href=\"https:\/\/www.freiburg-schwarzwald.de\/blog\/dfg-franco-allemand-40-jahre\/\">Weiterlesen <span class=\"meta-nav\">&rarr;<\/span><\/a><\/p>\n","protected":false},"author":4,"featured_media":0,"comment_status":"open","ping_status":"closed","sticky":false,"template":"","format":"standard","meta":{"footnotes":""},"categories":[195,356,95,165],"tags":[329],"class_list":["post-15923","post","type-post","status-publish","format-standard","hentry","category-eu","category-partnerschaft","category-schulen","category-twintowns","tag-jubilaeum"],"_links":{"self":[{"href":"https:\/\/www.freiburg-schwarzwald.de\/blog\/wp-json\/wp\/v2\/posts\/15923","targetHints":{"allow":["GET"]}}],"collection":[{"href":"https:\/\/www.freiburg-schwarzwald.de\/blog\/wp-json\/wp\/v2\/posts"}],"about":[{"href":"https:\/\/www.freiburg-schwarzwald.de\/blog\/wp-json\/wp\/v2\/types\/post"}],"author":[{"embeddable":true,"href":"https:\/\/www.freiburg-schwarzwald.de\/blog\/wp-json\/wp\/v2\/users\/4"}],"replies":[{"embeddable":true,"href":"https:\/\/www.freiburg-schwarzwald.de\/blog\/wp-json\/wp\/v2\/comments?post=15923"}],"version-history":[{"count":0,"href":"https:\/\/www.freiburg-schwarzwald.de\/blog\/wp-json\/wp\/v2\/posts\/15923\/revisions"}],"wp:attachment":[{"href":"https:\/\/www.freiburg-schwarzwald.de\/blog\/wp-json\/wp\/v2\/media?parent=15923"}],"wp:term":[{"taxonomy":"category","embeddable":true,"href":"https:\/\/www.freiburg-schwarzwald.de\/blog\/wp-json\/wp\/v2\/categories?post=15923"},{"taxonomy":"post_tag","embeddable":true,"href":"https:\/\/www.freiburg-schwarzwald.de\/blog\/wp-json\/wp\/v2\/tags?post=15923"}],"curies":[{"name":"wp","href":"https:\/\/api.w.org\/{rel}","templated":true}]}}