{"id":15680,"date":"2012-11-17T08:57:23","date_gmt":"2012-11-17T07:57:23","guid":{"rendered":"https:\/\/www.freiburg-schwarzwald.de\/blog\/?p=15680"},"modified":"2012-11-17T09:10:37","modified_gmt":"2012-11-17T08:10:37","slug":"ezb-geld-auch-fuer-frankreich","status":"publish","type":"post","link":"https:\/\/www.freiburg-schwarzwald.de\/blog\/ezb-geld-auch-fuer-frankreich\/","title":{"rendered":"EZB-Geld auch fuer Frankreich?"},"content":{"rendered":"<p>Frankreich hat \u00fcber Jahre hinweg an Wettbewerbsf\u00e4higkeit verloren, unser <a title=\"EU\" href=\"https:\/\/www.freiburg-schwarzwald.de\/blog\/global\/eu\/\">EU-Nachbar<\/a>\u00a0steckt in einer Strukturkrise. Die\u00a0Lohnst\u00fcckkosten stiegen in F von 2000 bis 2011 um 25,4%, in D um 5,9%. Die Arbeitslosigkeit ist\u00a0in F mit \u00fcber 10%\u00a0doppelt so hoch wie in D. Seit 2005 hat F einen Import\u00fcberschu\u00df: 39 Mrd Euro in 2011, 25,5 Mrd Euro im 1. Halbjahr 2012. Die Nettoauslandsverschuldung lag in F in 2011 bei -317 Mrd Euro, demgegen\u00fcber steht in D\u00a0ein Nettoauslansdsverm\u00f6gen von +845 Mrd Euro. Die Staatsquote ist in F mit weit \u00fcber 50% dreimal so hoch wie in D.<!--more--><\/p>\n<p><strong>Frankreich macht seine Hausaufgaben nicht<\/strong><br \/>\nGibt es eine Retterin wie seinerzeit die Jungfrau von Orl\u00e9ans, die die Franzosen 1429 aus der Bredouille f\u00fchrte? Kandidatin ist die <a title=\"EU-Banken\" href=\"https:\/\/www.freiburg-schwarzwald.de\/blog\/global\/eu\/eu-banken\/\">Europ\u00e4ische Zentralbank (EZB)<\/a>. Allerdings ist die, anders als die heilige Johanna, l\u00e4ngst nicht mehr unschuldig: Im Mai 2010 hatte sie begonnen, Staatsanleihen wankender Eurol\u00e4nder mit mehr als 200 Milliarden Euro aus der Notenpresse zu kaufen. Griechenland, Portugal, Irland, Spanien und Italien hat sie damit vor\u00fcbergehend gl\u00fccklich gemacht. Im September 2012 erkl\u00e4rte sie schlie\u00dflich, dass sie bereit ist, von jedem Eurostaat, der sich einem &#8222;Reformprogramm&#8220; unterwirft, unbegrenzt Staatsanleihen zu kaufen.<br \/>\nAlles von L\u00fcder Gerken vom 17.11.2012 bitte lesen auf<br \/>\n<a href=\"https:\/\/www.badische-zeitung.de\/frankreich-macht-seine-hausaufgaben-nicht\">https:\/\/www.badische-zeitung.de\/frankreich-macht-seine-hausaufgaben-nicht<\/a><\/p>\n","protected":false},"excerpt":{"rendered":"<p>Frankreich hat \u00fcber Jahre hinweg an Wettbewerbsf\u00e4higkeit verloren, unser EU-Nachbar\u00a0steckt in einer Strukturkrise. Die\u00a0Lohnst\u00fcckkosten stiegen in F von 2000 bis 2011 um 25,4%, in D um 5,9%. Die Arbeitslosigkeit ist\u00a0in F mit \u00fcber 10%\u00a0doppelt so hoch wie in D. Seit &hellip; <a href=\"https:\/\/www.freiburg-schwarzwald.de\/blog\/ezb-geld-auch-fuer-frankreich\/\">Weiterlesen <span class=\"meta-nav\">&rarr;<\/span><\/a><\/p>\n","protected":false},"author":4,"featured_media":0,"comment_status":"open","ping_status":"closed","sticky":false,"template":"","format":"standard","meta":{"footnotes":""},"categories":[195],"tags":[185,372],"class_list":["post-15680","post","type-post","status-publish","format-standard","hentry","category-eu","tag-bad-bank","tag-euro"],"_links":{"self":[{"href":"https:\/\/www.freiburg-schwarzwald.de\/blog\/wp-json\/wp\/v2\/posts\/15680","targetHints":{"allow":["GET"]}}],"collection":[{"href":"https:\/\/www.freiburg-schwarzwald.de\/blog\/wp-json\/wp\/v2\/posts"}],"about":[{"href":"https:\/\/www.freiburg-schwarzwald.de\/blog\/wp-json\/wp\/v2\/types\/post"}],"author":[{"embeddable":true,"href":"https:\/\/www.freiburg-schwarzwald.de\/blog\/wp-json\/wp\/v2\/users\/4"}],"replies":[{"embeddable":true,"href":"https:\/\/www.freiburg-schwarzwald.de\/blog\/wp-json\/wp\/v2\/comments?post=15680"}],"version-history":[{"count":0,"href":"https:\/\/www.freiburg-schwarzwald.de\/blog\/wp-json\/wp\/v2\/posts\/15680\/revisions"}],"wp:attachment":[{"href":"https:\/\/www.freiburg-schwarzwald.de\/blog\/wp-json\/wp\/v2\/media?parent=15680"}],"wp:term":[{"taxonomy":"category","embeddable":true,"href":"https:\/\/www.freiburg-schwarzwald.de\/blog\/wp-json\/wp\/v2\/categories?post=15680"},{"taxonomy":"post_tag","embeddable":true,"href":"https:\/\/www.freiburg-schwarzwald.de\/blog\/wp-json\/wp\/v2\/tags?post=15680"}],"curies":[{"name":"wp","href":"https:\/\/api.w.org\/{rel}","templated":true}]}}