{"id":153457,"date":"2026-09-05T21:13:09","date_gmt":"2026-09-05T19:13:09","guid":{"rendered":"https:\/\/www.freiburg-schwarzwald.de\/blog\/?p=153457"},"modified":"2026-09-05T21:27:12","modified_gmt":"2026-09-05T19:27:12","slug":"bravo-gabriele-krone-schmalz","status":"publish","type":"post","link":"https:\/\/www.freiburg-schwarzwald.de\/blog\/bravo-gabriele-krone-schmalz\/","title":{"rendered":"Bravo: Gabriele Krone-Schmalz"},"content":{"rendered":"<p>Auf dem <a href=\"https:\/\/www.freiburg-schwarzwald.de\/blog\/engagement\/zukunft\/demokratie\/links\/wagenknecht\/\">BSW<\/a>-Festival der <a href=\"https:\/\/www.freiburg-schwarzwald.de\/blog\/engagement\/zukunft\/demokratie\/grundgesetz\/grundgesetz-meinungsfreiheit\/\">Meinungsfreiheit<\/a> in <a href=\"https:\/\/www.freiburg-schwarzwald.de\/blog\/global\/deutschland\/sachsen-anhalt\/\">Magdeburg<\/a> am 30.8.2026 (1) fasste Prof. Gabriele Krone-Schulz fasste in ihrem Vortrag &#8222;Russland verstehen verboten?&#8220; die Gef\u00e4hrlichkeit der <a href=\"https:\/\/www.freiburg-schwarzwald.de\/blog\/global\/deutschland\/deutschland-russland\/\">deutschen Russlandpolitik<\/a> so zusammen: <a href=\"https:\/\/x.com\/svs1946\/status\/2095753573904597135?s=20\">https:\/\/x.com\/svs1946\/status\/2095753573904597135?s=20<\/a><!--more--><br \/>\n.<br \/>\n<em>0) &#8222;&#8220;Russland-Versteher&#8220; und &#8222;Putin-Versteher&#8220;, da ist es nicht weit bis zum Landesverrat. &#8230; Ich bleibe dabei: Es ist Interesse von Deutschland und der EU, Russland zu verstehen&#8220;.<\/em><br \/>\n<em>1) &#8222;Russland zum absoluten Feind zu erkl\u00e4ren, wie das einige deutsche Politiker tun nach dem Motto, das war schon immer so und wird auch in Zukunft so sein, das ist verantwortungslos.&#8220;<\/em><br \/>\n<em>2) &#8222;Wie naiv oder arrogant mu\u00df man sei, um zu glauben, in Europa eine Sicherheitsarchitektur ohne Russland hinzukriegen &#8211; oder gar gegen&#8220;.<\/em><br \/>\n<em>3) &#8222;Wer sich angesichts von Umfrageergebnissen in dem Sinne \u00e4u\u00dfert, die Bev\u00f6lkerung m\u00fcsse endlich davon \u00fcberzeugt werden, da\u00df Russland unser Feind ist, der hat unser System nicht kapiert.&#8220;<\/em><br \/>\n<em>4) &#8222;Nicht die Bev\u00f6lkerung mu\u00df von irgend etwas \u00fcberzeugt werden die Regierenden m\u00fcssen davon \u00fcberzeugt werden, d\u00df sie im Auftrag der Bev\u00f6lkerung handeln.&#8220;<\/em><br \/>\n.<br \/>\nDen gesamten Vortrag lesen Sie bitte \u00fcber (2). Den Instrumenten der Verhandlung und der Diplomatie gegen\u00fcber Russland hat die <a href=\"https:\/\/www.freiburg-schwarzwald.de\/blog\/engagement\/zukunft\/demokratie\/regierung2025\/\">Regierung Merz\/Klingbeil<\/a> eine Absage erteilt, sie setzt auf das Instrument <a href=\"https:\/\/www.freiburg-schwarzwald.de\/blog\/engagement\/zukunft\/krieg\/drohnenkrieg\/\">Krieg<\/a>. Dies ist gef\u00e4hrlich. Konflikte werden immer auf diplomatischen Weg beendet. <a href=\"https:\/\/t.me\/EvaHermanOffiziell\/234223\">https:\/\/t.me\/EvaHermanOffiziell\/234223<\/a><\/p>\n<p>Gabriele Krone-Schmalz war von August 1987 bis August 1991 Korrespondentin im ARD Studio Moskau, also in der Zeit von <a href=\"https:\/\/www.freiburg-schwarzwald.de\/blog\/global\/deutschland\/mauerfall1989\/\">Mauerfall<\/a> und Wiedervereinigung. Sie gilt ausgewiesene Expertin der bilateralen deutsch-russischen Beziehungen. Wenn Frau Krone-Schmalz &#8211; an die <a href=\"https:\/\/www.freiburg-schwarzwald.de\/blog\/engagement\/zukunft\/demokratie\/entspannungspolitik\/\">Entspannungspolitik<\/a> von Willy Brands ankn\u00fcpfend &#8211; Berlin auffordert, endlich auf <a href=\"https:\/\/www.freiburg-schwarzwald.de\/blog\/engagement\/zukunft\/demokratie\/diplomatie\/\">Diplomatie<\/a> im Verh\u00e4ltnis zu Russland zu setzen und die <a href=\"https:\/\/www.freiburg-schwarzwald.de\/blog\/kriegsrhetorik-beenden-brief\/\">Kriegsrhetorik<\/a> durch <a href=\"https:\/\/www.freiburg-schwarzwald.de\/blog\/engagement\/zukunft\/frieden\/friedensfaehig\/\">Friedensrhetorik<\/a> zu ersetzen, dann im Hinblick darauf, da\u00df eine <a href=\"https:\/\/www.freiburg-schwarzwald.de\/blog\/zeitfenster-europa-sicherheit\/\">Europ\u00e4ische Sicherheitsarchitektur<\/a> nur mit Einbeziehung von Russland geschaffen werden kann.<\/p>\n<p><a href=\"https:\/\/www.freiburg-schwarzwald.de\/blog\/krone-schmalz-ru-und-ua\/\">Frau Krone-Schmalz<\/a> wird aufgrund ihrer Kritik an der Berliner Russlandpolitik als Linke, AfD-nah, BSW-nah, rechtsradikal, linksradikal, Russenfreund bis hin zu Nazi usw. beschimpft. darin zeigt sich, dass die politische <a href=\"https:\/\/www.freiburg-schwarzwald.de\/blog\/kultur\/medien\/diskussionskultur\/diskussionskultur2023\/\">Diskussionskultur<\/a> in Deutschland kaum mehr existiert. Gleichwohl: Kritik, Skepsis und Widerspruch sind durch das Grundrecht auf Meinungsfreiheit gesch\u00fctzt.<br \/>\n.<br \/>\nGabriele Krone-Schmalz mahnt die R\u00fcckkehr zur Diplomatie als <a href=\"https:\/\/www.freiburg-schwarzwald.de\/blog\/kultur\/medien\/journalismus\/\">Journalistin<\/a> und Politologin an. Wie auch Dietmar Krieger aus Offenburg, aber als Sohn eines lebenslang traumatisierten Stalingrad-Veteranen, der ihm den Auftrag gegeben hat: &#8222;Tu einfach alles in deinem Leben, dass so etwas nie wieder passiert.&#8220;<br \/>\nDietmar Krieger erkl\u00e4rt im Interview (3), warum ihn &#8222;die aktuelle Politik und die gesellschaftliche Gleichg\u00fcltigkeit zutiefst umtreiben und w\u00fctend machen. Ich h\u00e4tte mir nie vorstellen k\u00f6nnen, dass wir Deutsche angesichts unserer Geschichte Diplomatie und Verhandlungen wieder so brutal abwehren.&#8220;<\/p>\n<p>Die Geschichte verpflichtet Deutschland, mit Russland als dem gr\u00f6\u00dften Land dieser Erde und <a href=\"https:\/\/www.freiburg-schwarzwald.de\/blog\/engagement\/zukunft\/krieg\/atomkrieg\/\">Atommacht<\/a> auf diplomatischen Wegen klar zu kommen. &#8222;Egal wie festgeschrieben die Lage ist, wir m\u00fcssen deeskalieren&#8220; (3) &#8211; und das funktioniert eben nur auf diplomatischem Wege. Das Diktum von <a href=\"https:\/\/www.freiburg-schwarzwald.de\/blog\/zweimal-russland-1941-und-2026\/\">Willy Brandt<\/a> gilt im Jahr 2026 mehr denn je: &#8222;Wir wollen ein Volk der guten Nachbarn sein.\u201c<br \/>\n5.9.2026<br \/>\n.Dieser Text ist ohne KI geschrieben worden.<br \/>\n.<br \/>\nEnde von Beitrag &#8222;Bravo: Gabriele Krone-Schmalz&#8220;<br \/>\n==============================================================<br \/>\nBeginn von Anlagen (1) &#8211; (3)<br \/>\n.<br \/>\n.<br \/>\n<strong>(1) BSW-Festival der Meinungsfreiheit in Magdeburg: Alle Podiumsgespr\u00e4che und Vortr\u00e4ge im Re-Live!<\/strong><br \/>\nDie Meinungsfreiheit in Deutschland ist in einem katastrophalen Zustand. Immer mehr Menschen trauen sich nicht mehr, ihre Meinung frei heraus zu sagen. Konformit\u00e4tsdruck und die Ausgrenzung Andersdenkender machen offene Debatten unm\u00f6glich. Angesichts wachsender staatlicher Repressionen werden bei vielen im Osten Erinnerungen an fr\u00fchere Zeiten wach.<br \/>\nWir wollen dieser autorit\u00e4ren Entwicklung etwas entgegensetzen! Daher hat das BSW am 30. August 2026 in Magdeburg das \u201eFestival der Meinungsfreiheit \u2013 Gemeinsam gegen Cancel Culture\u201c ausgerichtet. Die 2.000 Besucher erlebten ein abwechslungsreiches B\u00fchnenprogramm aus Gespr\u00e4chen, Vortr\u00e4gen, Kabarett und Musik.<\/p>\n<p>Video Inhaltsverzeichnis:<br \/>\n0:00:00 Begr\u00fc\u00dfung durch die BSW-Spitzenkandidaten in Sachsen-Anhalt Thomas Schulze und Claudia Wittig.<br \/>\n0:10:40 Podiumsgespr\u00e4ch: Corona-Politik &#8211; Stunde null eines neuen Autoritarismus? Mit Paul Schreyer, Bastian Barucker, Tom Lausen und Mona Aranea (Moderation).<br \/>\n0:50:02 Satirische Lesung: Testzentrum &#8211; Long Covid &#8211; Short Stories. Mit Christine Prayon und Felicia Binger.<br \/>\n1:20:01 Vortrag von Prof. Stefan Homburg: Zensur &amp; politische Verfolgung &#8211; pers\u00f6nlicher Erfahrungsbericht.<br \/>\n2:36:40 Gespr\u00e4ch: Justizterror gegen kritische Kunst. Mit Simon Rosenthal, Steffen Peter und Dr. Norbert H\u00e4ring (Moderation).<br \/>\n3:03:35 Podiumsgespr\u00e4ch: Der Wahrheitskomplex &#8211; staatlich gelenkte Meinungsmache. Mit Dr. Norbert H\u00e4ring, Aya Vel\u00e1zquez, Markus Haintz und Sevim Dagdelen (Moderation).<br \/>\n3:51:28 Vortrag von Prof. Gabriele Krone-Schmalz: Russland verstehen verboten?<br \/>\n4:33:40 Podiumsgespr\u00e4ch: Von Ukraine bis Gaza &#8211; Hochschulen als Konsensfabrik. Mit Prof. Ulrike Gu\u00e9rot, Patrick Baab und John Lucas Dittrich (Moderation).<br \/>\n5:07:17 Lesung &amp; Gespr\u00e4ch: Inside Tagesschau &#8211; \u00d6RR auf Abwegen. Mit Alexander Teske und Dr. Alexander King (Moderation).<br \/>\n5:38:08 Podiumsgespr\u00e4ch: Vielfalt verboten? Cancel Culture in den Medien. Mit Prof. Michael Meyen, Flavio von Witzleben, Florian Warweg und Michael L\u00fcders (Moderation).<br \/>\n6:09:46 Podiumsgespr\u00e4ch: Im Osten nichts Neues &#8211; Meinungsdiktatur 2.0? Mit Dr. Sahra Wagenknecht, Daniela Dahn, Dr. Claudia Wittig und Dietmar Ringel (Moderation).<br \/>\n7:13:00 Musikalischer Ausklang mit Jens Fischer Rodrian.<br \/>\nGemeinsam haben wir ein starkes Zeichen gesetzt: Wir lassen uns die Meinung nicht verbieten!<br \/>\n30.8,2026<br \/>\n<a href=\"https:\/\/www.youtube.com\/watch?v=vFJGUQYpCxs\">https:\/\/www.youtube.com\/watch?v=vFJGUQYpCxs<\/a><\/p>\n<p><strong>Rund 2.000 Besucher beim Festival der Meinungsfreiheit in Magdeburg am 30.8.2026<\/strong><br \/>\n<a href=\"https:\/\/bsw-vg-sachsen.de\/2-000-besucher-festival-meinungsfreiheit\/\">https:\/\/bsw-vg-sachsen.de\/2-000-besucher-festival-meinungsfreiheit\/<\/a><br \/>\n.<br \/>\n.<br \/>\n<a href=\"https:\/\/www.freiburg-schwarzwald.de\/blog\/wp-content\/uploads\/2025\/02\/kontrafunk-klein.jpg\"><img loading=\"lazy\" decoding=\"async\" class=\"alignnone size-full wp-image-130778\" src=\"https:\/\/www.freiburg-schwarzwald.de\/blog\/wp-content\/uploads\/2025\/02\/kontrafunk-klein.jpg\" alt=\"\" width=\"150\" height=\"105\" \/><\/a><br \/>\n<strong>(2) Prof. Gabriele Krone-Schmalz: Vortrag &#8222;Russland verstehen verboten?&#8220;<\/strong><br \/>\n\u201eWer vom Recht auf Meinungsfreiheit keinen Gebrauch macht, der ist mitverantwortlich f\u00fcr die Aush\u00f6hlung demokratischer Prozesse\u201c<br \/>\n<a href=\"https:\/\/www.youtube.com\/watch?v=vFJGUQYpCxs\">https:\/\/www.youtube.com\/watch?v=vFJGUQYpCxs<\/a><\/p>\n<p>Tondokument: \u201eFestival der Meinungsfreiheit\u201c \u2013 Gabriele Krone-Schmalz und Stefan Homburg<br \/>\nmit Stefan Homburg und Gabriele Krone-Schmalz<br \/>\nSie h\u00f6ren zwei Vortr\u00e4ge vom \u201eFestival der Meinungsfreiheit\u201c, veranstaltet am 30. August 2026 vom B\u00fcndnis Sahra Wagenknecht in der Festung Mark in Magdeburg. Zun\u00e4chst spricht die Journalistin Prof. Gabriele Krone-Schmalz \u00fcber die gegenw\u00e4rtige Russland-Feindlichkeit und die Unausweichlichkeit einer auf Frieden ausgerichteten Diplomatie.<br \/>\n<a href=\"https:\/\/www.youtube.com\/watch?v=vFJGUQYpCxs\">https:\/\/www.youtube.com\/watch?v=vFJGUQYpCxs<\/a><br \/>\nIm Anschluss berichtet der Finanzwissenschaftler Prof. Stefan Homburg von pers\u00f6nlichen Erfahrungen mit Zensur und politischer Verfolgung.<br \/>\n&#8230; Alles vom 5.9.2026 bitte lesen auf<br \/>\n<a href=\"https:\/\/kontrafunk.radio\/de\/sendung-nachhoeren\/kultur-und-wissenschaft\/tondokument\/tondokument-festival-der-meinungsfreiheit-gabriele-krone-schmalz-und-stefan-homburg\">https:\/\/kontrafunk.radio\/de\/sendung-nachhoeren\/kultur-und-wissenschaft\/tondokument\/tondokument-festival-der-meinungsfreiheit-gabriele-krone-schmalz-und-stefan-homburg<\/a><br \/>\n.<br \/>\nGabriele Krone Schmalz bei Stopp Air Base Ramstein am 26.06.2026 zum<br \/>\n&#8222;Feindbild Russland&#8220;<br \/>\n<a href=\"https:\/\/www.youtube.com\/watch?v=3DdqkwC_NbE\">https:\/\/www.youtube.com\/watch?v=3DdqkwC_NbE<\/a><br \/>\n<a href=\"https:\/\/www.krone-schmalz.de\">https:\/\/www.krone-schmalz.de<\/a><br \/>\n<a href=\"https:\/\/www.youtube.com\/@GabrieleKroneSchmalz\">https:\/\/www.youtube.com\/@GabrieleKroneSchmalz<\/a><br \/>\n.<br \/>\n.<br \/>\n<strong>(3) &#8222;Ich verharmlose Putin keineswegs&#8220;: Wie ein 77-J\u00e4hriger Offenburger f\u00fcr Frieden mit Russland wirbt<\/strong><br \/>\n&#8222;Wir d\u00fcrfen das Gespr\u00e4ch nicht verweigern&#8220;: Aus Sorge vor einer Eskalation fordert der in Offenburg lebende Sohn eines Stalingrad-Veteranen ein Umdenken in der Politik und ermahnt zur Deeskalation gegen\u00fcber Moskau.<br \/>\n&#8230;<br \/>\nMein Vater schreckte Jahrzehnte lang nachts schreiend hoch, aber wir wussten nie, warum. Als er mir auf dem Sterbebett schlie\u00dflich von Stalingrad erz\u00e4hlte, verstand ich ihn zum ersten Mal richtig.<br \/>\n&#8230;.<br \/>\nEr erinnerte mich an die historische Schuld Deutschlands und die 27 Millionen Toten in der Sowjetunion. Dann gab er mir als Sohn den klaren Auftrag: &#8222;Tu einfach alles in deinem Leben, dass so etwas nie wieder passiert.&#8220; So ein Vaterauftrag pr\u00e4gt f\u00fcrs Leben.<br \/>\n&#8230;<br \/>\nIch bin Pazifist. Mein Denken ist stark von der Bergpredigt und von Eugen Drewermann gepr\u00e4gt \u2013 ich habe keine Angst. Abschreckung f\u00fchrt in eine Spirale der Eskalation. Ich streite gar nicht ab, dass Russland einen furchtbaren Angriffskrieg gegen die Ukraine f\u00fchrt, und ich verharmlose Putin keineswegs. Aber die Geschichte zeigt uns doch: Auf Dauer sichern wir Frieden nur durch Vers\u00f6hnungsarbeit und Diplomatie. Fr\u00fchere Staatsm\u00e4nner wie Willy Brandt, Helmut Schmidt oder Helmut Kohl w\u00e4ren trotz aller Konflikte nach Moskau gefahren, um das Gespr\u00e4ch zu suchen. Heute fehlen mir solche Autorit\u00e4ten.<br \/>\n&#8230; Alles vom 5.9.2026 bitte lesen auf<br \/>\n<a href=\"https:\/\/www.badische-zeitung.de\/ich-verharmlose-putin-keineswegs-wie-ein-77-jaehriger-offenburger-fuer-frieden-mit-russland-wirbt\">https:\/\/www.badische-zeitung.de\/ich-verharmlose-putin-keineswegs-wie-ein-77-jaehriger-offenburger-fuer-frieden-mit-russland-wirbt<\/a><br \/>\n.<br \/>\nKontakt Dietmar Krieger:<br \/>\n<a href=\"https:\/\/www.lebenswege.org\">https:\/\/www.lebenswege.org<\/a><br \/>\n<a href=\"mailto:info@lebenswege.org\">info@lebenswege.org<\/a>, <a href=\"mailto:info@dietmarkrieger.de\">info@dietmarkrieger.de<\/a><\/p>\n","protected":false},"excerpt":{"rendered":"<p>Auf dem BSW-Festival der Meinungsfreiheit in Magdeburg am 30.8.2026 (1) fasste Prof. Gabriele Krone-Schulz fasste in ihrem Vortrag &#8222;Russland verstehen verboten?&#8220; die Gef\u00e4hrlichkeit der deutschen Russlandpolitik so zusammen: https:\/\/x.com\/svs1946\/status\/2095753573904597135?s=20<\/p>\n","protected":false},"author":2,"featured_media":0,"comment_status":"open","ping_status":"closed","sticky":false,"template":"","format":"standard","meta":{"footnotes":""},"categories":[18,52,36,195,210,63,172],"tags":[813,749,520,439,667,525,807,796],"class_list":["post-153457","post","type-post","status-publish","format-standard","hentry","category-bildung","category-einewelt","category-engagement","category-eu","category-gewalt","category-krise","category-zukunft","tag-diplomatie","tag-diskussionskultur","tag-frieden","tag-journalist","tag-krieg","tag-politik","tag-russland","tag-ukraine"],"_links":{"self":[{"href":"https:\/\/www.freiburg-schwarzwald.de\/blog\/wp-json\/wp\/v2\/posts\/153457","targetHints":{"allow":["GET"]}}],"collection":[{"href":"https:\/\/www.freiburg-schwarzwald.de\/blog\/wp-json\/wp\/v2\/posts"}],"about":[{"href":"https:\/\/www.freiburg-schwarzwald.de\/blog\/wp-json\/wp\/v2\/types\/post"}],"author":[{"embeddable":true,"href":"https:\/\/www.freiburg-schwarzwald.de\/blog\/wp-json\/wp\/v2\/users\/2"}],"replies":[{"embeddable":true,"href":"https:\/\/www.freiburg-schwarzwald.de\/blog\/wp-json\/wp\/v2\/comments?post=153457"}],"version-history":[{"count":4,"href":"https:\/\/www.freiburg-schwarzwald.de\/blog\/wp-json\/wp\/v2\/posts\/153457\/revisions"}],"predecessor-version":[{"id":153461,"href":"https:\/\/www.freiburg-schwarzwald.de\/blog\/wp-json\/wp\/v2\/posts\/153457\/revisions\/153461"}],"wp:attachment":[{"href":"https:\/\/www.freiburg-schwarzwald.de\/blog\/wp-json\/wp\/v2\/media?parent=153457"}],"wp:term":[{"taxonomy":"category","embeddable":true,"href":"https:\/\/www.freiburg-schwarzwald.de\/blog\/wp-json\/wp\/v2\/categories?post=153457"},{"taxonomy":"post_tag","embeddable":true,"href":"https:\/\/www.freiburg-schwarzwald.de\/blog\/wp-json\/wp\/v2\/tags?post=153457"}],"curies":[{"name":"wp","href":"https:\/\/api.w.org\/{rel}","templated":true}]}}