{"id":153436,"date":"2026-09-05T08:33:44","date_gmt":"2026-09-05T06:33:44","guid":{"rendered":"https:\/\/www.freiburg-schwarzwald.de\/blog\/?p=153436"},"modified":"2026-09-05T08:43:35","modified_gmt":"2026-09-05T06:43:35","slug":"morgens-medien-alternative","status":"publish","type":"post","link":"https:\/\/www.freiburg-schwarzwald.de\/blog\/morgens-medien-alternative\/","title":{"rendered":"Morgens: Medien + Alternative"},"content":{"rendered":"<p>Auch mal die andere Seite h\u00f6ren &#8211; &#8222;<a href=\"https:\/\/www.freiburg-schwarzwald.de\/blog\/buerger-audiatur-et-altera-pars\/\">audiatur et altera pars<\/a>&#8220; ist eine prima Idee, die man nur ausprobieren mu\u00df: Morgens wie gewohnt z.B. auf <strong><a href=\"https:\/\/www.spiegel.de\">https:\/\/www.spiegel.de<\/a><\/strong> gehen (oder FAZ, SZ, Welt, &#8230;), OK. Danach aber zus\u00e4tzlich auf <strong><a href=\"https:\/\/www.freiedenker.de\">https:\/\/www.freiedenker.de<\/a><\/strong> gehen, wo f\u00fcr 29 alternative Medien die jeweils 5 letzten Eintr\u00e4ge aufgelistet werden.<!--more--><br \/>\n.<br \/>\nNun wird es interessant. Was schreiben diese zur Top-Meldung des Spiegels? Dasselbe, etwas anderes oder gar nichts? Welche Headlines werden pr\u00e4sentiert? So l\u00e4\u00dft sich \u00fcber den Vergleich breit informieren. So bekommt man heraus, was glaubw\u00fcrdig(er) erscheint.<br \/>\nAlles hat zwei Seiten. Auch eine andere Seite. Das <a href=\"https:\/\/www.freiburg-schwarzwald.de\/blog\/kultur\/kulturverlust\/zweierlei\/\">Zweierlei<\/a> ist zutiefst menschlich und vor allem nie langweilig. Das Zweierlei geht zur\u00fcck bis zum <a href=\"https:\/\/www.freiburg-schwarzwald.de\/blog\/engagement\/zukunft\/digitalisierung\/digitalfreiheit\/\">digitalen<\/a> &#8222;0 und 1&#8220;\u00a0 und auch vo dort noch immer weiter und weiter (Quantencomputer). Warum nicht auch bei den Nachrichten die <a href=\"https:\/\/www.freiburg-schwarzwald.de\/blog\/engagement\/zukunft\/demokratie\/freiheit\/abweichende-meinung\/\">andere Seite<\/a> lesen bzw. h\u00f6ren?<\/p>\n<p>Jeder hat seine &#8222;Leib und Magen&#8220;-Plattform, die h\u00e4ufig als Startseite von Tablet oder <a href=\"https:\/\/www.freiburg-schwarzwald.de\/blog\/kultur\/medien\/smartphone\/\">Handy<\/a> automatisch erscheint. Gut so. Bei der immensen <a href=\"https:\/\/www.freiburg-schwarzwald.de\/blog\/kultur\/medien\/medienvielfalt\/\">Informationsflut<\/a> braucht man eine Basis &#8211; oftmals eine, an die man sich gew\u00f6hnt hat. Gleichwohl lohnt es sich, ab uns zu die <a href=\"https:\/\/www.freiburg-schwarzwald.de\/blog\/manifest-meinungsvielfalt-jetzt\/\">Vielfalt<\/a> &#8211; heute spricht man von <a href=\"https:\/\/www.freiburg-schwarzwald.de\/blog\/kultur\/medien\/diversity\/\">Diversity<\/a> &#8211; und Abwechslung zu w\u00e4hlen:<br \/>\nWarum nicht nach <a href=\"https:\/\/www.zeit.de\">https:\/\/www.zeit.de<\/a> einmal die Wochenzeitung der anderen Seite <a href=\"https:\/\/www.junge-freiheit.de\">https:\/\/www.junge-freiheit.de<\/a> bzw. <a href=\"https:\/\/www.jf.de\">https:\/\/www.jf.de<\/a> besuchen?<\/p>\n<p>Oder neben dem DLF <a href=\"https:\/\/www.deutschlandfunk.de\">https:\/\/www.deutschlandfunk.de<\/a> auch mal den in der Schweiz ans\u00e4ssigen Kontrafunk <a href=\"https:\/\/www.kontrafunk.radio\">https:\/\/www.kontrafunk.radio<\/a> anh\u00f6ren, der f\u00fcr die drei deutschsprachigen L\u00e4nder D, CH und A zu Politik, Kultur und Wissenschaft sendet?<br \/>\n.<br \/>\nUnd morgen am Sonntag den 6.9.2026 zur <a href=\"https:\/\/www.freiburg-schwarzwald.de\/blog\/global\/deutschland\/sachsen-anhalt\/\">Wahl in Sachsen-Anhalt<\/a> neben dem \u00d6RR <a href=\"https:\/\/www.freiburg-schwarzwald.de\/blog\/kultur\/medien\/gez-medien\/zdf\/\">https:\/\/www.zdf.de<\/a> und dem privaten Mainstream mit <a href=\"https:\/\/www.welt.de\">https:\/\/www.welt.de<\/a> auch die Wahlberichterstattung von <a href=\"https:\/\/www.tichyseinblick.de\">https:\/\/www.tichyseinblick.de<\/a> besuchen:<br \/>\nRoland Tichy und Markus Langemann (Club der klaren Worte) analysieren, kommentieren und beobachten die Ereignisse in Sachsen-Anhalt LIVE. Mit dabei sind: Der Schriftsteller Klaus-R\u00fcdiger Mai, der Staatsrechtler Prof Volker Boehme-Ne\u00dfler, der Ex-ZDF-Moderator Peter Hahne, der Demoskop Hermann Binkert und der <a href=\"https:\/\/www.freiburg-schwarzwald.de\/blog\/global\/deutschland\/dresden\/\">Dresdener<\/a> Politik-Prof Werner Patzelt (CDU).<br \/>\nMehr bitte lesen unter &#8222;<a href=\"https:\/\/www.freiburg-schwarzwald.de\/blog\/kultur\/medien\/informiere-dich\/\">Informiere-dich<\/a>&#8220; und &#8222;<a href=\"https:\/\/www.freiburg-schwarzwald.de\/blog\/informiere-dich-medien-taeglich\/\">Informiere Dich: Medien t\u00e4glich<\/a>&#8222;.<\/p>\n<p>5.9.2026<\/p>\n","protected":false},"excerpt":{"rendered":"<p>Auch mal die andere Seite h\u00f6ren &#8211; &#8222;audiatur et altera pars&#8220; ist eine prima Idee, die man nur ausprobieren mu\u00df: Morgens wie gewohnt z.B. auf https:\/\/www.spiegel.de gehen (oder FAZ, SZ, Welt, &#8230;), OK. Danach aber zus\u00e4tzlich auf https:\/\/www.freiedenker.de gehen, wo &hellip; <a href=\"https:\/\/www.freiburg-schwarzwald.de\/blog\/morgens-medien-alternative\/\">Weiterlesen <span class=\"meta-nav\">&rarr;<\/span><\/a><\/p>\n","protected":false},"author":2,"featured_media":0,"comment_status":"open","ping_status":"closed","sticky":false,"template":"","format":"standard","meta":{"footnotes":""},"categories":[18,181,36,139,162,13,80,157,11,172],"tags":[556,633,749,720,820,500],"class_list":["post-153436","post","type-post","status-publish","format-standard","hentry","category-bildung","category-buergerbeteiligung","category-engagement","category-heimat","category-internet","category-kultur","category-medien","category-oeffentlicher-raum","category-regio","category-zukunft","tag-alternativ","tag-demokratie","tag-diskussionskultur","tag-medien","tag-meinungsfreiheit","tag-wahl"],"_links":{"self":[{"href":"https:\/\/www.freiburg-schwarzwald.de\/blog\/wp-json\/wp\/v2\/posts\/153436","targetHints":{"allow":["GET"]}}],"collection":[{"href":"https:\/\/www.freiburg-schwarzwald.de\/blog\/wp-json\/wp\/v2\/posts"}],"about":[{"href":"https:\/\/www.freiburg-schwarzwald.de\/blog\/wp-json\/wp\/v2\/types\/post"}],"author":[{"embeddable":true,"href":"https:\/\/www.freiburg-schwarzwald.de\/blog\/wp-json\/wp\/v2\/users\/2"}],"replies":[{"embeddable":true,"href":"https:\/\/www.freiburg-schwarzwald.de\/blog\/wp-json\/wp\/v2\/comments?post=153436"}],"version-history":[{"count":4,"href":"https:\/\/www.freiburg-schwarzwald.de\/blog\/wp-json\/wp\/v2\/posts\/153436\/revisions"}],"predecessor-version":[{"id":153440,"href":"https:\/\/www.freiburg-schwarzwald.de\/blog\/wp-json\/wp\/v2\/posts\/153436\/revisions\/153440"}],"wp:attachment":[{"href":"https:\/\/www.freiburg-schwarzwald.de\/blog\/wp-json\/wp\/v2\/media?parent=153436"}],"wp:term":[{"taxonomy":"category","embeddable":true,"href":"https:\/\/www.freiburg-schwarzwald.de\/blog\/wp-json\/wp\/v2\/categories?post=153436"},{"taxonomy":"post_tag","embeddable":true,"href":"https:\/\/www.freiburg-schwarzwald.de\/blog\/wp-json\/wp\/v2\/tags?post=153436"}],"curies":[{"name":"wp","href":"https:\/\/api.w.org\/{rel}","templated":true}]}}