{"id":153399,"date":"2026-09-03T21:14:29","date_gmt":"2026-09-03T19:14:29","guid":{"rendered":"https:\/\/www.freiburg-schwarzwald.de\/blog\/?p=153399"},"modified":"2026-09-03T21:24:42","modified_gmt":"2026-09-03T19:24:42","slug":"niedergang-campact-ngo-ceo","status":"publish","type":"post","link":"https:\/\/www.freiburg-schwarzwald.de\/blog\/niedergang-campact-ngo-ceo\/","title":{"rendered":"Niedergang Campact NGO CEO"},"content":{"rendered":"<p>Campact hat eine Liste von politisch rechten Youtube-Kan\u00e4len publiziert (1) und die dort werbenden Unternehmen zu einem Werbeboykott aufgerufen &#8211; etliche folgten dem Aufruf wie z.B. DM, Edeka, Aldi S\u00fcd, Kleinanzeigen, DEVK, Wolt und Procter &amp; Gamble. Dazu Max Mannhart <a href=\"https:\/\/t.me\/niusde\/20041\">https:\/\/t.me\/niusde\/20041<\/a>: <!--more-->&#8222;Die Wirtschaft finanziert ihren eigenen Untergang\u201c, wenn gro\u00dfe <a href=\"https:\/\/www.freiburg-schwarzwald.de\/blog\/business\/industrie\/mittelstand\/unternehmer\/\">Unternehmen<\/a> vor einer kleinen linken NGO einknicken und Werbekunden mit politisch abweichender bzw. unerw\u00fcnschter Meinung abweisen&#8220;. Der Werbemarkt sei noch viel linker als die Medien und im Einknicken vor der Campact-<a href=\"https:\/\/www.freiburg-schwarzwald.de\/blog\/vereine\/ngo\/gongo\/\">NGO<\/a> zeige sich &#8222;Die unglaubliche Feigheit der Manager. &#8230; Dieser Managertyp. der sich von Campact diskreditieren l\u00e4\u00dft, hat nichts zu tun mit dem Managern, die Deutschland aufgebaut haben. Sie sind feige, auch menschlich feige.&#8220; mehr <a href=\"https:\/\/www.freiburg-schwarzwald.de\/blog\/business\/dienste\/werbung\/\">hier<\/a>.<br \/>\n.<br \/>\nWie hier gegen die Presse- und Meinungsfreiheit vorgegangen wird, ist skandal\u00f6s (2). <a href=\"https:\/\/www.freiburg-schwarzwald.de\/blog\/kultur\/medien\/alternative-medien\/\">Alternative Medien<\/a> wie Achgut.de, Apollo-news.net, Epochtimes.com, Nachdenkseiten.de, Nius.de, Tichyseinblick.com und Weltwoche.ch werden von Wirtschaftsunternehmen gemieden. <a href=\"https:\/\/www.freiburg-schwarzwald.de\/blog\/meinungsfreiheit\/\">Meinungsfreiheit<\/a> ade.<br \/>\nDie einstigen Manager der <a href=\"https:\/\/www.freiburg-schwarzwald.de\/blog\/business\/industrie\/mittelstand\/mittelstandsunternehmen\/\">mittelst\u00e4ndischen Unternehmen<\/a> , die das Wirtschaftswunder durch Besetzen s\u00e4mtlicher \u00f6konomischer Nischenm\u00e4rkte erm\u00f6glicht haben, hie\u00dfen so wie sie hie\u00dfen: H\u00fcrth, Herrenknecht, Grupp usw. Die heutigen Manager bzw. CEOs hingegen haben immer weniger Mumm, sich f\u00fcr <a href=\"https:\/\/www.freiburg-schwarzwald.de\/blog\/engagement\/zukunft\/demokratie\/freie-marktwirtschaft\/\">freie M\u00e4rkte<\/a> und freie Meinungen einzusetzen &#8211; sie sind &#8222;feige&#8220;.<\/p>\n<p>Nicht nur gegen\u00fcber linken Werbe-NGOs, die verlangen, abweichende Meinungen zu zensieren, sondern auch gegen\u00fcber den Forderungen der linken Politik. &#8222;Die deutsche Wirtschaft l\u00e4sst sich \u00f6konomisch strangulieren und ideologisch von politischen linken Pressure Groups f\u00fcr Boykotte einspannen&#8220;, sagte Thomas Kolbe in seinem Beitrag &#8222;Haltung bis zur Selbstzerst\u00f6rung: Deutsche Wirtschaft schafft sich ab&#8220; (3). Sie machen mit beim Zesieren und Canceln und nehmen sogar in Kauf, wenn Kunden dann auf chinesische Konkurrenz z.B. von Haier, Midea, TCL, Xiaomi und BYD ausweichen. Hauptsache die Political Correctness ist gewahrt.<\/p>\n<p>Es br\u00e4uchte dringend einer neuen Generation junger Manager, die dem linken Zeitgeist trotzen und ihre Unternehmensentscheidungen frei von linksideologischen Hemmnissen rein nach \u00f6konomischen Gesichtspunkten treffen.<br \/>\nDoch unternehmerischer Aufbruch ist nicht in Sicht. Man klagt gerne \u00fcber die Energie, B\u00fcrokratie, Reglementierungswahn durch Gesetze und Verordnungen, neben national gerne auch EU, und h\u00f6chste Lohn- und Sozialkosten. Und beklatscht dann doch die Politiker, die den ganzen <a href=\"https:\/\/www.freiburg-schwarzwald.de\/blog\/business\/volkswirtschaft\/\">volkswirtschaftlichen Niedergang<\/a> zu verantworten haben.<br \/>\nDie einzigen Sektoren mit Aufschwung statt Niedergang sind die Migrationsdienstleister, die R\u00fcstungsindustrie und der Staat. Mit ihnen boomen leider die falschen Branchen: <a href=\"https:\/\/www.freiburg-schwarzwald.de\/blog\/global\/migration\/migration-gesellschaft\/\">Migration<\/a> ist staatlich finanziert, <a href=\"https:\/\/www.freiburg-schwarzwald.de\/blog\/engagement\/zukunft\/krieg\/nachruestung\/\">R\u00fcstung<\/a> stellt letztendlich keine <a href=\"https:\/\/www.freiburg-schwarzwald.de\/blog\/engagement\/zukunft\/investition\/\">Investition<\/a>, sondern Konsum dar und der <a href=\"https:\/\/www.freiburg-schwarzwald.de\/blog\/engagement\/zukunft\/demokratie\/staat\/staatskultur\/\">Staat<\/a> hat immer schon un\u00f6konomisch agiert.<\/p>\n<p>Die Migration ist seit <a href=\"https:\/\/www.freiburg-schwarzwald.de\/blog\/global\/deutschland\/grenzoeffnung2015\/\">2015<\/a> das gesellschaftliche Problem Nr. 1. Vor allem, seit die <a href=\"https:\/\/www.freiburg-schwarzwald.de\/blog\/global\/integration\/integration-gescheitert\/\">Integration<\/a> als lange propagiertes Ziel von immer mehr Fl\u00fcchtlingsexperten als gescheitert betrachtet und auch deshalb als Leitidee gestrichen wird. Hinzu kommt das Problem der <a href=\"https:\/\/www.freiburg-schwarzwald.de\/blog\/global\/migration\/migration-kosten\/\">Finanzierung<\/a>. Bayern als Beispiel: &#8222;175 Millionen Euro im Monat f\u00fcr Unterkunft und Versorgung &#8230; Das Innenministerium bezeichnet Asyl und Integration selbst als gr\u00f6\u00dften Sachkostenblock seines Haushalts. F\u00fcr 2026 sind daf\u00fcr rund 2,2 Milliarden Euro vorgesehen.&#8220; (4)<br \/>\n.<br \/>\nDer <a href=\"https:\/\/www.freiburg-schwarzwald.de\/blog\/engagement\/zukunft\/demokratie\/staatsquote\/\">Staat w\u00e4chst und w\u00e4chst<\/a>: Die Anzahl neuer Stellen nimmt von 257.069 im Jahr 2017 auf 305.753 in 2026 zu. &#8222;Die geplanten Personalausgaben des Bundes lagen 2017 bei knapp 32 Milliarden Euro. F\u00fcr 2026 sind mehr als 48 Milliarden Euro vorgesehen. Im Haushaltsentwurf f\u00fcr 2027 stehen 51,62 Milliarden Euro.&#8220; (4).<\/p>\n<p>Deutschland befindet sich im Niedergang &#8211; hinsichtlich Meinungsfreiheit und Wirtschaft. Hinzukommt der Niedergang der Demokratie.<br \/>\nWird sich die Haltungsszene jemals fragen, &#8222;warum immer mehr Geld, Kampagnen und \u00f6ffentlich finanzierte \u201e<a href=\"https:\/\/www.freiburg-schwarzwald.de\/blog\/engagement\/zukunft\/demokratie\/demokratierettung\/\">Demokratief\u00f6rderung<\/a>\u201c gegen rechts mit immer neuen H\u00f6chstst\u00e4nden f\u00fcr die blaue Schwefelpartei zusammenfallen&#8220; (5)? Wahrscheinlich nicht, denn es lebt sich gut, bequem und moralisch wie gesellschaftlich anerkannt mit den staatlichen <a href=\"https:\/\/www.freiburg-schwarzwald.de\/blog\/engagement\/zukunft\/demokratie\/staat\/subventionen\/\">Subventionen<\/a> aus den T\u00f6pfen um <a href=\"https:\/\/www.freiburg-schwarzwald.de\/blog\/engagement\/zukunft\/demokratie\/demokratiefoerderung\/demokratie-leben\/\">&#8222;Demokratie leben!&#8220;<\/a>.<\/p>\n<p>Die Demokratie ist die <a href=\"https:\/\/www.freiburg-schwarzwald.de\/blog\/engagement\/zukunft\/demokratie\/democracy-first\/\">beste Staatsform weltweit<\/a>, weil das Volk bzw. die B\u00fcrger als Souver\u00e4n agieren und der friedliche Regierungswechsel \u00fcber die <a href=\"https:\/\/www.freiburg-schwarzwald.de\/blog\/engagement\/zukunft\/demokratie\/opposition\/\">Opposition<\/a> systemimmanent eingebaut ist. Passt den US-Amerikanern die Regierung der Partei der <a href=\"https:\/\/www.freiburg-schwarzwald.de\/blog\/global\/usa\/usa-trump\/\">Reps<\/a> nicht, dann w\u00e4hlen sie die Partei der <a href=\"https:\/\/www.freiburg-schwarzwald.de\/blog\/global\/usa\/biden\/\">Dems<\/a> und bringen damit die Opposition an die Regierung. Und nach Ablauf der Legislaturperiode geschieht ggf. das Umgekehrte.<br \/>\nIn Deutschland hingegen wird die f\u00fcr jede Demokratie wesentliche Institution der <a href=\"https:\/\/www.freiburg-schwarzwald.de\/blog\/vereine\/partei\/afd\/afd-opposition\/\">Opposition<\/a> in ihren Rechten behindert: Der AfD als der mit Abstand gr\u00f6\u00dften <a href=\"https:\/\/www.freiburg-schwarzwald.de\/blog\/vereine\/partei\/afd\/afd-opposition\/\">Oppositionspartei<\/a> werden die ihr zustehenden Parteirechte in vielerlei Hinsicht vorenthalten. Das demokratische System in Deutschland ist dadurch in Teilen au\u00dfer Kraft gesetzt. Gegen\u00fcber der AfD wird eine besondere <a href=\"https:\/\/www.freiburg-schwarzwald.de\/blog\/kultur\/medien\/gesinnungsdiktatur\/\">&#8222;Haltung&#8220;<\/a> praktiziert mit z.B. <a href=\"https:\/\/www.freiburg-schwarzwald.de\/blog\/engagement\/zukunft\/demokratie\/denunziation\/ausgrenzung\/\">Ausgrenzung<\/a>, Diskriminierung, Negierung, Gewalt, Hass, Beleidigung, Verunglimpfung (z.B. als Nazi), Ungleichbehandlung und <a href=\"https:\/\/www.freiburg-schwarzwald.de\/blog\/engagement\/zukunft\/demokratie\/deutschland-koalition\/\">Koalitionsverweigerung<\/a>.<br \/>\n<a href=\"https:\/\/www.freiburg-schwarzwald.de\/blog\/kultur\/medien\/journalismus\/haltungsjournalismus\/\">Haltungsjournalisten<\/a> beherrschen die Mainstreammedien. Der <a href=\"https:\/\/www.freiburg-schwarzwald.de\/blog\/vereine\/ngo\/ngo-komplex\/\">NGO-Komplex<\/a> nimmt eine besondere &#8222;Haltung&#8220; der Abwehr gegen\u00fcber der AfD ein. Politiker verhalten sich anders gegen\u00fcber Mitgliedern der AfD, sie benutzen z.B. im Bundestag nicht den Fahrstuhl mit AfD-lern gemeinsam.<\/p>\n<p>In ihrem Beitrag &#8222;Der Geruch von Haltung&#8220; schreibt Sofia Taxidis (5): &#8222;Haltung ist zum Rauschmittel eines Milieus geworden, das sich im Kampf gegen die AfD gegenseitig seiner moralischen \u00dcberlegenheit versichert.&#8220;<br \/>\n&#8222;\u201eAls ob die NSDAP zur\u00fcckk\u00e4me\u201c: Lanz kritisiert Umgang mit der <a href=\"https:\/\/www.freiburg-schwarzwald.de\/blog\/vereine\/partei\/afd\/anti-afd\/\">AfD<\/a> und Weltuntergangs-Hysterie&#8220; (6),<br \/>\nEin derart gespaltenes Parteiensystem ignoriert das im demokratischen System wichtige Prinzip des<a href=\"https:\/\/www.freiburg-schwarzwald.de\/blog\/religion\/pluralismus\/\"> Pluralismus<\/a> gleichberechtigter B\u00fcrger und Parteien.<\/p>\n<p>Angesichts des <a href=\"https:\/\/www.freiburg-schwarzwald.de\/blog\/business\/volkswirtschaft\/niedergang\/\">Niedergangs<\/a> der Wirtschaft, der <a href=\"https:\/\/www.freiburg-schwarzwald.de\/blog\/engagement\/zukunft\/demokratie\/grundgesetz\/grundgesetz-meinungsfreiheit\/\">Meinungsfreiheit der B\u00fcrger<\/a> und des demokratischen <a href=\"https:\/\/www.freiburg-schwarzwald.de\/blog\/engagement\/zukunft\/demokratie\/parlament\/zweiparteiensystem\/\">Parteiensystems<\/a> erscheint eine Politik des &#8222;<a href=\"https:\/\/www.freiburg-schwarzwald.de\/blog\/global\/deutschland\/deutschland-kaputt\/weiter-so\/\">Weiter so<\/a>&#8220; nicht mehr angebracht.<br \/>\n3.9.2026<br \/>\nDier Text wurde ohne <a href=\"https:\/\/www.freiburg-schwarzwald.de\/blog\/bildung\/wissenschaft\/informatik\/kuenstliche-intelligenz\/\">K\u00fcnstliche Intelligenz<\/a> geschrieben.<br \/>\n.<br \/>\nEnde von Beitrag &#8222;Niedergang Campact NGO CEO&#8220;<br \/>\n==============================================================<br \/>\nBeginn von Anlagen (1) &#8211; (6)<br \/>\n.<br \/>\n.<br \/>\n<strong>(1) Campact: Feindesliste der Guten<\/strong><br \/>\nDie Kampagnenorganisation Campact hat eine schwarze Liste von politisch missliebigen YouTube-Kan\u00e4len erstellt und ausgeforscht, wessen Werbung dort zu sehen war. Nun macht sie Druck auf die betreffenden Unternehmen, sich an einem Werbeboykott gegen die gelisteten Kan\u00e4le zu beteiligen.<br \/>\nCampact ist ein politisch der SPD und den Gr\u00fcnen nahestehender Verein mit 12 Mitgliedern (Link repariert) und Einnahmen im letzten Jahr von 26 Millionen Euro.<br \/>\nDie Kriterien, anhand derer Campact die Kan\u00e4le auf die schwarze Liste gesetzt hat, die von Tichys Einblick ver\u00f6ffentlicht wurde, sind vage. Die genutzten Kategorien sind, mit Beispielkan\u00e4len in Klammern:<br \/>\nAfD (Alice Weidel; AfD-Fraktionen NRW, Niedersachen, Sachsen-Anhalt)<br \/>\nAfD-nah (Tichys Einblick, Weltwoche, Epoch Times)<br \/>\nAfD-Vorfeld (Apollo News)<br \/>\nrechtspopulistisch (Achtung Reichelt, Nius)<br \/>\nverschw\u00f6rungsideologisch (Wissensmanufaktur)<br \/>\nrechtsextrem (Naomi Seibt)<br \/>\nAfD\/rechtsextrem (AfD-Bundestagsfraktion)<br \/>\nextrem rechts (Clownswelt)<br \/>\nnah an Rechtsextremen (Jasmin Kosubek)<br \/>\n&#8230;<br \/>\nIn einer Pressemitteilung vom 24. August <a href=\"https:\/\/www.campact.de\/presse\/mitteilung\/20260824-pm-nach-campact-recherche-knapp-30-unternehmen-planen-ende-von-werbung-auf-youtube-hetzkanaelen\/\">https:\/\/www.campact.de\/presse\/mitteilung\/20260824-pm-nach-campact-recherche-knapp-30-unternehmen-planen-ende-von-werbung-auf-youtube-hetzkanaelen\/<\/a> beschreibt Campact sein Vorgehen. Der Verein entwickelte ein Online-Tool, mit dem seine Anh\u00e4nger und Mitstreiter melden konnten, welche Werbung sie auf rund 60 missliebigen YouTube-\u201eHetz\u201c-Kan\u00e4len fanden. Rund 15.000 Menschen h\u00e4tten knapp 40.000 Werbeanzeigen gemeldet. Von 90 \u201erelevanten\u201c Unternehmen seien mehrere Anzeigen gefunden worden. Diese seien alle angeschrieben und aufgefordert worden, die von Campact aufgelisteten YouTube-Kan\u00e4le auf eine Werbe-Sperrliste zu setzen.<br \/>\nCampact nennt 20 Unternehmen, die innerhalb der ersten Woche Vollzug r\u00fcckmeldeten, darunter Edeka, Aldi S\u00fcd, Kleinanzeigen, DEVK, Wolt und Procter &amp; Gamble. Zehn weitere versprachen Pr\u00fcfung des Anliegens.<br \/>\n&#8230; Alles vom 3.9.2026 von Norbert Haering bitte lesen auf<br \/>\n<a href=\"https:\/\/www.manova.news\/artikel\/feindesliste-der-guten\">https:\/\/www.manova.news\/artikel\/feindesliste-der-guten<\/a><br \/>\n.<br \/>\n.<br \/>\n<strong>(2) Campact-Kampagne: Denunziation als Methode \u2013 der Geist der DDR ist zur\u00fcck<\/strong><br \/>\nDie Finanzierung freier Presseorgane durch Druck auf Werbekunden anzugreifen, ist skandal\u00f6s und eine absto\u00dfende Methode, die sich gegen den Gedanken der Pressefreiheit wendet. Wir sind dank unserer Werbepartner und Leser ein unabh\u00e4ngig finanziertes Medium.<br \/>\n<a href=\"https:\/\/www.youtube.com\/watch?v=qED8ZvjSyDo\">https:\/\/www.youtube.com\/watch?v=qED8ZvjSyDo<\/a><br \/>\n&#8230; Alles vom 27.8.2026 von Max Mannhart bitte lesen auf<br \/>\n<a href=\"https:\/\/apollo-news.net\/campact-kampagne-denunziation-als-methode-der-geist-der-ddr-ist-zurueck\/\">https:\/\/apollo-news.net\/campact-kampagne-denunziation-als-methode-der-geist-der-ddr-ist-zurueck\/<\/a><br \/>\n.<\/p>\n<p><strong>(3) Haltung bis zur Selbstzerst\u00f6rung: Deutsche Wirtschaft schafft sich ab<\/strong><br \/>\nDie deutsche Wirtschaft l\u00e4sst sich \u00f6konomisch strangulieren und ideologisch von politischen linken Pressure Groups f\u00fcr Boykotte einspannen. Die negativen Folgen von Energiepolitik, Regulierung und Inflation will man in Form von h\u00f6heren Preisen nun an diejenigen weiterreichen, die man gerne erziehen, aber meistens nicht mehr direkt erreichen will: die Kunden.<br \/>\nPolitisch-willf\u00e4hrig, ideologisch dem Zeitgeist treu verpflichtet, hat sich ein erheblicher Teil der deutschen Wirtschaft mit Haut und Haar einem gef\u00e4hrlichen Neokorporatismus unterworfen. Parteien geben moralische Grundlinien vor \u2013 Unternehmer, Manager und Gewerkschaften folgen ihnen wie die Lemminge. Bestenfalls herrscht betroffenes Schweigen. Dabei scheint es auch keine Rolle zu spielen, wie schlecht der Gesch\u00e4ftsverlauf sich darstellt: Der ewige Kampf gegen das CO2 muss weitergef\u00fchrt werden. Genderfragen und Diversity-Unfug sickern immer tiefer ein in Management-Entscheidungen.<br \/>\nVorl\u00e4ufiger H\u00f6hepunkt der deutschen Kuriosit\u00e4tensammlung war die Zensur- und Boykottkampagne von Campact.<br \/>\n&#8230;<br \/>\nEine rhetorische Frage. Deutschland ben\u00f6tigt dringend eine neue Gr\u00fcnderzeit. Es br\u00e4uchte mutige M\u00e4nner und Frauen, die trotz der toxischen Gemengelage, der turmhohen Energiepreise und der feindseligen politischen Stimmung gegen\u00fcber Unternehmern das Wagnis einer Existenzgr\u00fcndung eingehen. Es hat dem Land nicht gutgetan, dass es dem links-gr\u00fcnen Juste Milieu gelungen ist, den Parteiapparat zu kapern und die wirtschaftliche Elite im Land zum Schweigen zu bringen.<br \/>\nEchter demokratischer Streit m\u00fcsste her. Der Graben zwischen den Interessen der Unternehmer des Mittelstands und den Verfechtern politischer Ideologien kann nur im offenen Streit sichtbar werden. Nur so k\u00f6nnte klar werden, wo die Konfliktlinien verlaufen, was alles falsch gelaufen ist w\u00e4hrend der gr\u00fcn-sozialistischen \u00c4ra, die nun in einer gigantischen letzten Fiesta aus schuldenfinanziertem Militarismus vergl\u00fcht. Es br\u00e4uchte eine Unternehmerelite, die den Bundeskanzler inhaltlich stellte und das Versagen seines Milit\u00e4r-Keynesianismus mit intellektueller Tiefensch\u00e4rfe anprangerte.<br \/>\n&#8230;<br \/>\n&#8230;. Alles vom 2.9.2026 von Thomas Kolbe bitte lesen auf&#8216;<br \/>\n<a href=\"https:\/\/www.tichyseinblick.de\/wirtschaft\/oekosozialismus-schuldenmacherei-campact-vasallen-preiserhoehungen\/\">https:\/\/www.tichyseinblick.de\/wirtschaft\/oekosozialismus-schuldenmacherei-campact-vasallen-preiserhoehungen\/<\/a><br \/>\n.<br \/>\n.<br \/>\n<strong>(4) Deutschlands letzte Boombranchen hei\u00dfen Asylindustrie und Staat<\/strong><br \/>\n<strong>Der ganz gro\u00dfe Raubzug<\/strong><br \/>\nEin frisch er\u00f6ffnetes Designhotel in Hamburg wird zur Fl\u00fcchtlingsunterkunft, die Kosten tr\u00e4gt der Steuerzahler. Der Fall steht exemplarisch f\u00fcr eine Asylwirtschaft, die Milliarden verschlingt sowie einen korrumpierten Staatsapparat, der die letzten Steuerzahler ungeniert auspl\u00fcndert. F\u00fcr alles ist Geld da. Nur nicht f\u00fcr denjenigen, der f\u00fcr all das ausgenommen wird: den Steuerzahler.<br \/>\n&#8230;<br \/>\nDas frisch er\u00f6ffnete Designhotel ist dabei nur ein kleines Schaufenster. Hamburg bzw. der Steuerzahler gab 2025 insgesamt 636 Millionen Euro f\u00fcr die \u00f6ffentliche Unterbringung von Fl\u00fcchtlingen aus. 173 Millionen Euro davon entfielen auf Hotels. Ende 2025 lebten gut 42.000 Menschen in Unterk\u00fcnften, etwa 5.000 davon in Hotels. Rechnerisch flossen damit im vergangenen Jahr durchschnittlich 53 Millionen Euro im Monat in das Unterbringungssystem.<br \/>\nAuch 2026 l\u00e4uft diese Maschine auf Hochdruck weiter. Im ersten Halbjahr zahlte Hamburg 265 Millionen Euro f\u00fcr die Fl\u00fcchtlingsunterbringung, darunter 69 Millionen Euro f\u00fcr Hotels. Die durchschnittlichen Kosten je belegtem Platz sanken zwar von knapp 42 Euro pro Tag im Jahr 2025 auf rund 37 Euro. Das entspricht immer noch etwa 1.110 Euro pro Bewohner und Monat.<br \/>\n&#8230;<br \/>\nEnde 2024 bezogen bundesweit 460.970 Menschen Regelleistungen nach dem Asylbewerberleistungsgesetz. 67.050 lebten in Aufnahmeeinrichtungen, 194.605 in Gemeinschaftsunterk\u00fcnften. Weitere 199.315 waren dezentral untergebracht. Hinter diesen Kategorien stehen Erstaufnahmen, Gemeinschaftsunterk\u00fcnfte, angemietete Wohnungen und kommunale Immobilien mit jeweils eigenen Betreiber-, Bewirtschaftungs- und Personalkosten.<br \/>\nAllein die Bruttoausgaben nach dem Asylbewerberleistungsgesetz betrugen 2024 bundesweit 6,718 Milliarden Euro. Nordrhein-Westfalen kam auf 1,191 Milliarden Euro, Bayern auf gut eine Milliarde. In Hamburg stiegen die AsylbLG-Ausgaben gegen\u00fcber 2023 um 36,6 Prozent auf 256 Millionen Euro, in Berlin um 24,1 Prozent auf knapp 599 Millionen. Diese Statistik erfasst noch lange nicht s\u00e4mtliche Kosten der Fl\u00fcchtlingsaufnahme.<br \/>\n&#8230;<br \/>\nDiese Rechnung kann und wird der Steuerzahler auf Dauer nicht mehr begleichen k\u00f6nnen. Ein Staat, der Milliarden f\u00fcr Unterbringung, Versorgung, Verwaltung, Beratung und Prozesse ausgibt und gleichzeitig seinen eigenen Apparat immer weiter aufbl\u00e4ht, lebt von einer Leistungsf\u00e4higkeit, die er selbst untergr\u00e4bt. Parallel erkl\u00e4rt er den Leistungstr\u00e4gern dieses Landes, was f\u00fcr ihn alles nicht mehr drin ist. Dass der Familienvater seine Frau nicht mehr mitversichern kann. Dass die Frau nun arbeiten gehen muss. Irgendwann endet jede Umverteilung an der Stelle, an der diejenigen, die sie finanzieren sollen, nicht mehr k\u00f6nnen oder nicht mehr wollen. Deutschland n\u00e4hert sich diesem Punkt in immer mehr Bundesl\u00e4ndern nun doch endlich mit bemerkenswerter Entschlossenheit.<br \/>\n&#8230;. Alles vom 2.9.2026 von Sofia Taxidis bitte lesen auf <a href=\"https:\/\/www.tichyseinblick.de\/meinungen\/deutschlands-boombranchen\/\">https:\/\/www.tichyseinblick.de\/meinungen\/deutschlands-boombranchen\/<\/a><br \/>\n.<br \/>\n.<br \/>\n<strong>(5) Der Geruch von Haltung<\/strong><br \/>\nHaltung ist zum Rauschmittel eines Milieus geworden, das sich im Kampf gegen die AfD gegenseitig seiner moralischen \u00dcberlegenheit versichert. Mit dem Leben der B\u00fcrger hat dieses Ritual rein gar nichts gemein. Die Menschen reagieren auf dieses Spektakel mit immer gr\u00f6\u00dferer Abneigung und Abscheu.<br \/>\n&#8230;.<br \/>\nDie Haltungsszene braucht die Au\u00dfenwelt inzwischen fast nur noch als Projektionsfl\u00e4che. Im Inneren herrscht ein geschlossenes System der gegenseitigen Best\u00e4tigung: K\u00fcnstler best\u00e4tigen Aktivisten, Aktivisten best\u00e4tigen Kulturfunktion\u00e4re, Kulturveranstaltungen liefern die Kulisse. Die Bev\u00f6lkerung darf zusehen, zahlen und soll sich von diesen Haltungshamplern beschimpfen und belehren lassen.<br \/>\nIn dieser Blase spielt Sauerstoff offenbar nur noch eine untergeordnete Nebenrolle. Sonst k\u00f6nnte nach Jahren der gegenseitigen Selbstbewirtschaftung irgendwann die Frage aufkommen, warum immer mehr Geld, Kampagnen und \u00f6ffentlich finanzierte \u201eDemokratief\u00f6rderung\u201c gegen rechts mit immer neuen H\u00f6chstst\u00e4nden f\u00fcr die blaue Schwefelpartei zusammenfallen. Man k\u00f6nnte daraus Schl\u00fcsse ziehen. Man kann aber nat\u00fcrlich auch weitermachen wie bisher, tief die eigene Haltungswolke inhalieren und Menschen als \u201eRatten\u201c beschimpfen. Der Geruch am Morgen bleibt dann derselbe. Nur nach Sieg riecht er l\u00e4ngst nicht mehr.<br \/>\n&#8230; Alles vom 3.9.2026 von Sofia Taxidis bitte lesen auf<br \/>\n<a href=\"https:\/\/www.tichyseinblick.de\/meinungen\/der-geruch-von-haltung-am-morgen\/\">https:\/\/www.tichyseinblick.de\/meinungen\/der-geruch-von-haltung-am-morgen\/<\/a><br \/>\n.<br \/>\n.<br \/>\n<strong>(6) \u201eAls ob die NSDAP zur\u00fcckk\u00e4me\u201c: Lanz kritisiert Umgang mit der AfD und Weltuntergangs-Hysterie<\/strong><br \/>\nMarkus Lanz warnt vor immer neuen Nazi-Vergleichen im Umgang mit der AfD. Dadurch entstehe ein \u201eKlima der Angst \u2013 als ob die NSDAP zur\u00fcckk\u00e4me\u201c, sagte der ZDF-Moderator. Das \u201erelativiert das Grauen der Nazis\u201c.<br \/>\nMarkus Lanz kritisiert Nazi-Vergleiche im Umgang mit der AfD. In einem Interview mit der Zeit sagte der ZDF-Moderator, es entstehe ein \u201eKlima der Angst \u2013 als ob die NSDAP zur\u00fcckk\u00e4me\u201c. Das \u201erelativiert das Grauen der Nazis\u201c, so Lanz. Er verstehe die \u201eharte Zuspitzung\u201c bei vielen Themen nicht, erkl\u00e4rte Lanz. \u201eDie einen erwarten jeden Moment den Weltuntergang, die anderen leugnen, dass es \u00fcberhaupt ein Problem gibt.\u201c<br \/>\nZudem lehnt Lanz es ab, AfD-Politiker grunds\u00e4tzlich auszugrenzen. Er erlebe h\u00e4ufig, dass ihnen nicht einmal die Hand gegeben werde. Das habe f\u00fcr ihn etwas \u201eIdeologisches, Verh\u00e4rtetes\u201c. Journalisten m\u00fcssten mit Politikern sprechen und ihre Positionen sichtbar machen, statt den Kontakt von vornherein zu verweigern.<br \/>\n&#8230;<br \/>\n&#8230; Alles vom 3.9.2026 bitte lesen auf<br \/>\n<a href=\"https:\/\/www.tichyseinblick.de\/meinungen\/der-geruch-von-haltung-am-morgen\/\">https:\/\/apollo-news.net\/als-ob-die-nsdap-zurckkme-lanz-kritisiert-umgang-mit-der-afd-und-weltuntergangs-hysterie\/<\/a><\/p>\n","protected":false},"excerpt":{"rendered":"<p>Campact hat eine Liste von politisch rechten Youtube-Kan\u00e4len publiziert (1) und die dort werbenden Unternehmen zu einem Werbeboykott aufgerufen &#8211; etliche folgten dem Aufruf wie z.B. DM, Edeka, Aldi S\u00fcd, Kleinanzeigen, DEVK, Wolt und Procter &amp; Gamble. Dazu Max Mannhart &hellip; <a href=\"https:\/\/www.freiburg-schwarzwald.de\/blog\/niedergang-campact-ngo-ceo\/\">Weiterlesen <span class=\"meta-nav\">&rarr;<\/span><\/a><\/p>\n","protected":false},"author":2,"featured_media":0,"comment_status":"open","ping_status":"closed","sticky":false,"template":"","format":"standard","meta":{"footnotes":""},"categories":[18,4,36,24,162,13,80],"tags":[842,559,820,625,671,571,428,745],"class_list":["post-153399","post","type-post","status-publish","format-standard","hentry","category-bildung","category-branchen","category-engagement","category-industrie","category-internet","category-kultur","category-medien","tag-afd","tag-business","tag-meinungsfreiheit","tag-ngo","tag-presse","tag-werbung","tag-wettbewerb","tag-wirtschaft"],"_links":{"self":[{"href":"https:\/\/www.freiburg-schwarzwald.de\/blog\/wp-json\/wp\/v2\/posts\/153399","targetHints":{"allow":["GET"]}}],"collection":[{"href":"https:\/\/www.freiburg-schwarzwald.de\/blog\/wp-json\/wp\/v2\/posts"}],"about":[{"href":"https:\/\/www.freiburg-schwarzwald.de\/blog\/wp-json\/wp\/v2\/types\/post"}],"author":[{"embeddable":true,"href":"https:\/\/www.freiburg-schwarzwald.de\/blog\/wp-json\/wp\/v2\/users\/2"}],"replies":[{"embeddable":true,"href":"https:\/\/www.freiburg-schwarzwald.de\/blog\/wp-json\/wp\/v2\/comments?post=153399"}],"version-history":[{"count":4,"href":"https:\/\/www.freiburg-schwarzwald.de\/blog\/wp-json\/wp\/v2\/posts\/153399\/revisions"}],"predecessor-version":[{"id":153403,"href":"https:\/\/www.freiburg-schwarzwald.de\/blog\/wp-json\/wp\/v2\/posts\/153399\/revisions\/153403"}],"wp:attachment":[{"href":"https:\/\/www.freiburg-schwarzwald.de\/blog\/wp-json\/wp\/v2\/media?parent=153399"}],"wp:term":[{"taxonomy":"category","embeddable":true,"href":"https:\/\/www.freiburg-schwarzwald.de\/blog\/wp-json\/wp\/v2\/categories?post=153399"},{"taxonomy":"post_tag","embeddable":true,"href":"https:\/\/www.freiburg-schwarzwald.de\/blog\/wp-json\/wp\/v2\/tags?post=153399"}],"curies":[{"name":"wp","href":"https:\/\/api.w.org\/{rel}","templated":true}]}}