{"id":153327,"date":"2026-08-31T13:31:07","date_gmt":"2026-08-31T11:31:07","guid":{"rendered":"https:\/\/www.freiburg-schwarzwald.de\/blog\/?p=153327"},"modified":"2026-08-31T14:03:36","modified_gmt":"2026-08-31T12:03:36","slug":"deutschland-ist-friedensland","status":"publish","type":"post","link":"https:\/\/www.freiburg-schwarzwald.de\/blog\/deutschland-ist-friedensland\/","title":{"rendered":"Deutschland ist Friedensland"},"content":{"rendered":"<p>Die Geschichte hat gezeigt: Deutschland taugt nicht f\u00fcr Krieg und <a href=\"https:\/\/www.freiburg-schwarzwald.de\/blog\/engagement\/zukunft\/krieg\/kriegswirtschaft\/\">Kriegswirtschaft<\/a>. Zwei Weltkriege, ein drittes Reich und ein <a href=\"https:\/\/www.freiburg-schwarzwald.de\/blog\/global\/deutschland\/ddr\/\">DDR-Reich<\/a> verpflichten Deutschland zur Friedenspolitik. Als Leitidee gilt nach wie vor das Diktum der <a href=\"https:\/\/www.freiburg-schwarzwald.de\/blog\/engagement\/zukunft\/demokratie\/entspannungspolitik\/\">Entspannungspolitik<\/a> von Willy Brandt: &#8222;Wir wollen ein Volk der guten Nachbarn sein&#8220;.<!--more--><\/p>\n<p>I. Nach dem <a href=\"https:\/\/www.freiburg-schwarzwald.de\/blog\/global\/deutschland\/mauerfall1989\/\">Mauerfall 1989<\/a> bzw. nach 1990 waren wir auf dem Weg zum Frieden. Leo Ensel erinnert daran in seinem Beitrag &#8222;Wir sind EINE Menschheit!&#8220; (1). <a href=\"https:\/\/www.freiburg-schwarzwald.de\/blog\/global\/russland\/russland-valentina\/\">Michail Gorbatschow<\/a> sagte &#8222;Sieger ist nicht, wer Schlachten in einem Krieg gewinnt, sondern wer Frieden stiftet!\u201c<br \/>\n.<br \/>\nII. <a href=\"https:\/\/www.freiburg-schwarzwald.de\/blog\/global\/russland\/putin\/\">Putin<\/a> wurde nach seiner Rede vom 25.9.2001 im Bundestag gefeiert. Putin meinte es ernst. Doch sp\u00e4ter &#8222;wurde ihm die ausgestreckte Hand abgeschlagen&#8220; (Horst Teltschik). Putin als Machtmensch sieht seine Aufgabe prim\u00e4r darin, <a href=\"https:\/\/www.freiburg-schwarzwald.de\/blog\/global\/russland\/russland-rohstoffe\/\">das gr\u00f6\u00dfte Land der Welt<\/a> zusammenzuhalten. Er versuchte es lange Zeit mit <a href=\"https:\/\/www.freiburg-schwarzwald.de\/blog\/engagement\/zukunft\/demokratie\/diplomatie\/\">Diplomatie<\/a>. Erst nachdem <a href=\"https:\/\/www.freiburg-schwarzwald.de\/blog\/global\/eu\/europa\/nato\/\">NATO<\/a>-Drang <a href=\"https:\/\/www.freiburg-schwarzwald.de\/blog\/global\/eu\/europa\/nato\/nato-osterweiterung\/\">nach Osten<\/a> und der T\u00f6tung von 13.000 russischst\u00e4mmigen Bewohnern im <a href=\"https:\/\/www.freiburg-schwarzwald.de\/blog\/global\/ukraine\/donbass\/\">Donbass<\/a> durch die Armee von Kiew und das Mutterspracheverbot (Beh\u00f6rden, Schule) lie\u00df ihn von der Diplomatie zum Milit\u00e4r wechseln und f\u00fchrte letztendlich zum rechtswidrigen <a href=\"https:\/\/www.freiburg-schwarzwald.de\/blog\/global\/ukraine\/ukrainekrieg\/\">Angriff auf die Ukraine<\/a> vom 24.2.2022.<br \/>\n.<br \/>\nIII. Heute wird der Ukrainekrieg trotz <a href=\"https:\/\/www.freiburg-schwarzwald.de\/blog\/patt-im-drohnenkrieg-frieden\/\">Pattsituation<\/a> als Experimentierfeld f\u00fcr Drohnen solange fortgef\u00fchrt, bis die <a href=\"https:\/\/www.freiburg-schwarzwald.de\/blog\/engagement\/zukunft\/krieg\/drohnenkrieg\/\">Drohnentechnologie<\/a> mit ihren R\u00fcstungskonzernen in RU, US, D, EU, NATO und USA keinen Mehrwert im weiteren Experiment mehr sehen.<\/p>\n<p>IV. Deutschlands Politik der <a href=\"https:\/\/www.freiburg-schwarzwald.de\/blog\/business\/industrie\/deindustrialisierung\/\">Deindustralisierung<\/a> aufgrund der Verweigerung von <a href=\"https:\/\/www.freiburg-schwarzwald.de\/blog\/energie\/energiemix\/\">Energiemix<\/a> und leistungsorientieter Bildung sowie der Abkehr von der sozialen Marktwirtschaft hin zur <a href=\"https:\/\/www.freiburg-schwarzwald.de\/blog\/engagement\/zukunft\/krieg\/kriegswirtschaft\/\">Kriegswirtschaft<\/a> (Krieg ist Konsum, keine Investition) ist falsch. Sie basiert auf die Erkl\u00e4rung von Russland zum \u00e4u\u00dferen Feind, um dadurch von der desolaten Innenpolitik abzulenken. Was erwartet ein angeblich drohener Putin in Deutschland: Bildungsmisere, \u00d6ffentlicher Raum in der Hand krimineller Islamisten, <a href=\"https:\/\/www.freiburg-schwarzwald.de\/blog\/engagement\/zukunft\/selbsthass\/\">Selbsthass<\/a> der Deutschen auf alles Eigene.<br \/>\nDer Berliner Traum von &#8222;Russland ruinieren&#8220; und &#8222;Russland wird unser ewiger Feind sein&#8220; zeigt eine dumme Geschichtslosigkeit. Das russische Volk ist ein von der Orthodoxie gepr\u00e4gtes friedliebendes Volk &#8211; &#8222;M\u00fctterchen Russland&#8220; eben, das wie Deutschland das &#8222;Fehlen \u00fcberz\u00e4hliger S\u00f6hne&#8220; (&#8222;<a href=\"https:\/\/www.freiburg-schwarzwald.de\/blog\/engagement\/zukunft\/krieg\/youth-bulges\/\">Youth Bulges<\/a>&#8222;, <a href=\"https:\/\/www.freiburg-schwarzwald.de\/blog\/bildung\/heinsohn\/\">Prof Heinsohn<\/a>) beklagt oder auch nicht beklagt.<br \/>\nAuch wenn die <a href=\"https:\/\/www.freiburg-schwarzwald.de\/blog\/kultur\/medien\/mainstream\/\">Mainstreammedien<\/a> pausenlos verk\u00fcnden \u201eDie Bedrohung durch Russland w\u00e4chst auch in Deutschland\u201c (2), ist es zweimal falsch: a) F\u00fcr die Bedrohung gibt es keine Beweise. Putin hat zuletzt im Juni ein bilaterales Friedensabkommen angeboten, das von Berlin in arroganter weise abgeschlagen wurde. b) Diese Befragung der deutschen Bev\u00f6lkerung hat es bis dato nicht gegeben.<\/p>\n<p>V. <a href=\"https:\/\/www.freiburg-schwarzwald.de\/blog\/schmidt-fischer-genscher-bahr\/\">Egon Bahr<\/a>, der au\u00dfenpolitischer Berater von Willy Brandt, sagte 1980: \u201eDie eigenen Interessen eines Staates z\u00e4hlen, nicht die Werte. Wenn ein Politiker anf\u00e4ngt, \u00fcber \u201eWerte\u201c zu schwadronieren, dann ist es h\u00f6chste Zeit, den Raum zu verlassen\u201c.<br \/>\nEs liegt im unserem Interesse, da\u00df Deutschland mit Ost bzw. zuv\u00f6rderst Russland UND West bzw. auch den USA gut auskommt. Die <a href=\"https:\/\/www.freiburg-schwarzwald.de\/blog\/engagement\/zukunft\/demokratie\/regierung2025\/\">Regierung Merz-Klinbeil<\/a> hat es geschafft, mit beiden Seiten ein schlechtes bilaterales Verh\u00e4ltnis hinzubekommen &#8211; auch eine Leistung, allerdings eine des Unfriedens.<br \/>\nEs liegt im deutschen Interesse:<br \/>\n&#8211; R\u00fcckkehr zur Diplomatie. Friedensf\u00e4higkeit statt Kriegst\u00fcchtigkeit.<br \/>\n&#8211; Ukrainekrieg stoppen: Ankn\u00fcpfen an Istanbul.<br \/>\n&#8211; Energiemix zulassen.<br \/>\n&#8211; Bildung an Leistung ausrichten.<br \/>\n&#8211; Bundeswehr als moderne (Dohnen, KI) und reine Verteidigungsarmee (3).<br \/>\n&#8211; Migration an der internationalen \u00fcblichen einwanderungspolitischen Devise &#8222;Nettosteuerzahler willkommen&#8220; ausrichten<br \/>\n&#8211; Wohnungsbauoffensive mit Anreizen wie Abschreibung 10%\/Jahr<br \/>\n&#8211; EU-Reform incl. <a href=\"https:\/\/www.freiburg-schwarzwald.de\/blog\/global\/eu\/target\/\">Target-Salden<\/a> (eine Billion) sowie Euro<br \/>\n&#8211; Meinungsfreiheit als B\u00fcrgerrecht Nr. 1 offline wie online (Social Media) bewahren.<br \/>\n.<br \/>\nFriedensland Deutschland ich auch Freiheitsland Deutschland. Dazu zum Abschluss noch ein Statement von Willy Brandt aus seiner Rede vor dem SPD-Parteitag in Bonn, 14. Juni 1987: \u201eWenn ich sagen soll, was mir neben dem Frieden wichtiger sei als alles andere, dann lautet meine Antwort ohne Wenn und Aber: Freiheit. Die Freiheit f\u00fcr viele, nicht nur f\u00fcr die wenigen. Freiheit des Gewissens und der Meinung. Auch Freiheit von Not und von Furcht.\u201c<br \/>\nWas es dazu allerdings braucht, ist, die <a href=\"https:\/\/www.freiburg-schwarzwald.de\/blog\/engagement\/zukunft\/frieden\/friedensbewegung2-0\/\">Friedensbewegung<\/a> aus ihrer Lethargie, <a href=\"https:\/\/www.freiburg-schwarzwald.de\/blog\/engagement\/bequemlichkeit\/\">Bequemlichkeit<\/a> und Einseitigkeit bzw. Arroganz (&#8222;Nur ein <a href=\"https:\/\/www.freiburg-schwarzwald.de\/blog\/linker-frieden-rechter-frieden\/\">linker Friedensbewegter<\/a> ist ein guter Friedensbewegter&#8220;) zu befreien.<br \/>\n31.8.2026<br \/>\nDieser Text ist ohne KI geschrieben worden<br \/>\n.<br \/>\nEnde von Beitrag &#8222;Deutschland ist Friedensland&#8220;<br \/>\n==============================================================<br \/>\nBeginn von Anlagen (1) &#8211; (2)<br \/>\n.<\/p>\n<ul>\n<li><a href=\"https:\/\/www.freiburg-schwarzwald.de\/blog\/engagement\/zukunft\/krieg\/panzer\/\">Dinosaurier-Waffen? Bundeswehr kauft f\u00fcr viele Milliarden Panzer<\/a>\u00a0(27.8.2026)<\/li>\n<\/ul>\n<p><strong>(1) \u201eWir sind EINE Menschheit! Wir leben alle auf EINEM Planeten!\u201c \u2013 Zum vierten Jahrestag des Todes von Michail Gorbatschow<\/strong><br \/>\nSeit Gorbatschows Tod am 30. August 2022 habe ich zu diesem Datum jedes Jahr an den Ausnahmepolitiker erinnert, jenen Chef einer Supermacht, der nichts weniger als eine atomwaffen-, nein: gewaltfreie Welt anstrebte. Es ist auch dieses Jahr n\u00f6tig \u2013 um daran zu erinnern, wie weit wir alle schon einmal waren. Und um zu zeigen, zu welchen Prinzipien wir wieder zur\u00fcckfinden m\u00fcssen, wenn die Menschheit \u00fcberleben will.<br \/>\n&#8230;<br \/>\n\u201eEine neue Vision der Welt triumphiert, die \u00c4ra der Konfrontation ist vorbei, die das Gesicht Europas und der Welt pr\u00e4gte. Lasst uns ohne Z\u00f6gern daf\u00fcr sorgen, dass gute Nachbarschaft, Partnerschaft und Zusammenarbeit allt\u00e4glich und selbstverst\u00e4ndlich werden in der Kommunikation unserer gro\u00dfen Nationen. M\u00f6ge der auf 20 Jahre geschlossene sowjetisch-deutsche Vertrag zu einem Vertrag \u00fcber den ewigen Frieden werden!\u201c So weit waren wir einmal.<br \/>\nMichail Gorbatschow formulierte diese S\u00e4tze als Pr\u00e4sident der Sowjetunion am 9. November 1990 \u2013 genau ein Jahr nach dem Mauerfall und einen Monat nach der deutschen Vereinigung \u2013 anl\u00e4sslich der Unterzeichnung des deutsch-sowjetischen \u201eVertrag \u00fcber gute Nachbarschaft, Partnerschaft und Zusammenarbeit\u201c <a href=\"http:\/\/www.glasnost.de\/db\/DokAus\/90sow.html\">http:\/\/www.glasnost.de\/db\/DokAus\/90sow.html<\/a> in Bonn.<br \/>\nHeute, im Sommer 2026 \u00fcber dreieinhalb Jahrzehnte sp\u00e4ter, sind wir wieder sternenweit von diesen S\u00e4tzen entfernt. Man k\u00f6nnte dar\u00fcber in Tr\u00e4nen ausbrechen und in Verzweiflung geraten, man kann diese S\u00e4tze aber auch als \u201eStachel im Fleische der Gleichg\u00fcltigkeit\u201c, als permanenten Ansporn ansehen, sich mit der aktuellen Lage niemals abzufinden! Ich habe mich f\u00fcr Letzteres entschieden.<\/p>\n<p>Im Folgenden stelle ich eine Reihe von Gedanken des Ausnahmepolitikers und -menschen vor, die in der aktuell brandgef\u00e4hrlich zugespitzten Konfrontation zwischen dem kollektiven Westen und Russland wieder hilfreich sein k\u00f6nnten.<br \/>\n&#8230; Alles vom 20.8.2026 von Leo Ensel bitte lesen auf<br \/>\n<a href=\"https:\/\/www.nachdenkseiten.de\/?p=155485\">https:\/\/www.nachdenkseiten.de\/?p=155485<\/a><\/p>\n<p>&nbsp;<\/p>\n<p><strong>(2) Nachrichtensender n-tv und die \u201eBedrohung durch Russland\u201c: Politische \u201eWahrheit\u201c wird zur Medienwahrheit<\/strong><br \/>\n\u201eDie Bedrohung durch Russland w\u00e4chst auch in Deutschland\u201c \u2013 diesen Satz serviert der Nachrichtensender n-tv seinen Lesern in einem Artikel unter der \u00dcberschrift \u201eBundesministerium bereitet sich auf Verteidigungsfall vor\u201c.<br \/>\n<a href=\"https:\/\/www.n-tv.de\/politik\/Bundesministerium-bereitet-sich-auf-Verteidigungsfall-vor-id31221254.html\">https:\/\/www.n-tv.de\/politik\/Bundesministerium-bereitet-sich-auf-Verteidigungsfall-vor-id31221254.html<\/a><br \/>\nDie Aussage steht im Indikativ, also in der Wirklichkeitsform. Mit anderen Worten: Es ist so, die Aussage ist Fakt \u2013 zumindest aus Sicht der n-tv-Redaktion. Beweise, harte Fakten bietet der Artikel nicht. Eine kritische Distanz zu einem politisch hochgradig aufgeladenen Thema ist in der Aussage nicht zu erkennen. Der Sender hat die \u201eWahrheit\u201c der Politik \u00fcbernommen. Eine Kurzanalyse.<br \/>\n.<br \/>\nWas ist und was ist nicht? Das herauszufinden, ist Kernaufgabe von Journalisten. Je politischer und gesellschaftlich relevanter, umso dringlicher ist diese Aufgabe. Gerade wollen Politiker die gesamte Republik \u201ekriegst\u00fcchtig\u201c machen. Aufr\u00fcstung steht an. Zwischen der NATO und Russland gibt es einen schweren Konflikt. In der Ukraine herrscht Krieg. Politiker und Experten reden von einem m\u00f6glichen Krieg zwischen der NATO und Russland. Dies ist eine der schwierigsten Situationen f\u00fcr Journalisten \u2013 denn schwere Konflikte zwischen Staaten, und erst recht Kriege, sind so von Propaganda und Manipulationen durchdrungen, wie sie von Interessen geleitet sind.<br \/>\nHier gilt: Medien m\u00fcssen aufpassen, dass sie nicht zum verl\u00e4ngerten Arm von Interessenparteien werden. Auf NATO-Ebene und auch in Deutschland \u2013 das l\u00e4sst sich n\u00fcchtern feststellen \u2013 gibt es Kriegstreiber, genauso wie die Verteidigungsindustrie ein Interesse an Aufr\u00fcstung hat. Ferner gibt es neue Kalte Krieger, die die Konfrontationspolitik gegen\u00fcber Russland wollen. In einer solchen Gemengelage muss die Presse wissen, dass es ein Interesse von bestimmten Kreisen gibt, angebliche \u201eBedrohungslagen\u201c der \u00d6ffentlichkeit zu pr\u00e4sentieren. Schlie\u00dflich: Ohne Bedrohung ergibt die gigantische Aufr\u00fcstung keinen Sinn.<\/p>\n<p>An dieser Stelle braucht es Journalisten, die in der Lage sind, Geheimdienstberichte kritisch zu dekonstruieren. Es braucht Redaktionen, die Aussagen der vorherrschenden Politik mit Distanz begegnen. Nichts davon findet sich in dem n-tv-Beitrag.<br \/>\n&#8230;.<br \/>\n&#8230; Alles vom 24.8.2026 von Marcus Kl\u00f6ckner bitte lesen auf<br \/>\n<a href=\"https:\/\/www.n-tv.de\/politik\/Bundesministerium-bereitet-sich-auf-Verteidigungsfall-vor-id31221254.html\">https:\/\/www.nachdenkseiten.de\/?p=155281<\/a><br \/>\n.<br \/>\nLeserbriefe zu \u201eNachrichtensender n-tv und die \u201eBedrohung durch Russland\u201c: Politische \u201eWahrheit\u201c wird zur Medienwahrheit\u201c<br \/>\n30.8.2026, <a href=\"https:\/\/www.nachdenkseiten.de\/?p=155375\">https:\/\/www.nachdenkseiten.de\/?p=155375<\/a><\/p>\n<p>&nbsp;<\/p>\n","protected":false},"excerpt":{"rendered":"<p>Die Geschichte hat gezeigt: Deutschland taugt nicht f\u00fcr Krieg und Kriegswirtschaft. Zwei Weltkriege, ein drittes Reich und ein DDR-Reich verpflichten Deutschland zur Friedenspolitik. Als Leitidee gilt nach wie vor das Diktum der Entspannungspolitik von Willy Brandt: &#8222;Wir wollen ein Volk &hellip; <a href=\"https:\/\/www.freiburg-schwarzwald.de\/blog\/deutschland-ist-friedensland\/\">Weiterlesen <span class=\"meta-nav\">&rarr;<\/span><\/a><\/p>\n","protected":false},"author":2,"featured_media":0,"comment_status":"open","ping_status":"closed","sticky":false,"template":"","format":"standard","meta":{"footnotes":""},"categories":[18,355,4,52,195,210,24,162,63,13,80,9,172],"tags":[633,26,682,520,667,525],"class_list":["post-153327","post","type-post","status-publish","format-standard","hentry","category-bildung","category-buergerinitiativen","category-branchen","category-einewelt","category-eu","category-gewalt","category-industrie","category-internet","category-krise","category-kultur","category-medien","category-soziales","category-zukunft","tag-demokratie","tag-deutsch","tag-freiheit","tag-frieden","tag-krieg","tag-politik"],"_links":{"self":[{"href":"https:\/\/www.freiburg-schwarzwald.de\/blog\/wp-json\/wp\/v2\/posts\/153327","targetHints":{"allow":["GET"]}}],"collection":[{"href":"https:\/\/www.freiburg-schwarzwald.de\/blog\/wp-json\/wp\/v2\/posts"}],"about":[{"href":"https:\/\/www.freiburg-schwarzwald.de\/blog\/wp-json\/wp\/v2\/types\/post"}],"author":[{"embeddable":true,"href":"https:\/\/www.freiburg-schwarzwald.de\/blog\/wp-json\/wp\/v2\/users\/2"}],"replies":[{"embeddable":true,"href":"https:\/\/www.freiburg-schwarzwald.de\/blog\/wp-json\/wp\/v2\/comments?post=153327"}],"version-history":[{"count":5,"href":"https:\/\/www.freiburg-schwarzwald.de\/blog\/wp-json\/wp\/v2\/posts\/153327\/revisions"}],"predecessor-version":[{"id":153346,"href":"https:\/\/www.freiburg-schwarzwald.de\/blog\/wp-json\/wp\/v2\/posts\/153327\/revisions\/153346"}],"wp:attachment":[{"href":"https:\/\/www.freiburg-schwarzwald.de\/blog\/wp-json\/wp\/v2\/media?parent=153327"}],"wp:term":[{"taxonomy":"category","embeddable":true,"href":"https:\/\/www.freiburg-schwarzwald.de\/blog\/wp-json\/wp\/v2\/categories?post=153327"},{"taxonomy":"post_tag","embeddable":true,"href":"https:\/\/www.freiburg-schwarzwald.de\/blog\/wp-json\/wp\/v2\/tags?post=153327"}],"curies":[{"name":"wp","href":"https:\/\/api.w.org\/{rel}","templated":true}]}}