{"id":15325,"date":"2012-11-13T17:04:02","date_gmt":"2012-11-13T16:04:02","guid":{"rendered":"https:\/\/www.freiburg-schwarzwald.de\/blog\/?p=15325"},"modified":"2012-11-13T17:20:12","modified_gmt":"2012-11-13T16:20:12","slug":"nebel-unten-sonne-oben","status":"publish","type":"post","link":"https:\/\/www.freiburg-schwarzwald.de\/blog\/nebel-unten-sonne-oben\/","title":{"rendered":"Nebel unten &#8211; Sonne oben"},"content":{"rendered":"<p>Unten in Freiburg und den T\u00e4lern ringsum <a title=\"Nebel\" href=\"https:\/\/www.freiburg-schwarzwald.de\/blog\/natur\/nebel\/\">Nebel<\/a> und K\u00e4lte &#8211; oben auf den Bergen Sonne, Licht und W\u00e4rme. So am 25.10.2012 auf dem <a title=\"Schauinsland\" href=\"https:\/\/www.freiburg-schwarzwald.de\/blog\/regio\/berge\/schauinsland\/\">Schauinsland<\/a>\u00a0oder heute auf dem<a title=\"Feldberg-Gipfel\" href=\"https:\/\/www.freiburg-schwarzwald.de\/blog\/regio\/berge\/feldberg-gipfel\/\"> Feldberg<\/a>. Oft kann man sich die nebelfreie Herrlichkeit kaum vorstellen &#8211; dann hilft ein Blick auf die zahlreichen <a title=\"Webcams\" href=\"https:\/\/www.freiburg-schwarzwald.de\/blog\/tourismus\/webcams\/\">Webcams<\/a>\u00a0im Hochschwarzwald.<\/p>\n","protected":false},"excerpt":{"rendered":"<p>Unten in Freiburg und den T\u00e4lern ringsum Nebel und K\u00e4lte &#8211; oben auf den Bergen Sonne, Licht und W\u00e4rme. So am 25.10.2012 auf dem Schauinsland\u00a0oder heute auf dem Feldberg. Oft kann man sich die nebelfreie Herrlichkeit kaum vorstellen &#8211; dann &hellip; <a href=\"https:\/\/www.freiburg-schwarzwald.de\/blog\/nebel-unten-sonne-oben\/\">Weiterlesen <span class=\"meta-nav\">&rarr;<\/span><\/a><\/p>\n","protected":false},"author":4,"featured_media":0,"comment_status":"open","ping_status":"closed","sticky":false,"template":"","format":"standard","meta":{"footnotes":""},"categories":[180,122],"tags":[447,380],"class_list":["post-15325","post","type-post","status-publish","format-standard","hentry","category-hochschwarzwald","category-wandern","tag-berg","tag-wanderweg"],"_links":{"self":[{"href":"https:\/\/www.freiburg-schwarzwald.de\/blog\/wp-json\/wp\/v2\/posts\/15325","targetHints":{"allow":["GET"]}}],"collection":[{"href":"https:\/\/www.freiburg-schwarzwald.de\/blog\/wp-json\/wp\/v2\/posts"}],"about":[{"href":"https:\/\/www.freiburg-schwarzwald.de\/blog\/wp-json\/wp\/v2\/types\/post"}],"author":[{"embeddable":true,"href":"https:\/\/www.freiburg-schwarzwald.de\/blog\/wp-json\/wp\/v2\/users\/4"}],"replies":[{"embeddable":true,"href":"https:\/\/www.freiburg-schwarzwald.de\/blog\/wp-json\/wp\/v2\/comments?post=15325"}],"version-history":[{"count":0,"href":"https:\/\/www.freiburg-schwarzwald.de\/blog\/wp-json\/wp\/v2\/posts\/15325\/revisions"}],"wp:attachment":[{"href":"https:\/\/www.freiburg-schwarzwald.de\/blog\/wp-json\/wp\/v2\/media?parent=15325"}],"wp:term":[{"taxonomy":"category","embeddable":true,"href":"https:\/\/www.freiburg-schwarzwald.de\/blog\/wp-json\/wp\/v2\/categories?post=15325"},{"taxonomy":"post_tag","embeddable":true,"href":"https:\/\/www.freiburg-schwarzwald.de\/blog\/wp-json\/wp\/v2\/tags?post=15325"}],"curies":[{"name":"wp","href":"https:\/\/api.w.org\/{rel}","templated":true}]}}