{"id":15306,"date":"2012-11-13T13:13:00","date_gmt":"2012-11-13T12:13:00","guid":{"rendered":"https:\/\/www.freiburg-schwarzwald.de\/blog\/?p=15306"},"modified":"2025-05-25T11:15:49","modified_gmt":"2025-05-25T09:15:49","slug":"rechtsextreme-oeko-bauern","status":"publish","type":"post","link":"https:\/\/www.freiburg-schwarzwald.de\/blog\/rechtsextreme-oeko-bauern\/","title":{"rendered":"Rechtsextreme Oeko-Bauern"},"content":{"rendered":"<p>Man mu\u00df sich daran gew\u00f6hnen, dass Bio und <a title=\"Oeko\" href=\"https:\/\/www.freiburg-schwarzwald.de\/blog\/natur\/landwirt\/oeko\/\">\u00d6ko<\/a> nicht automatisch Gleichheit und Menschenw\u00fcrde\u00a0bedeutet &#8211;\u00a0dies zeigt das Buch &#8222;Braune \u00d6kologen&#8220; auf, das Gudrun Heinrich von\u00a0der Universit\u00e4t Rostock Anfang 2012 mit der Heinrich-B\u00f6ll-Stiftung\u00a0herausgegeben hat.\u00a0Ihr gehe es nicht darum, die Bio-Szene zu diskreditieren,\u00a0aber\u00a0auf Bio-H\u00f6fen seien nicht nur Gutmenschen zuhause. <!--more--><\/p>\n<p><strong>Idylle in Gr\u00fcn-Braun<\/strong><br \/>\nIm politisch unverd\u00e4chtigen Biolandbau tummeln sich zunehmend <a href=\"https:\/\/www.freiburg-schwarzwald.de\/blog\/engagement\/zukunft\/demokratie\/extremismus\/rechtsextremismus\/\">Rechtsextreme<\/a>. Und so landet neonazistisches Gedankengut, unschuldig gr\u00fcn verpackt, in der Mitte der Gesellschaft. &#8230;.<br \/>\nAlles\u00a0 vom 13.4.2012 bitte lesen auf<br \/>\n<a href=\"https:\/\/www.sueddeutsche.de\/politik\/unterwanderung-des-biolandbaus-durch-rechtsextreme-idylle-in-gruen-braun-1.1332321\">https:\/\/www.sueddeutsche.de\/politik\/unterwanderung-des-biolandbaus-durch-rechtsextreme-idylle-in-gruen-braun-1.1332321<\/a><\/p>\n<p>Dass an der &#8222;Idylle in Gr\u00fcn-Braun&#8220; etwas wahr sein mu\u00df, dass also\u00a0Umwelt-\/Naturschutz und v\u00f6lkische Ideologie sehr wohl vermischt sein k\u00f6nnen, zeigt die Reaktion auf den SZ-Beitrag in dem der NPD nahestehenden Magazin &#8222;Umwelt &amp; Aktiv&#8220;:\u00a0&#8222;Nicht ganz erschlie\u00dfen kann es sich dem geneigten Leser, wie die Autoren aus dem Jahr 2012 in die Jahre 1933 und 1935 zur\u00fcckfallen k\u00f6nnen, ohne einen realen Bezug zur Gegenwart herzustellen.&#8220;<\/p>\n<p><strong>Naturschutz gegen Rechtsextremismus<\/strong><br \/>\nDie Landeszentrale f\u00fcr Umweltaufkl\u00e4rung Rheinland-Pfalz hat die Brosch\u00fcre \u201eNaturschutz gegen Rechtsextremismus\u201c ver\u00f6ffentlicht. Sie setzt sich damit auseinander, wie Rechtsextreme das Thema Natur- und Umweltschutz f\u00fcr sich nutzen und ist als Argumentationshilfe f\u00fcr Naturschutzakteure bei ihrer Auseinandersetzung mit <a href=\"https:\/\/www.freiburg-schwarzwald.de\/blog\/engagement\/zukunft\/demokratie\/extremismus\/rechtsextremismus\/\">Rechtsextremismus<\/a> konzipiert. Scheinbar unverf\u00e4nglich wirkende Aussagen zu naturschutzrelevanten Themen aus Publikationen rechtsextremer Organisationen werden analysiert und der rechtsextreme Hintergrund frei gelegt.<br \/>\n<a href=\"https:\/\/www.rlp.de\/no_cache\/einzelansicht\/archive\/2012\/february\/article\/hoefken-rechtsextremistisches-gedankengut-entlarven\/\">https:\/\/www.rlp.de\/no_cache\/einzelansicht\/archive\/2012\/february\/article\/hoefken-rechtsextremistisches-gedankengut-entlarven\/<\/a><br \/>\n<a href=\"https:\/\/www.politische-bildung-rlp.de\/extremismus.html\">https:\/\/www.politische-bildung-rlp.de\/extremismus.html<\/a><\/p>\n<p><strong>B\u00d6LW nicht von Rechtsextremen unterwandet<\/strong><br \/>\nFelix Prinz zu L\u00f6wenstein, Vorstandsvorsitzender des Bio-Dachverbands B\u00f6lw, in dem ca 14000 der 22500 deutschen Biobauern organisiert sind, \u00fcber rechtsextreme \u00d6ko-Bauern:<br \/>\n<em>&#8222;Ich sehe nicht die Gefahr, dass eine rechtsextreme Gruppe die Verb\u00e4nde zu Kampfinstrumenten macht. Es ist eher andersherum: Die Rechtsextremen realisieren, dass es ein immer breiter werdendes gesellschaftliches Bewusstsein f\u00fcr Ressourcenschutz und zukunftsf\u00e4hige Landwirtschaft gibt. Da sich das in ihre Ideologie einbauen l\u00e4sst, nutzen sie das, um Zustimmung zu bekommen.&#8220;<\/em><br \/>\nKomplettes Interview mit dem B\u00f6lw vom \u00b413.11.2012 bitte lesen auf<br \/>\n<a href=\"https:\/\/www.badische-zeitung.de\/nachrichten\/deutschland\/die-oeko-bewegung-wird-nicht-unterwandert--65579564.html\">https:\/\/www.badische-zeitung.de\/nachrichten\/deutschland\/die-oeko-bewegung-wird-nicht-unterwandert&#8211;65579564.html<\/a><\/p>\n<p>F\u00fcr die NPD ist\u00a0Naturschutz gleich Heimatschutz.<\/p>\n","protected":false},"excerpt":{"rendered":"<p>Man mu\u00df sich daran gew\u00f6hnen, dass Bio und \u00d6ko nicht automatisch Gleichheit und Menschenw\u00fcrde\u00a0bedeutet &#8211;\u00a0dies zeigt das Buch &#8222;Braune \u00d6kologen&#8220; auf, das Gudrun Heinrich von\u00a0der Universit\u00e4t Rostock Anfang 2012 mit der Heinrich-B\u00f6ll-Stiftung\u00a0herausgegeben hat.\u00a0Ihr gehe es nicht darum, die Bio-Szene zu &hellip; <a href=\"https:\/\/www.freiburg-schwarzwald.de\/blog\/rechtsextreme-oeko-bauern\/\">Weiterlesen <span class=\"meta-nav\">&rarr;<\/span><\/a><\/p>\n","protected":false},"author":4,"featured_media":0,"comment_status":"open","ping_status":"closed","sticky":false,"template":"","format":"standard","meta":{"footnotes":""},"categories":[201],"tags":[258],"class_list":["post-15306","post","type-post","status-publish","format-standard","hentry","category-landwirt","tag-oekologie"],"_links":{"self":[{"href":"https:\/\/www.freiburg-schwarzwald.de\/blog\/wp-json\/wp\/v2\/posts\/15306","targetHints":{"allow":["GET"]}}],"collection":[{"href":"https:\/\/www.freiburg-schwarzwald.de\/blog\/wp-json\/wp\/v2\/posts"}],"about":[{"href":"https:\/\/www.freiburg-schwarzwald.de\/blog\/wp-json\/wp\/v2\/types\/post"}],"author":[{"embeddable":true,"href":"https:\/\/www.freiburg-schwarzwald.de\/blog\/wp-json\/wp\/v2\/users\/4"}],"replies":[{"embeddable":true,"href":"https:\/\/www.freiburg-schwarzwald.de\/blog\/wp-json\/wp\/v2\/comments?post=15306"}],"version-history":[{"count":2,"href":"https:\/\/www.freiburg-schwarzwald.de\/blog\/wp-json\/wp\/v2\/posts\/15306\/revisions"}],"predecessor-version":[{"id":134369,"href":"https:\/\/www.freiburg-schwarzwald.de\/blog\/wp-json\/wp\/v2\/posts\/15306\/revisions\/134369"}],"wp:attachment":[{"href":"https:\/\/www.freiburg-schwarzwald.de\/blog\/wp-json\/wp\/v2\/media?parent=15306"}],"wp:term":[{"taxonomy":"category","embeddable":true,"href":"https:\/\/www.freiburg-schwarzwald.de\/blog\/wp-json\/wp\/v2\/categories?post=15306"},{"taxonomy":"post_tag","embeddable":true,"href":"https:\/\/www.freiburg-schwarzwald.de\/blog\/wp-json\/wp\/v2\/tags?post=15306"}],"curies":[{"name":"wp","href":"https:\/\/api.w.org\/{rel}","templated":true}]}}