{"id":15099,"date":"2012-11-10T20:59:34","date_gmt":"2012-11-10T19:59:34","guid":{"rendered":"https:\/\/www.freiburg-schwarzwald.de\/blog\/?p=15099"},"modified":"2012-11-10T21:17:52","modified_gmt":"2012-11-10T20:17:52","slug":"gentechnik-food-in-den-usa-ohne-besondere-kennzeichnung","status":"publish","type":"post","link":"https:\/\/www.freiburg-schwarzwald.de\/blog\/gentechnik-food-in-den-usa-ohne-besondere-kennzeichnung\/","title":{"rendered":"Gentechnik-Food in den USA ohne besondere Kennzeichnung"},"content":{"rendered":"<p>Der Medienrummel um die Pr\u00e4sidentschaftswahlen in den <a title=\"USA\" href=\"https:\/\/www.freiburg-schwarzwald.de\/blog\/global\/usa\/\">USA<\/a> lie\u00df eine wichtige <a title=\"Gentechnik\" href=\"https:\/\/www.freiburg-schwarzwald.de\/blog\/natur\/gentechnik\/\">Gentechnik<\/a>-Abstimmung unbeachtet: Am 7.11.2012 wurde in\u00a0Kalifornien \u00fcber die <a href=\"https:\/\/ballotpedia.org\/wiki\/index.php\/California_Proposition_37,_Mandatory_Labeling_of_Genetically_Engineered_Food_(2012)\">Proposition 37<\/a> abgestimmt,\u00a0der die verbindliche Kenn-zeichnung von gentechnisch-modifizierten Organismen (GMOs) vorsieht: Mit\u00a053.1% wurde dieser Antrag\u00a0abgelehnt, was damit zu erkl\u00e4ren ist, dass die Gentechniklobby massiv <a title=\"Greenwash\" href=\"https:\/\/www.freiburg-schwarzwald.de\/blog\/kultur\/medien\/greenwash\/\">Greenwash<\/a> praktiziert hatte. Grund: Wenn es um die Erlaubnis an Unternehmen geht, neue Gentechniken an Pflanzen zu erforschen <!--more-->und zu testen, sind Proteste in den USA kaum zu erwarten, da solche Antr\u00e4ge zum einen nicht wirklich neu, zum anderen zu abstrakt f\u00fcr den einzelnen Menschen sind. Sobald es jedoch um die Kennzeichnung von gentechnisch ver\u00e4nderten Lebensmitteln und damit um das Essen geht, trifft das Thema auf grosse Resonanz in der Bev\u00f6lkerung. Die folgende\u00a0Infografik von <a href=\"https:\/\/www.reputationsverteidiger.de\">www.reputationsverteidiger.de<\/a> zum Thema Gentechnik in Lebensmitteln zeigt, dass\u00a0auch deutsche Konzerne in der letzte Woche bei der\u00a0Abstimmung beteiligt waren, die Kennzeichnung von genmanipulierten Lebensmittel in Kalifornien zu verhinden.<\/p>\n<p><a href=\"https:\/\/www.freiburg-schwarzwald.de\/blog\/gentechnik-food-in-den-usa-ohne-besondere-kennzeichnung\/gvo-lebensmittel1211\/\" rel=\"attachment wp-att-15102\"><img loading=\"lazy\" decoding=\"async\" class=\"alignnone size-thumbnail wp-image-15102\" title=\"gvo-lebensmittel1211\" src=\"https:\/\/www.freiburg-schwarzwald.de\/blog\/wp-content\/uploads\/2012\/11\/gvo-lebensmittel1211-180x120.jpg\" alt=\"\" width=\"180\" height=\"120\" srcset=\"https:\/\/www.freiburg-schwarzwald.de\/blog\/wp-content\/uploads\/2012\/11\/gvo-lebensmittel1211-180x120.jpg 180w, https:\/\/www.freiburg-schwarzwald.de\/blog\/wp-content\/uploads\/2012\/11\/gvo-lebensmittel1211.jpg 574w\" sizes=\"auto, (max-width: 180px) 100vw, 180px\" \/><\/a>\u00a0\u00a0\u00a0\u00a0\u00a0\u00a0\u00a0\u00a0\u00a0 <a href=\"https:\/\/www.freiburg-schwarzwald.de\/blog\/gentechnik-food-in-den-usa-ohne-besondere-kennzeichnung\/gvo-konzerne1211\/\" rel=\"attachment wp-att-15104\"><img loading=\"lazy\" decoding=\"async\" class=\"alignnone size-thumbnail wp-image-15104\" title=\"gvo-konzerne1211\" src=\"https:\/\/www.freiburg-schwarzwald.de\/blog\/wp-content\/uploads\/2012\/11\/gvo-konzerne1211-180x128.jpg\" alt=\"\" width=\"180\" height=\"128\" srcset=\"https:\/\/www.freiburg-schwarzwald.de\/blog\/wp-content\/uploads\/2012\/11\/gvo-konzerne1211-180x128.jpg 180w, https:\/\/www.freiburg-schwarzwald.de\/blog\/wp-content\/uploads\/2012\/11\/gvo-konzerne1211.jpg 576w\" sizes=\"auto, (max-width: 180px) 100vw, 180px\" \/><\/a>\u00a0\u00a0\u00a0\u00a0\u00a0\u00a0\u00a0\u00a0\u00a0 <a href=\"https:\/\/www.freiburg-schwarzwald.de\/blog\/gentechnik-food-in-den-usa-ohne-besondere-kennzeichnung\/gvo-weltweit1211\/\" rel=\"attachment wp-att-15105\"><img loading=\"lazy\" decoding=\"async\" class=\"alignnone size-thumbnail wp-image-15105\" title=\"gvo-weltweit1211\" src=\"https:\/\/www.freiburg-schwarzwald.de\/blog\/wp-content\/uploads\/2012\/11\/gvo-weltweit1211-180x89.jpg\" alt=\"\" width=\"180\" height=\"89\" srcset=\"https:\/\/www.freiburg-schwarzwald.de\/blog\/wp-content\/uploads\/2012\/11\/gvo-weltweit1211-180x89.jpg 180w, https:\/\/www.freiburg-schwarzwald.de\/blog\/wp-content\/uploads\/2012\/11\/gvo-weltweit1211.jpg 583w\" sizes=\"auto, (max-width: 180px) 100vw, 180px\" \/><\/a><br \/>\nGenmanipulierte Lebensmittel\u00a0\u00a0\u00a0\u00a0\u00a0\u00a0\u00a0\u00a0\u00a0\u00a0\u00a0\u00a0\u00a0\u00a0\u00a0\u00a0\u00a0\u00a0 GVO-Abstimmung Kalifornien\u00a0\u00a0\u00a0\u00a0\u00a0\u00a0\u00a0\u00a0\u00a0\u00a0\u00a0\u00a0\u00a0\u00a0\u00a0\u00a0 GVO in USA, D und Indien<\/p>\n<p>Quelle: <a href=\"https:\/\/www.reputationsverteidiger.de\/blog\/brand-management\/reputation-gentechnik\/\">https:\/\/www.reputationsverteidiger.de\/blog\/brand-management\/reputation-gentechnik\/<\/a><\/p>\n<p>&nbsp;<\/p>\n","protected":false},"excerpt":{"rendered":"<p>Der Medienrummel um die Pr\u00e4sidentschaftswahlen in den USA lie\u00df eine wichtige Gentechnik-Abstimmung unbeachtet: Am 7.11.2012 wurde in\u00a0Kalifornien \u00fcber die Proposition 37 abgestimmt,\u00a0der die verbindliche Kenn-zeichnung von gentechnisch-modifizierten Organismen (GMOs) vorsieht: Mit\u00a053.1% wurde dieser Antrag\u00a0abgelehnt, was damit zu erkl\u00e4ren ist, dass &hellip; <a href=\"https:\/\/www.freiburg-schwarzwald.de\/blog\/gentechnik-food-in-den-usa-ohne-besondere-kennzeichnung\/\">Weiterlesen <span class=\"meta-nav\">&rarr;<\/span><\/a><\/p>\n","protected":false},"author":4,"featured_media":0,"comment_status":"open","ping_status":"closed","sticky":false,"template":"","format":"standard","meta":{"footnotes":""},"categories":[254,158],"tags":[737,423],"class_list":["post-15099","post","type-post","status-publish","format-standard","hentry","category-gentechnik","category-gesund","tag-gentechnik","tag-lebensmittel"],"_links":{"self":[{"href":"https:\/\/www.freiburg-schwarzwald.de\/blog\/wp-json\/wp\/v2\/posts\/15099","targetHints":{"allow":["GET"]}}],"collection":[{"href":"https:\/\/www.freiburg-schwarzwald.de\/blog\/wp-json\/wp\/v2\/posts"}],"about":[{"href":"https:\/\/www.freiburg-schwarzwald.de\/blog\/wp-json\/wp\/v2\/types\/post"}],"author":[{"embeddable":true,"href":"https:\/\/www.freiburg-schwarzwald.de\/blog\/wp-json\/wp\/v2\/users\/4"}],"replies":[{"embeddable":true,"href":"https:\/\/www.freiburg-schwarzwald.de\/blog\/wp-json\/wp\/v2\/comments?post=15099"}],"version-history":[{"count":0,"href":"https:\/\/www.freiburg-schwarzwald.de\/blog\/wp-json\/wp\/v2\/posts\/15099\/revisions"}],"wp:attachment":[{"href":"https:\/\/www.freiburg-schwarzwald.de\/blog\/wp-json\/wp\/v2\/media?parent=15099"}],"wp:term":[{"taxonomy":"category","embeddable":true,"href":"https:\/\/www.freiburg-schwarzwald.de\/blog\/wp-json\/wp\/v2\/categories?post=15099"},{"taxonomy":"post_tag","embeddable":true,"href":"https:\/\/www.freiburg-schwarzwald.de\/blog\/wp-json\/wp\/v2\/tags?post=15099"}],"curies":[{"name":"wp","href":"https:\/\/api.w.org\/{rel}","templated":true}]}}