{"id":15013,"date":"2012-11-10T14:29:29","date_gmt":"2012-11-10T13:29:29","guid":{"rendered":"https:\/\/www.freiburg-schwarzwald.de\/blog\/?p=15013"},"modified":"2012-11-10T14:35:18","modified_gmt":"2012-11-10T13:35:18","slug":"e-smart-hochschwarzwald-preis","status":"publish","type":"post","link":"https:\/\/www.freiburg-schwarzwald.de\/blog\/e-smart-hochschwarzwald-preis\/","title":{"rendered":"E-Smart Hochschwarzwald Preis"},"content":{"rendered":"<p>Das Projekt\u00a0<a title=\"Deutscher Tourismuspreis 2012\" href=\"https:\/\/www.freiburg-schwarzwald.de\/blog\/deutscher-tourismuspreis-2012\/\">&#8222;E-Smart trifft Hochschwarzwaldcard&#8220;<\/a> der Hochschwarzwald Tourismus Gemeinschaft HTG hat beim Deutschen Tourismuspreis 2012\u00a0den Silberplatz geholt.\u00a0\u00a0Damit das Pilotprojekt &#8222;Zukunftsmobilit\u00e4t\u00a0f\u00fcr Urlauber im Schwarzwald (ZUMO)&#8220; von 2011 fortgef\u00fchrt. Neben den 100 E-Bikes und 20 Segways das dritte Angebot zur Elektromobilit\u00e4t:\u00a015 E-Smart-Ausleihautos fuhren bislang 80000 km (12 t CO2 Ersparnis).\u00a0 85% der Nutzer haben zuvor noch niemals ein E-Auto gefahren, also P\u00e4dagogik zur <a title=\"Nachhaltigkeit\" href=\"https:\/\/www.freiburg-schwarzwald.de\/blog\/natur\/klima\/nachhaltigkeit\/\">Nachhaltigkeit<\/a>.<\/p>\n<p>\u00a0<!--more--><\/p>\n<p><strong>Noch besser: Zu Fu\u00df oder Fahrrad<\/strong><br \/>\nAuf der einen Seite &#8222;AKW Nein Danke&#8220;, auf der anderen Seite immer mehr Elektromobile. Hallo, die Dinger brauchen jede Menge Strom und die Akkus sind sowohl in der Herstellung, als auch in der Entsorgung extrem umweltfeindlich. Leute, geht zu Fu\u00df oder fahrt mit einem Drahtesel (ohne Motor)!<br \/>\n10.11.2012, Ralph Teichmann<\/p>\n","protected":false},"excerpt":{"rendered":"<p>Das Projekt\u00a0&#8222;E-Smart trifft Hochschwarzwaldcard&#8220; der Hochschwarzwald Tourismus Gemeinschaft HTG hat beim Deutschen Tourismuspreis 2012\u00a0den Silberplatz geholt.\u00a0\u00a0Damit das Pilotprojekt &#8222;Zukunftsmobilit\u00e4t\u00a0f\u00fcr Urlauber im Schwarzwald (ZUMO)&#8220; von 2011 fortgef\u00fchrt. Neben den 100 E-Bikes und 20 Segways das dritte Angebot zur Elektromobilit\u00e4t:\u00a015 E-Smart-Ausleihautos fuhren &hellip; <a href=\"https:\/\/www.freiburg-schwarzwald.de\/blog\/e-smart-hochschwarzwald-preis\/\">Weiterlesen <span class=\"meta-nav\">&rarr;<\/span><\/a><\/p>\n","protected":false},"author":4,"featured_media":0,"comment_status":"open","ping_status":"closed","sticky":false,"template":"","format":"standard","meta":{"footnotes":""},"categories":[134,180,141,7],"tags":[289],"class_list":["post-15013","post","type-post","status-publish","format-standard","hentry","category-e-bike","category-hochschwarzwald","category-nachhaltigkeit","category-tourismus","tag-preis"],"_links":{"self":[{"href":"https:\/\/www.freiburg-schwarzwald.de\/blog\/wp-json\/wp\/v2\/posts\/15013","targetHints":{"allow":["GET"]}}],"collection":[{"href":"https:\/\/www.freiburg-schwarzwald.de\/blog\/wp-json\/wp\/v2\/posts"}],"about":[{"href":"https:\/\/www.freiburg-schwarzwald.de\/blog\/wp-json\/wp\/v2\/types\/post"}],"author":[{"embeddable":true,"href":"https:\/\/www.freiburg-schwarzwald.de\/blog\/wp-json\/wp\/v2\/users\/4"}],"replies":[{"embeddable":true,"href":"https:\/\/www.freiburg-schwarzwald.de\/blog\/wp-json\/wp\/v2\/comments?post=15013"}],"version-history":[{"count":0,"href":"https:\/\/www.freiburg-schwarzwald.de\/blog\/wp-json\/wp\/v2\/posts\/15013\/revisions"}],"wp:attachment":[{"href":"https:\/\/www.freiburg-schwarzwald.de\/blog\/wp-json\/wp\/v2\/media?parent=15013"}],"wp:term":[{"taxonomy":"category","embeddable":true,"href":"https:\/\/www.freiburg-schwarzwald.de\/blog\/wp-json\/wp\/v2\/categories?post=15013"},{"taxonomy":"post_tag","embeddable":true,"href":"https:\/\/www.freiburg-schwarzwald.de\/blog\/wp-json\/wp\/v2\/tags?post=15013"}],"curies":[{"name":"wp","href":"https:\/\/api.w.org\/{rel}","templated":true}]}}