{"id":14898,"date":"2012-11-09T13:45:34","date_gmt":"2012-11-09T12:45:34","guid":{"rendered":"https:\/\/www.freiburg-schwarzwald.de\/blog\/?p=14898"},"modified":"2012-11-09T13:45:34","modified_gmt":"2012-11-09T12:45:34","slug":"friedrich-heizler-in-zarten-tot","status":"publish","type":"post","link":"https:\/\/www.freiburg-schwarzwald.de\/blog\/friedrich-heizler-in-zarten-tot\/","title":{"rendered":"Friedrich Heizler in Zarten tot"},"content":{"rendered":"<p>Die Gemeinde <a title=\"Kirchzarten\" href=\"https:\/\/www.freiburg-schwarzwald.de\/blog\/regio\/orte\/kirchzarten\/\">Kirchzarten<\/a> trauert mit den Familienangeh\u00f6rigen und B\u00fcrgern um ihren Tr\u00e4ger der \u201eGoldenen <a title=\"Engagement\" href=\"https:\/\/www.freiburg-schwarzwald.de\/blog\/engagement\/\">Ehrennadel<\/a>\u201c, ehemaligen Ortsvorsteher von Zarten und fr\u00fcheren Gemeinderat Friedrich Heizler. Der 1935 geborene <a title=\"Buchenbach\" href=\"https:\/\/www.freiburg-schwarzwald.de\/blog\/regio\/orte\/buchenbach\/\">Ibent\u00e4ler<\/a> starb jetzt im Alter von 77 Jahren.\u00a0Friedrich Heizler war von 1975 bis 1989 Mitglied des Ortschaftsrates im Ortsteil Zarten, davon von 1980 bis 1984 als stellvertretender Ortsvorsteher und von 1984 bis 1989 als Ortsvorsteher. Von 1984 bis 2004 war er Mitglied im Gemeinderat<!--more--> der Gemeinde Kirchzarten und hier in verschiedenen Aussch\u00fcssen und Arbeitskreisen t\u00e4tig. B\u00fcrgermeister Andreas Hall betonte in seinem Nachruf: \u201eStets am Herzen lag Friedrich Heizler das Wohl der Gesamtgemeinde und des Ortsteils Zarten. Ob bei der Dorfentwicklungsplanung, dem Bau des Kindergartens oder der Verlegung der B 31 aus der Ortsmitte Zartens heraus \u2013 immer versp\u00fcrte er eine besondere Verantwortung f\u00fcr seine Heimat und seine Mitb\u00fcrger.\u201c Dieser Verantwortung sei er durch sein au\u00dfergew\u00f6hnliches ehrenamtliches Engagement in der Kommunalpolitik wie auch in zahlreichen Vereinen wie dem DRK Zarten, wo er 41 Jahre aktiv war, dem M\u00e4nnergesangverein \u201eLiederkranz\u201c oder der Feuerwehr mehr als gerecht geworden. \u201eFriedrich Heizler war ein sehr bodenst\u00e4ndiger Mensch mit starker Verwurzelung in seiner Heimat\u201c, so Hall weiter. \u201eEr konnte mit viel Durchsetzungsverm\u00f6gen f\u00fcr seine Ideen eintreten, gleichzeitig zeigte er aber auch viel Humor und Herzlichkeit.\u201c Als Dank und Anerkennung f\u00fcr seine Verdienste verlieh ihm die Gemeinde Kirchzarten im Jahr 1998 die \u201eGoldene Ehrennadel\u201c. Der Gemeinderat und die B\u00fcrgerschaft werden den Verstorbenen in bleibender Erinnerung behalten. Und auch die Redaktion des \u201eDreisamt\u00e4ler\u201c dr\u00fcckt der Familie Heizler ihr tiefes Mitgef\u00fchl aus, nahm Friedrich Heizler doch immer regen Anteil an ihrer journalistischen Arbeit.<\/p>\n<div id=\"attachment_14899\" style=\"width: 124px\" class=\"wp-caption alignnone\"><a href=\"https:\/\/www.freiburg-schwarzwald.de\/blog\/friedrich-heizler-in-zarten-tot\/heizler-friedrich1210\/\" rel=\"attachment wp-att-14899\"><img loading=\"lazy\" decoding=\"async\" aria-describedby=\"caption-attachment-14899\" class=\"size-thumbnail wp-image-14899\" title=\"heizler-friedrich1210\" src=\"https:\/\/www.freiburg-schwarzwald.de\/blog\/wp-content\/uploads\/2012\/11\/heizler-friedrich1210-114x180.jpg\" alt=\"\" width=\"114\" height=\"180\" srcset=\"https:\/\/www.freiburg-schwarzwald.de\/blog\/wp-content\/uploads\/2012\/11\/heizler-friedrich1210-114x180.jpg 114w, https:\/\/www.freiburg-schwarzwald.de\/blog\/wp-content\/uploads\/2012\/11\/heizler-friedrich1210.jpg 408w\" sizes=\"auto, (max-width: 114px) 100vw, 114px\" \/><\/a><p id=\"caption-attachment-14899\" class=\"wp-caption-text\">Friedrich Heizler aus dem Ibental<\/p><\/div>\n<p>Friedrich Heizler war ein fr\u00f6hlicher Mensch, der sich \u00fcber gelungene Werke freuen konnte \u2013 wie auf dem Archivbild nach der Fertigstellung des Grillplatzes \u201eRumpele\u201c an der alten B 31.\u00a0Foto: Gerhard L\u00fcck<br \/>\n9.11.2012, <a href=\"https:\/\/www.dreisamtaeler.de\">www.dreisamtaeler.de<\/a> , Gerhard L\u00fcck<\/p>\n","protected":false},"excerpt":{"rendered":"<p>Die Gemeinde Kirchzarten trauert mit den Familienangeh\u00f6rigen und B\u00fcrgern um ihren Tr\u00e4ger der \u201eGoldenen Ehrennadel\u201c, ehemaligen Ortsvorsteher von Zarten und fr\u00fcheren Gemeinderat Friedrich Heizler. Der 1935 geborene Ibent\u00e4ler starb jetzt im Alter von 77 Jahren.\u00a0Friedrich Heizler war von 1975 bis &hellip; <a href=\"https:\/\/www.freiburg-schwarzwald.de\/blog\/friedrich-heizler-in-zarten-tot\/\">Weiterlesen <span class=\"meta-nav\">&rarr;<\/span><\/a><\/p>\n","protected":false},"author":4,"featured_media":0,"comment_status":"open","ping_status":"closed","sticky":false,"template":"","format":"standard","meta":{"footnotes":""},"categories":[54,235],"tags":[388,463],"class_list":["post-14898","post","type-post","status-publish","format-standard","hentry","category-ehrenamt","category-geschichte","tag-social","tag-tod"],"_links":{"self":[{"href":"https:\/\/www.freiburg-schwarzwald.de\/blog\/wp-json\/wp\/v2\/posts\/14898","targetHints":{"allow":["GET"]}}],"collection":[{"href":"https:\/\/www.freiburg-schwarzwald.de\/blog\/wp-json\/wp\/v2\/posts"}],"about":[{"href":"https:\/\/www.freiburg-schwarzwald.de\/blog\/wp-json\/wp\/v2\/types\/post"}],"author":[{"embeddable":true,"href":"https:\/\/www.freiburg-schwarzwald.de\/blog\/wp-json\/wp\/v2\/users\/4"}],"replies":[{"embeddable":true,"href":"https:\/\/www.freiburg-schwarzwald.de\/blog\/wp-json\/wp\/v2\/comments?post=14898"}],"version-history":[{"count":0,"href":"https:\/\/www.freiburg-schwarzwald.de\/blog\/wp-json\/wp\/v2\/posts\/14898\/revisions"}],"wp:attachment":[{"href":"https:\/\/www.freiburg-schwarzwald.de\/blog\/wp-json\/wp\/v2\/media?parent=14898"}],"wp:term":[{"taxonomy":"category","embeddable":true,"href":"https:\/\/www.freiburg-schwarzwald.de\/blog\/wp-json\/wp\/v2\/categories?post=14898"},{"taxonomy":"post_tag","embeddable":true,"href":"https:\/\/www.freiburg-schwarzwald.de\/blog\/wp-json\/wp\/v2\/tags?post=14898"}],"curies":[{"name":"wp","href":"https:\/\/api.w.org\/{rel}","templated":true}]}}