{"id":14881,"date":"2012-11-09T12:50:10","date_gmt":"2012-11-09T11:50:10","guid":{"rendered":"https:\/\/www.freiburg-schwarzwald.de\/blog\/?p=14881"},"modified":"2012-11-09T12:50:10","modified_gmt":"2012-11-09T11:50:10","slug":"nibelungenlied-in-himmelreich","status":"publish","type":"post","link":"https:\/\/www.freiburg-schwarzwald.de\/blog\/nibelungenlied-in-himmelreich\/","title":{"rendered":"Nibelungenlied in Himmelreich"},"content":{"rendered":"<p>Das Nibelungenlied z\u00e4hlt zu den ergreifendsten Dichtungen der <a title=\"Literatur\" href=\"https:\/\/www.freiburg-schwarzwald.de\/blog\/kultur\/dichter\/literatur\/\" target=\"_blank\">Weltliteratur<\/a>. Es entfaltet aber seine volle Wirkung nicht, wenn man es liest, sondern erst, wenn man es vorgetragen h\u00f6rt. Dieses literarische Ereignis ganz besonderer Art pr\u00e4sentiert auf Einladung der Integrativen Akademie <a title=\"Himmelreich\" href=\"https:\/\/www.freiburg-schwarzwald.de\/blog\/selbsthilfe\/behinderung\/himmelreich\/\" target=\"_blank\">Himmelreich<\/a> Prof. Konrad Kunze am Donnerstag, dem 15. November 2012 um 19 Uhr in der Faulerstube im Hofgut Himmelreich. Prof. Kunze lehrte bis zu seiner Emeritierung deutsche Sprache und \u00e4ltere deutsche Literatur an der Universit\u00e4t Freiburg. <!--more-->Zahlreiche Publikationen zur mittelalterlichen Kunst und Literatur, zur Sprachgeschichte, Dialektologie und Namenkunde haben seinen hervorragenden Ruf in der wissenschaftlichen Welt begr\u00fcndet. Einer breiten \u00d6ffentlichkeit ist er als Namensforscher bekannt. Im Himmelreich bietet Prof Kunze nun das Nibelungenlied in moderner \u00dcbersetzung mit kleinen mittelhochdeutschen Kostproben mit eindrucksvollen Szenen wie Kriemhilds Falkentraum, Gunthers Hochzeitsnacht, der Streit der K\u00f6niginnen vor dem Dom zu Worms, Siegfrieds Ermordung, Hagen und die Donaunixen, Giselhers Verlobung oder der Untergang der Nibelungen.\u00a0Der Eintritt kostet zehn Euro. Eine Anmeldung direkt im Gasthaus Himmelreich unter Telefon 07661 98620 ist wegen des begrenzten Platzangebotes sehr ratsam.<br \/>\n9.11.2012, gerhard L\u00fcck, <a href=\"https:\/\/www.dreisamtaeler.de\">www.dreisamtaeler.de<\/a><\/p>\n<p>&nbsp;<\/p>\n","protected":false},"excerpt":{"rendered":"<p>Das Nibelungenlied z\u00e4hlt zu den ergreifendsten Dichtungen der Weltliteratur. Es entfaltet aber seine volle Wirkung nicht, wenn man es liest, sondern erst, wenn man es vorgetragen h\u00f6rt. Dieses literarische Ereignis ganz besonderer Art pr\u00e4sentiert auf Einladung der Integrativen Akademie Himmelreich &hellip; <a href=\"https:\/\/www.freiburg-schwarzwald.de\/blog\/nibelungenlied-in-himmelreich\/\">Weiterlesen <span class=\"meta-nav\">&rarr;<\/span><\/a><\/p>\n","protected":false},"author":4,"featured_media":0,"comment_status":"open","ping_status":"closed","sticky":false,"template":"","format":"standard","meta":{"footnotes":""},"categories":[18,50,98],"tags":[722,443],"class_list":["post-14881","post","type-post","status-publish","format-standard","hentry","category-bildung","category-dreisamtal","category-literatur","tag-literatur","tag-termin"],"_links":{"self":[{"href":"https:\/\/www.freiburg-schwarzwald.de\/blog\/wp-json\/wp\/v2\/posts\/14881","targetHints":{"allow":["GET"]}}],"collection":[{"href":"https:\/\/www.freiburg-schwarzwald.de\/blog\/wp-json\/wp\/v2\/posts"}],"about":[{"href":"https:\/\/www.freiburg-schwarzwald.de\/blog\/wp-json\/wp\/v2\/types\/post"}],"author":[{"embeddable":true,"href":"https:\/\/www.freiburg-schwarzwald.de\/blog\/wp-json\/wp\/v2\/users\/4"}],"replies":[{"embeddable":true,"href":"https:\/\/www.freiburg-schwarzwald.de\/blog\/wp-json\/wp\/v2\/comments?post=14881"}],"version-history":[{"count":0,"href":"https:\/\/www.freiburg-schwarzwald.de\/blog\/wp-json\/wp\/v2\/posts\/14881\/revisions"}],"wp:attachment":[{"href":"https:\/\/www.freiburg-schwarzwald.de\/blog\/wp-json\/wp\/v2\/media?parent=14881"}],"wp:term":[{"taxonomy":"category","embeddable":true,"href":"https:\/\/www.freiburg-schwarzwald.de\/blog\/wp-json\/wp\/v2\/categories?post=14881"},{"taxonomy":"post_tag","embeddable":true,"href":"https:\/\/www.freiburg-schwarzwald.de\/blog\/wp-json\/wp\/v2\/tags?post=14881"}],"curies":[{"name":"wp","href":"https:\/\/api.w.org\/{rel}","templated":true}]}}