{"id":148551,"date":"2026-05-01T10:49:23","date_gmt":"2026-05-01T08:49:23","guid":{"rendered":"https:\/\/www.freiburg-schwarzwald.de\/blog\/?p=148551"},"modified":"2026-05-01T10:58:49","modified_gmt":"2026-05-01T08:58:49","slug":"1-mai-gegen-staatsprofiteure","status":"publish","type":"post","link":"https:\/\/www.freiburg-schwarzwald.de\/blog\/1-mai-gegen-staatsprofiteure\/","title":{"rendered":"1. Mai: Gegen Staatsprofiteure"},"content":{"rendered":"<p>Zum heutigen 1. Mai 2026 halten die <a href=\"https:\/\/www.freiburg-schwarzwald.de\/blog\/vereine\/gewerkschaften\/\">Gewerkschaften<\/a> ihre Reden unter dem Motto <em>&#8222;Erst unsere Job, dann eure Profite&#8220;<\/em>, wobei mit <em>&#8222;eure&#8220;<\/em> die <a href=\"https:\/\/www.freiburg-schwarzwald.de\/blog\/business\/industrie\/mittelstand\/unternehmer\/\">Firmenchefs<\/a> des <a href=\"https:\/\/www.freiburg-schwarzwald.de\/blog\/engagement\/buerger\/privat\/\">privaten Sektors<\/a> gemeint sind. Doch diese sind &#8211; der <a href=\"https:\/\/www.freiburg-schwarzwald.de\/blog\/business\/industrie\/deindustrialisierung\/\">Deindustrialisierung<\/a> geschuldet &#8211; immer h\u00e4ufiger ins Ausland gegangen oder im Inland geblieben <a href=\"https:\/\/www.freiburg-schwarzwald.de\/blog\/business\/industrie\/mittelstand\/insolvenz\/\">insolvent<\/a>. <!--more--><em>&#8222;eure&#8220;<\/em> m\u00fcssten die <a href=\"https:\/\/www.freiburg-schwarzwald.de\/blog\/engagement\/zukunft\/demokratie\/staatsapparat\/\">\u00f6ffentlichen H\u00e4nde<\/a> (<a href=\"https:\/\/www.freiburg-schwarzwald.de\/blog\/engagement\/zukunft\/demokratie\/staat\">staatlichen<\/a> Institutionen und ihre <a href=\"https:\/\/www.freiburg-schwarzwald.de\/blog\/vereine\/ngo\/ngo-komplex\/\">NGOs<\/a>) sein.<br \/>\n.<br \/>\nIn seiner Rede zum 1. Mai m\u00fcsste ein Gewerkschaftler wie folgt sprechen:<br \/>\n&#8222;Wir verteidigen Arbeit gegen einen Staat, der <a href=\"https:\/\/www.freiburg-schwarzwald.de\/blog\/selbsthilfe\/soziales\/arbeit\/\">Arbeit<\/a> zu teuer macht.<br \/>\nWir verteidigen Industrie gegen eine Politik, die <a href=\"https:\/\/www.freiburg-schwarzwald.de\/blog\/energie\/energiewende\/energiewende-gescheitert\/\">Energie<\/a> verteuert.<br \/>\nWir verteidigen das Sozialsystem gegen eine Toleranz, die Schmarotzer f\u00f6rdert.<br \/>\nWir verteidigen Betriebe gegen eine <a href=\"https:\/\/www.freiburg-schwarzwald.de\/blog\/engagement\/zukunft\/demokratie\/buerokratie\/\">B\u00fcrokratie<\/a>, die jeden produktiven Vorgang mit Nachweispflichten \u00fcberzieht.<br \/>\nWir verteidigen L\u00f6hne gegen ein Abgabensystem, das aus jeder Lohnerh\u00f6hung ein <a href=\"https:\/\/www.freiburg-schwarzwald.de\/blog\/selbsthilfe\/soziales\/arbeit\/arbeiten-lohnt-nicht\/\">Abgabenplus<\/a> f\u00fcr den Fiskus macht.&#8220;<br \/>\n.<br \/>\nDas w\u00e4re eine moderne <a href=\"https:\/\/www.freiburg-schwarzwald.de\/blog\/selbsthilfe\/soziales\/arbeit\/arbeiter\/\">Arbeiterbewegung<\/a>, die einen Aufstand gegen die durch den Staat vorgenommene Entwertung <a href=\"https:\/\/www.freiburg-schwarzwald.de\/blog\/selbsthilfe\/soziales\/arbeit\/arbeitsproduktivitaet\/\">produktiver Arbeit<\/a> veranstaltet. Stattdessen verharren die Gewerkschaften in <a href=\"https:\/\/www.freiburg-schwarzwald.de\/blog\/engagement\/zukunft\/demokratie\/staat\/ideologiestaat\/\">Staatsn\u00e4he<\/a> und <a href=\"https:\/\/www.freiburg-schwarzwald.de\/blog\/global\/deutschland\/gesellschaft\/untertan\/\">Staatsabh\u00e4ngigkeit<\/a> sowie in der Verfilzung mit den vom Staat finanzierten <a href=\"https:\/\/www.freiburg-schwarzwald.de\/blog\/vereine\/ngo\/\">NGOs<\/a>. Holger Douglas formuliert diese &#8222;gro\u00dfe Lebensl\u00fcge der Gewerkschaften&#8220; in seinem 20-min\u00fctigen <a href=\"https:\/\/www.freiburg-schwarzwald.de\/blog\/kultur\/medien\/radio\/podcast\/\">Podcast<\/a> vom <a href=\"https:\/\/www.freiburg-schwarzwald.de\/blog\/kultur\/medien\/alternative-medien\/\">TE-Wecker<\/a> (siehe Anlage (1) unten). <a href=\"https:\/\/www.youtube.com\/watch?v=lmnIW7VhIDM\">https:\/\/www.youtube.com\/watch?v=lmnIW7VhIDM<\/a>\u00a0 \u00a0(20 min, die lohnen)<\/p>\n<p>Mit ihren heutigen Forderungen an die Arbeitgeber f\u00fcllen die Gewerkschaften nur die <a href=\"https:\/\/www.freiburg-schwarzwald.de\/blog\/engagement\/zukunft\/demokratie\/staatsapparat\/\">Staatskasse<\/a>, letztendlich &#8211; und darin liegt die derzeitige Tragik &#8211; auf Kosten der <a href=\"https:\/\/www.freiburg-schwarzwald.de\/blog\/selbsthilfe\/soziales\/arbeit\/job\/\">Arbeitnehmer<\/a>.<br \/>\n1.5.2026<br \/>\n.<br \/>\nEnde von Beitrag &#8222;1. Mai: Gegen Staatsprofiteure&#8220;<br \/>\n=============================================================<br \/>\nBeginn von Anlagen (1) &#8211;<br \/>\n.<br \/>\n.<br \/>\n<strong>(1) Der 1. Mai und die gro\u00dfe Lebensl\u00fcge der Gewerkschaften <\/strong><br \/>\n<strong>\u2013 TE-Wecker am 1. Mai 2026<\/strong><br \/>\nEine ungehaltene Rede. Die Gewerkschaften rufen am 1. Mai zum Kampf gegen Profite auf. Doch sie m\u00fcssten eigentlich gegen eine Politik auf die Stra\u00dfe gehen, die Energie verteuert, den Lohnzettel mit Abgaben spickt und Betriebe mit B\u00fcrokratie erdr\u00fcckt. Ohne billige Energie gibt es keine Industrie. Ohne Industrie keine sicheren Jobs. Ohne Strom keine Arbeit: Was die Gewerkschaften peinlich versch\u00e4mt verschweigen.<br \/>\n<a href=\"https:\/\/www.youtube.com\/watch?v=lmnIW7VhIDM\">https:\/\/www.youtube.com\/watch?v=lmnIW7VhIDM<\/a>\u00a0 \u00a0(20 min)<\/p>\n<p>&#8230; Alles vom 1.5.2026 von Holger Douglas bitte lesen auf<br \/>\n<a href=\"https:\/\/www.tichyseinblick.de\/podcast\/te-wecker-am-1-mai-2026\/\">https:\/\/www.tichyseinblick.de\/podcast\/te-wecker-am-1-mai-2026\/<\/a><br \/>\n.<br \/>\nEinige Kommentare<br \/>\nAlles Funktion\u00e4re, bei den Gewerkschaften, sowie bei den Arbeitgeberverb\u00e4nden, alle haben diese unsinnige gr\u00fcne Energiewende beklatscht. Danke an das Tichy-Team. Mit diesem Beitrag ist alles gesagt. Allen noch einen sch\u00f6nen 1. Mai. Christel<br \/>\n.<br \/>\nSehr gute historische Zusammenfassung zum einst k\u00e4mpferischen 1. Mai Tag. Und absolut zutreffend, dass heutzutage nicht der &#8222;Unternehmer-Boss&#8220; der B\u00f6sewicht ist, sondern der Staat und EU mit falscher (samt Energie) Politik die Arbeitspl\u00e4tze kaputt macht und damit die einzig richtige Protest Adresse w\u00e4re. Woga<br \/>\n.<br \/>\nAber der Staat ist nicht mehr lange der Profiteur der Arbeit. Er s\u00e4gt den Ast ab, auf den er sitzt. Ich bin 1962 geboren, in der Vergangenheit hatte ich noch Respekt vor den Gewerkschaften, und auch Respekt vor Politikern und unsere Justiz. Im Leben h\u00e4tte ich mir nicht tr\u00e4umen lassen, was aus unserem sch\u00f6nen Land geworden ist Lulu<br \/>\n.<br \/>\nSuper! Ob sie es glauben oder nicht, das habe ich den Gewerkschaftern schon 1980 vorgeworfen. Ihr helft mit euren Forderungen gegen den Arbeitgeber nur der Staatskasse. Der Arbeitgeber muss mehr bezahlen um die Kaufkraft des Arbeitnehmers zu erhalten und der Staatsapparat kassiert ab.<br \/>\n.<br \/>\nWo war der Protest der Gewerkschaften als der Kanzler die Arbeitnehmer als faul beschimpft hat. Es sind die Arbeitnehmer die tagt\u00e4glich ihr Tagewerk verrichten und f\u00fcr Steuereinnahmen sorgen. Und das trotz Jahrzehnte langem Regierungs-Murks in Form von \u00fcberbordender Staats-B\u00fcrokratie, unsinnigen und \u00fcberzogenen staatlichen Vorschriften und tr\u00e4gen oder unt\u00e4tigen Beh\u00f6rden. Bis heute hat sich Merz noch nicht daf\u00fcr entschuldigt. Und die Gewerkschaften nehmen diese Missst\u00e4nde einfach so hin. J\u00fcrgen<br \/>\n.<br \/>\nDie Gewerkschaften haben, wie die Politik, ihre Werte der Machtgier und Korruption geopfert. In dieser Form ist beides nicht mehr n\u00f6tig. TillEisenspiegel<br \/>\n.<br \/>\nDie Sozialisten, die sich immer als Freund der Arbeiterschafft in Szene setzten, sind heute als bestimmender Teil eines politischen Kartells, ihr gr\u00f6\u00dfter Feind.<br \/>\nDieses Kartell will keine wirtschaftliche Prosperit\u00e4t, sondern als \u00fcberbordender Willk\u00fcrstaat eine arme Bev\u00f6lkerung und die totale Kontrolle. KarlGronauer<br \/>\nEnde Kommentare<\/p>\n","protected":false},"excerpt":{"rendered":"<p>Zum heutigen 1. Mai 2026 halten die Gewerkschaften ihre Reden unter dem Motto &#8222;Erst unsere Job, dann eure Profite&#8220;, wobei mit &#8222;eure&#8220; die Firmenchefs des privaten Sektors gemeint sind. Doch diese sind &#8211; der Deindustrialisierung geschuldet &#8211; immer h\u00e4ufiger ins &hellip; <a href=\"https:\/\/www.freiburg-schwarzwald.de\/blog\/1-mai-gegen-staatsprofiteure\/\">Weiterlesen <span class=\"meta-nav\">&rarr;<\/span><\/a><\/p>\n","protected":false},"author":2,"featured_media":0,"comment_status":"open","ping_status":"closed","sticky":false,"template":"","format":"standard","meta":{"footnotes":""},"categories":[79,355,4,36,22,24,9],"tags":[382,713,426,318,745],"class_list":["post-148551","post","type-post","status-publish","format-standard","hentry","category-arbeit","category-buergerinitiativen","category-branchen","category-engagement","category-handwerk","category-industrie","category-soziales","tag-arbeit-working","tag-industrie","tag-job","tag-kunsthandwerk","tag-wirtschaft"],"_links":{"self":[{"href":"https:\/\/www.freiburg-schwarzwald.de\/blog\/wp-json\/wp\/v2\/posts\/148551","targetHints":{"allow":["GET"]}}],"collection":[{"href":"https:\/\/www.freiburg-schwarzwald.de\/blog\/wp-json\/wp\/v2\/posts"}],"about":[{"href":"https:\/\/www.freiburg-schwarzwald.de\/blog\/wp-json\/wp\/v2\/types\/post"}],"author":[{"embeddable":true,"href":"https:\/\/www.freiburg-schwarzwald.de\/blog\/wp-json\/wp\/v2\/users\/2"}],"replies":[{"embeddable":true,"href":"https:\/\/www.freiburg-schwarzwald.de\/blog\/wp-json\/wp\/v2\/comments?post=148551"}],"version-history":[{"count":3,"href":"https:\/\/www.freiburg-schwarzwald.de\/blog\/wp-json\/wp\/v2\/posts\/148551\/revisions"}],"predecessor-version":[{"id":148554,"href":"https:\/\/www.freiburg-schwarzwald.de\/blog\/wp-json\/wp\/v2\/posts\/148551\/revisions\/148554"}],"wp:attachment":[{"href":"https:\/\/www.freiburg-schwarzwald.de\/blog\/wp-json\/wp\/v2\/media?parent=148551"}],"wp:term":[{"taxonomy":"category","embeddable":true,"href":"https:\/\/www.freiburg-schwarzwald.de\/blog\/wp-json\/wp\/v2\/categories?post=148551"},{"taxonomy":"post_tag","embeddable":true,"href":"https:\/\/www.freiburg-schwarzwald.de\/blog\/wp-json\/wp\/v2\/tags?post=148551"}],"curies":[{"name":"wp","href":"https:\/\/api.w.org\/{rel}","templated":true}]}}