{"id":148495,"date":"2026-04-29T20:42:41","date_gmt":"2026-04-29T18:42:41","guid":{"rendered":"https:\/\/www.freiburg-schwarzwald.de\/blog\/?p=148495"},"modified":"2026-04-29T22:00:32","modified_gmt":"2026-04-29T20:00:32","slug":"european-peace-project-9-5-2026","status":"publish","type":"post","link":"https:\/\/www.freiburg-schwarzwald.de\/blog\/european-peace-project-9-5-2026\/","title":{"rendered":"European Peace Project 9.5.2026"},"content":{"rendered":"<p>Am 9. Mai ist Europatag &#8211; Tag der Befreiung. Nach dem <a href=\"https:\/\/www.freiburg-schwarzwald.de\/blog\/european-peace-project-9-mai\/\">letztj\u00e4hrigen Start<\/a> am 9.5. 2025 wird das &#8222;European Peace Project&#8220; zum zweiten Mal durchgef\u00fchrt: Am 9.5.2026 um 17 Uhr verlesen <a href=\"https:\/\/www.freiburg-schwarzwald.de\/blog\/engagement\/zukunft\/frieden\/friedenstuechtig\/\">friedliebende<\/a> Menschen an zahlreichen Orten in <a href=\"https:\/\/www.freiburg-schwarzwald.de\/blog\/global\/eu\/europa-nationen\/\">Europa<\/a> den Text des in (1) wiedergegebenen Manifests. In ihren Sprachen. In dem von ihnen gestaltenen Rahmen.<!--more-->.<\/p>\n<p>Im Beitrag &#8222;Europa am Abgrund: Kriegsvorbereitungen auf ALLEN Ebenen&#8220; (2) spricht Pascal Lottaz mit <a href=\"https:\/\/www.freiburg-schwarzwald.de\/blog\/engagement\/zukunft\/guerot\/\">Prof. Ulrike Gu\u00e9rot<\/a>. Einige Statements von Guerot:<br \/>\n&#8222;Deutschland als Kernland der EU ist geradezu hypnotisiert von der Idee &#8222;Wir gehen in den Krieg mit Russland&#8220;.<br \/>\nAuch in der evangelischen Kirche ist die Idee vom kommenden Krieg mit Russland vorherrschend.<br \/>\nPastoren wie J\u00fcrgen Fliege tun sich schwer und werden geradezu sanktioniert von der Amtskirche.<br \/>\nIn meiner Heimatstadt Grevenbroich spricht man \u00fcber die Einstellung zus\u00e4tzlicher Seelsorger, da diese im Krieg mit Russland gebraucht werden.<\/p>\n<p>Es existiert ein 26-seitiges PDF mit Texten von evangelischen Kritikern.<br \/>\nDeutschland ist Drehkreuz. Wir haben <a href=\"https:\/\/www.freiburg-schwarzwald.de\/blog\/global\/usa\/ramstein\/\">Ramstein<\/a> und sind in der operativen Planung des Kriegs.<br \/>\nDie Mehrheit der Deutschen ist gegen den Krieg. Aber das reicht nicht gegen die 20-25% <a href=\"https:\/\/www.freiburg-schwarzwald.de\/blog\/engagement\/zukunft\/krieg\/kriegstreiber\/\">Kriegstreibenden<\/a>. Auch deshalb ist das \u201eEuropean Peace Project\u201c so wichtig.<br \/>\nNach dem US-amerikanischen R\u00fcckzug: Ein <a href=\"https:\/\/www.freiburg-schwarzwald.de\/blog\/global\/deutschland\/neutral\/\">neutrales Deutschland<\/a> ist DIE Alternative.&#8220;<br \/>\n29.4.2026<br \/>\n.<br \/>\nEnde von Beitrag &#8222;European Peace Project 9.5.2026&#8220; =============================================================<br \/>\nBeginn von Anlagen (1) &#8211; (2)<br \/>\n.<\/p>\n<p><strong>(1) Manifest 9. Mai 2026 &#8211; European Peace Project 2026<\/strong><br \/>\nAm Samstag 9. Mai um 17.00 Uhr \u2013 ist es Zeit, ein Zeichen f\u00fcr die friedliche Zukunft Europas zu setzen! Wenn die EU und ihre nationalen Regierungen uns in einen Krieg gegen Russland f\u00fchren wollen, verraten sie alle europ\u00e4ischen Grundprinzipien von Frieden, Demokratie, Freiheit und V\u00f6lkerverst\u00e4ndigung! Daher nehmen wir, die B\u00fcrgerinnen und B\u00fcrger Europas, die Zukunft dieses wunderbaren Kontinents selbst in die Hand!<br \/>\nWir starten hiermit das European Peace Project. Am 9.Mai 2026 um 17 Uhr lasst uns alle gemeinsam zeitgleich in allen L\u00e4ndern auf dem europ\u00e4ischen Kontinent und in allen europ\u00e4ischen Sprachen mit einem performativen Sprechakt aus unseren Fenstern, auf unseren Balkonen und auf unseren Pl\u00e4tzen den FRIEDEN ausrufen! Danach lasst uns feiern!<br \/>\n<a href=\"https:\/\/europeanpeaceproject.eu\/\">https:\/\/europeanpeaceproject.eu\/<\/a><br \/>\n.<br \/>\n<em>Beginn Manifest:<\/em><br \/>\n<em>Heute, am 9. Mai 2026 \u2013 mehr als 80 Jahre nach dem Ende des Zweiten Weltkriegs in Europa, der 60 Millionen Menschen das Leben kostete, darunter 27 Millionen Sowjetb\u00fcrgern, erheben wir, die B\u00fcrgerinnen und B\u00fcrger Europas, erneut unsere Stimmen!<\/em><br \/>\n<em>Wir verfolgen mit Sorge, dass die meisten europ\u00e4ischen Regierungen und die EU seit unserer Ausrufung im letzten Jahr den Weg der Diplomatie mit Russland zur Beendigung des NATO-Stellvertreterkrieges in der Ukraine immer noch nicht einschlagen wollen.<br \/>\n<\/em><br \/>\n<em>Wir sind entsetzt, dass ein Krieg, der milit\u00e4risch l\u00e4ngst entschieden ist und der schon zu vielen Menschen auf beiden Seiten der Front das Leben gekostet hat, weiter verl\u00e4ngert wird, in dem wahnwitzigen Versuch, Russland zu \u201eruinieren\u201c oder Zeit f\u00fcr den augenblicklichen Poker um die Neuaufteilung der Welt zu schinden.<\/em><br \/>\n<em>Wir betrauern die gr\u00f6\u00dfer werdenden Soldatengr\u00e4ber dieses sinnlosen Krieges in der Ukraine, der Europa heute zerfurcht und erinnern laut:<\/em><\/p>\n<p><em>Europa muss einstehen f\u00fcr: Nie wieder Krieg!<\/em><br \/>\n<em>Mit Fassungslosigkeit haben wir verfolgt, dass die EU, die sich stets ihrer Rechtsstaatlichkeit r\u00fchmt, ernsthaft die v\u00f6lkerrechtswidrige Konfiszierung russischer Verm\u00f6gen in Europa erwogen hat. Wir sind alarmiert, dass die EU inzwischen unbescholtenen B\u00fcrgern, kritischen Buchautoren und Journalisten die B\u00fcrgerrechte entzieht, auf extra-legale Sanktionslisten setzt und damit Rechtsstaat und Meinungsfreiheit in Europa auf unertr\u00e4gliche Weise sch\u00e4digt!<br \/>\n<\/em><br \/>\n<em>Wir sch\u00fctteln den Kopf \u00fcber unsere Regierungen, Parlamente und neuerdings Gerichte, die nunmehr offiziell, aber gegen jede Evidenz die Sprengung der North Stream Pipeline ukrainischen T\u00e4tern zurechnen, weil niemand in der Bundesregierung in Deutschland oder anderen Ortens in Europa den Mumm hat, die USA als Drahtzieher dieses Terroranschlages zu benennen.<br \/>\n<\/em><br \/>\n<em>Wir sind irritiert, dass der gesamte EU-Beamtenapparat, in Verbindung mit den EU-Mitgliedsstaaten es bisher nicht geschafft hat, der neuen US-Sicherheitsstrategie eine geeinte, tragf\u00e4hige und zukunftsweisende europ\u00e4ische Antwort entgegenzusetzen.<\/em><br \/>\n<em>Schluss mit der Unterw\u00fcrfigkeit der EU, sowie der europ\u00e4ischen Regierungen gegen\u00fcber den USA, welche internationales Recht in Venezuela oder Iran mit F\u00fc\u00dfen tritt und Europa verh\u00f6hnt. Die sogenannte westliche Weltordnung ist an ihren eigenen Doppelstandards zerbrochen.<\/em><\/p>\n<p>Wir brauchen ein neutrales, von den USA emanzipiertes Europa, das seine ureigenen Interessen formuliert und eine vermittelnde Rolle in einer multipolaren Welt einnimmt. Gemeinsam mit den BRICS-Staaten muss Europa das V\u00f6lkerrecht und die UN-Charta st\u00e4rken und eine Br\u00fccke zwischen Ost und West bilden!<\/p>\n<p><em>Wir, die B\u00fcrger Europas, nehmen darum unsere Geschicke und unsere Geschichte selbst in die Hand. Wir haben mit portugiesischen Freunden eine European Citizens Conference for Peace ins Leben gerufen.<\/em><br \/>\n<em>Wir treten f\u00fcr eine neue Europ\u00e4ische Sicherheitsarchitektur mit Russland ein. Wir strecken den B\u00fcrgerinnen und B\u00fcrgern der Ukraine und Russlands die Hand aus. Ihr geh\u00f6rt zur europ\u00e4ischen Familie!<br \/>\n<\/em><br \/>\n<em>Wir, die B\u00fcrger Europas, erkl\u00e4ren hiermit: Wir sind nicht im Krieg, weder mit Russland noch mit irgendjemandem sonst! Wir machen bei den zunehmend absurden Kriegsspielen nicht mit und wir werden jeden Tag mehr! Wir machen aus unseren M\u00e4nnern und S\u00f6hnen keine Soldaten, aus unseren T\u00f6chtern keine Schwestern im Lazarett und aus unseren L\u00e4ndern keine Schlachtfelder.<br \/>\n<\/em><br \/>\n<em>Wir werden nicht zusehen, wie unsere Zukunft und die unserer Kinder auf dem Altar der Machtpolitik geopfert werden und das sch\u00f6ne Europa sich selbst stranguliert!<\/em><br \/>\n<em>Es lebe Europa, es lebe der Friede, es lebe die Freiheit<\/em><br \/>\n<em>Ende Manifest<\/em><br \/>\n.<br \/>\n.<br \/>\n<strong>(2) Europa am Abgrund: Kriegsvorbereitungen auf ALLEN Ebenen<br \/>\nProf. Ulrike Gu\u00e9rot<\/strong><br \/>\nDeutschland unter Merz tut alles um Europa in einen Krieg mit Russland zu bringen. Die Vorbereitungen laufen bis in die Kirchen hinein und die Kriegspropaganda grassiert auf Hochtouren.<br \/>\nHeute spreche ich (Pascal Lottaz) mit Dr. Ulrike Gu\u00e9rot \u00fcber den be\u00e4ngstigenden Zustand der Deutschen und Europ\u00e4ischen Psyche zu Krieg und Frieden mit Russland.<br \/>\n<a href=\"https:\/\/www.youtube.com\/watch?v=c8ylh4Gqc1M\">https:\/\/www.youtube.com\/watch?v=c8ylh4Gqc1M<\/a><\/p>\n<p>Website EuropeanPeaceProject <a href=\"https:\/\/europeanpeaceproject.eu\/\">https:\/\/europeanpeaceproject.eu\/<\/a><br \/>\n[Umfangreiche Quellenangaben in der Youtube-Videobeschreibung]<br \/>\nNeutrality Studies Substack <a href=\"https:\/\/pascallottaz.substack.com\/\">https:\/\/pascallottaz.substack.com\/<\/a><br \/>\n&#8230; Alles vom 29.4.2026 bitte lesen auf<br \/>\n<a href=\"https:\/\/www.youtube.com\/watch?v=c8ylh4Gqc1M\">https:\/\/www.youtube.com\/watch?v=c8ylh4Gqc1M<\/a><br \/>\n.<br \/>\n<a href=\"https:\/\/neutralitystudies.com\/files\/bf432eef-5d0e-4c2c-a3fa-3bb390a14f0b-rahmenkonzept-ekd.pdf\">https:\/\/neutralitystudies.com\/files\/bf432eef-5d0e-4c2c-a3fa-3bb390a14f0b-rahmenkonzept-ekd.pdf<\/a><br \/>\n<a href=\"https:\/\/www.liber-net.org\">https:\/\/www.liber-net.org<\/a><br \/>\n.<br \/>\nNeues Buch:<br \/>\n<em>Deutschland neutral! &#8211; Mit Sicherheit f\u00fcr Frieden<\/em><br \/>\n<em>Sammelband mit 33 Autoren<\/em><br \/>\n<em>ISBN-13: 9783987913679<\/em><br \/>\n<em>224 Seiten, 24 Euro<br \/>\nWestend Verlag 4\/2026<br \/>\n<\/em><br \/>\n<em>Mit Beitr\u00e4gen von 33 Autoren: Dietrich Br\u00fcggemann, Arnulf Rating, Uli Gellermann, Albrecht M\u00fcller, Ulrike Gu\u00e9rot, Oskar Lafontaine, J\u00fcrgen Fliege, \u2026<\/em><br \/>\n<em>Inklusive eines Interviews mit <a href=\"https:\/\/www.freiburg-schwarzwald.de\/blog\/kultur\/medien\/meinungsfreiheit\/individual-sanktionen\/\">Jacques Baud<\/a>.<\/em><br \/>\n<em>Deutschlands Verwicklungen in unz\u00e4hlige Kriege, die fast ausschlie\u00dflich den geopolitischen Interessen der USA dienen, hat uns in eine Spirale der Gewalt gef\u00fchrt. Dies zu beenden liegt in unserem Interesse \u2013 vor allem auch in dem unserer Kinder. Ein neutrales Deutschland k\u00f6nnte hierf\u00fcr einen wichtigen Impuls setzen. Es wird Zeit f\u00fcr eine Neutralit\u00e4tsdebatte!<\/em><\/p>\n","protected":false},"excerpt":{"rendered":"<p>Am 9. Mai ist Europatag &#8211; Tag der Befreiung. Nach dem letztj\u00e4hrigen Start am 9.5. 2025 wird das &#8222;European Peace Project&#8220; zum zweiten Mal durchgef\u00fchrt: Am 9.5.2026 um 17 Uhr verlesen friedliebende Menschen an zahlreichen Orten in Europa den Text &hellip; <a href=\"https:\/\/www.freiburg-schwarzwald.de\/blog\/european-peace-project-9-5-2026\/\">Weiterlesen <span class=\"meta-nav\">&rarr;<\/span><\/a><\/p>\n","protected":false},"author":2,"featured_media":0,"comment_status":"open","ping_status":"closed","sticky":false,"template":"","format":"standard","meta":{"footnotes":""},"categories":[18,100,355,36,195,14,155,13,157,172],"tags":[751,813,489,520,667,525,373,796],"class_list":["post-148495","post","type-post","status-publish","format-standard","hentry","category-bildung","category-buch","category-buergerinitiativen","category-engagement","category-eu","category-global","category-integration","category-kultur","category-oeffentlicher-raum","category-zukunft","tag-bildung","tag-diplomatie","tag-european-union","tag-frieden","tag-krieg","tag-politik","tag-projekt","tag-ukraine"],"_links":{"self":[{"href":"https:\/\/www.freiburg-schwarzwald.de\/blog\/wp-json\/wp\/v2\/posts\/148495","targetHints":{"allow":["GET"]}}],"collection":[{"href":"https:\/\/www.freiburg-schwarzwald.de\/blog\/wp-json\/wp\/v2\/posts"}],"about":[{"href":"https:\/\/www.freiburg-schwarzwald.de\/blog\/wp-json\/wp\/v2\/types\/post"}],"author":[{"embeddable":true,"href":"https:\/\/www.freiburg-schwarzwald.de\/blog\/wp-json\/wp\/v2\/users\/2"}],"replies":[{"embeddable":true,"href":"https:\/\/www.freiburg-schwarzwald.de\/blog\/wp-json\/wp\/v2\/comments?post=148495"}],"version-history":[{"count":5,"href":"https:\/\/www.freiburg-schwarzwald.de\/blog\/wp-json\/wp\/v2\/posts\/148495\/revisions"}],"predecessor-version":[{"id":148514,"href":"https:\/\/www.freiburg-schwarzwald.de\/blog\/wp-json\/wp\/v2\/posts\/148495\/revisions\/148514"}],"wp:attachment":[{"href":"https:\/\/www.freiburg-schwarzwald.de\/blog\/wp-json\/wp\/v2\/media?parent=148495"}],"wp:term":[{"taxonomy":"category","embeddable":true,"href":"https:\/\/www.freiburg-schwarzwald.de\/blog\/wp-json\/wp\/v2\/categories?post=148495"},{"taxonomy":"post_tag","embeddable":true,"href":"https:\/\/www.freiburg-schwarzwald.de\/blog\/wp-json\/wp\/v2\/tags?post=148495"}],"curies":[{"name":"wp","href":"https:\/\/api.w.org\/{rel}","templated":true}]}}